{"id":100260,"date":"2022-05-20T10:58:12","date_gmt":"2022-05-20T10:58:12","guid":{"rendered":"https:\/\/www.asufin.com\/?p=100260"},"modified":"2022-05-20T10:58:14","modified_gmt":"2022-05-20T10:58:14","slug":"formamos-parte-del-grupo-asesor-de-la-comision-europea","status":"publish","type":"post","link":"https:\/\/staging.asufin.com\/staging\/formamos-parte-del-grupo-asesor-de-la-comision-europea\/","title":{"rendered":"Patricia Su\u00e1rez formar\u00e1 parte del grupo asesor financiero de la Comisi\u00f3n Europea"},"content":{"rendered":"\t\t<div data-elementor-type=\"wp-post\" data-elementor-id=\"100260\" class=\"elementor elementor-100260\">\n\t\t\t\t\t\t<section class=\"elementor-section elementor-top-section elementor-element elementor-element-c3d9bc3 elementor-section-boxed elementor-section-height-default elementor-section-height-default\" data-id=\"c3d9bc3\" data-element_type=\"section\">\n\t\t\t\t\t\t<div class=\"elementor-container elementor-column-gap-default\">\n\t\t\t\t\t<div class=\"elementor-column elementor-col-100 elementor-top-column elementor-element elementor-element-be8fcd0\" data-id=\"be8fcd0\" data-element_type=\"column\">\n\t\t\t<div class=\"elementor-widget-wrap elementor-element-populated\">\n\t\t\t\t\t\t<div class=\"elementor-element elementor-element-587f6f7 elementor-widget elementor-widget-text-editor\" data-id=\"587f6f7\" data-element_type=\"widget\" data-widget_type=\"text-editor.default\">\n\t\t\t\t<div class=\"elementor-widget-container\">\n\t\t\t\t\t\t\t\t\t<h4>Ha sido seleccionada para representar a los consumidores en la FSUG, organismo que asesorar\u00e1 al \u00e1rea financiera de la Comisi\u00f3n Europea en la elaboraci\u00f3n de normativa de alcance europeo<\/h4>\t\t\t\t\t\t\t\t<\/div>\n\t\t\t\t<\/div>\n\t\t\t\t\t<\/div>\n\t\t<\/div>\n\t\t\t\t\t<\/div>\n\t\t<\/section>\n\t\t\t\t<section class=\"elementor-section elementor-top-section elementor-element elementor-element-106df42 elementor-section-boxed elementor-section-height-default elementor-section-height-default\" data-id=\"106df42\" data-element_type=\"section\">\n\t\t\t\t\t\t<div class=\"elementor-container elementor-column-gap-default\">\n\t\t\t\t\t<div class=\"elementor-column elementor-col-100 elementor-top-column elementor-element elementor-element-98a71fa\" data-id=\"98a71fa\" data-element_type=\"column\">\n\t\t\t<div class=\"elementor-widget-wrap elementor-element-populated\">\n\t\t\t\t\t\t<div class=\"elementor-element elementor-element-9ecb746 elementor-widget elementor-widget-text-editor\" data-id=\"9ecb746\" data-element_type=\"widget\" data-widget_type=\"text-editor.default\">\n\t\t\t\t<div class=\"elementor-widget-container\">\n\t\t\t\t\t\t\t\t\t<p>Patricia Su\u00e1rez, presidenta de ASUFIN, <strong>ha sido designada para formar parte del <a href=\"https:\/\/ec.europa.eu\/info\/business-economy-euro\/banking-and-finance\/regulatory-process-financial-services\/expert-groups-comitology-and-other-committees\/financial-services-user-group-fsug_en#members\" target=\"_blank\" rel=\"noopener\">Grupo consultivo de servicios financieros (FSUG)<\/a> que asesora a la Comisi\u00f3n Europea <\/strong>en la elaboraci\u00f3n de pol\u00edticas con impacto en el consumo financiero.<\/p><p>Este organismo depende de la Direcci\u00f3n General de Estabilidad Financiera, Servicios Financieros y Uni\u00f3n de los Mercados de Capitales (DGFISMA), el \u00e1rea de pol\u00edtica financiera de la Comisi\u00f3n, y est\u00e1 formado por 20 expertos de toda la UE, designados para representar a los usuarios en las iniciativas regulatorias. \u00a0<\/p><p>Estamos ya presentes en buena parte de las instituciones y organismos regulatorios que marcan la pol\u00edtica europea en materia financiera. <a href=\"https:\/\/staging.asufin.com\/staging\/patricia-suarez-asufin-formara-parte-de-la-esma\/\" target=\"_blank\" rel=\"noopener\">El pasado mes de abril, Su\u00e1rez fue designada<\/a> miembro de la <strong>Autoridad Europea de Valores y Mercados (ESMA)<\/strong>, y en junio de 2020, se sum\u00f3 al Consejo Consultivo (BSG) de la <strong>Autoridad Bancaria Europea (EBA)<\/strong>.<\/p>\t\t\t\t\t\t\t\t<\/div>\n\t\t\t\t<\/div>\n\t\t\t\t\t<\/div>\n\t\t<\/div>\n\t\t\t\t\t<\/div>\n\t\t<\/section>\n\t\t\t\t<section class=\"elementor-section elementor-top-section elementor-element elementor-element-2ea815e elementor-section-boxed elementor-section-height-default elementor-section-height-default\" data-id=\"2ea815e\" data-element_type=\"section\">\n\t\t\t\t\t\t<div class=\"elementor-container elementor-column-gap-default\">\n\t\t\t\t\t<div class=\"elementor-column elementor-col-100 elementor-top-column elementor-element elementor-element-2dac489\" data-id=\"2dac489\" data-element_type=\"column\">\n\t\t\t<div class=\"elementor-widget-wrap elementor-element-populated\">\n\t\t\t\t\t\t<div class=\"elementor-element elementor-element-8a02beb elementor-widget elementor-widget-text-editor\" data-id=\"8a02beb\" data-element_type=\"widget\" data-widget_type=\"text-editor.default\">\n\t\t\t\t<div class=\"elementor-widget-container\">\n\t\t\t\t\t\t\t\t\t<h5><a href=\"https:\/\/staging.asufin.com\/staging\/fija-o-variable-que-hipoteca-elijo\/?utm_source=Sendgrid&amp;utm_medium=email&amp;utm_campaign=website\" target=\"_blank\" rel=\"noopener\">\u00bfPensando en cambiar tu hipoteca, afectada por el alza del Euribor? Sal de dudas aqu\u00ed<\/a><\/h5>\t\t\t\t\t\t\t\t<\/div>\n\t\t\t\t<\/div>\n\t\t\t\t\t<\/div>\n\t\t<\/div>\n\t\t\t\t\t<\/div>\n\t\t<\/section>\n\t\t\t\t<section class=\"elementor-section elementor-top-section elementor-element elementor-element-d9cce2e elementor-section-boxed elementor-section-height-default elementor-section-height-default\" data-id=\"d9cce2e\" data-element_type=\"section\">\n\t\t\t\t\t\t<div class=\"elementor-container elementor-column-gap-default\">\n\t\t\t\t\t<div class=\"elementor-column elementor-col-100 elementor-top-column elementor-element elementor-element-8f1585f\" data-id=\"8f1585f\" data-element_type=\"column\">\n\t\t\t<div class=\"elementor-widget-wrap elementor-element-populated\">\n\t\t\t\t\t\t<div class=\"elementor-element elementor-element-06a9593 elementor-widget elementor-widget-text-editor\" data-id=\"06a9593\" data-element_type=\"widget\" data-widget_type=\"text-editor.default\">\n\t\t\t\t<div class=\"elementor-widget-container\">\n\t\t\t\t\t\t\t\t\t<p>Este nuevo nombramiento tiene lugar <strong>en un momento decisivo con numerosos desaf\u00edos a los que responder<\/strong>. No s\u00f3lo el delicado contexto b\u00e9lico que tiene lugar en Europa, que ha desestabilizado y <strong>empeorado las previsiones econ\u00f3micas y condiciones financieras<\/strong>, tambi\u00e9n las propias transformaciones que vive el sector, en un contexto de <strong>intensa digitalizaci\u00f3n<\/strong> de las finanzas, con factores nuevos a los que atender, como <strong>la irrupci\u00f3n de la inversi\u00f3n en criptoactivos<\/strong>.<\/p><p>En este escenario de cambios y delicados equilibrios, <strong>la protecci\u00f3n al consumidor financiero es m\u00e1s importante que nunca<\/strong>. La falta de informaci\u00f3n o, todo lo contrario, el exceso o mala calidad de la misma y la confusi\u00f3n, deja desasistidos en sus derechos a muchos minoristas. La voz de ASUFIN contribuir\u00e1, una vez m\u00e1s, a combatir esos peligros.<\/p>\t\t\t\t\t\t\t\t<\/div>\n\t\t\t\t<\/div>\n\t\t\t\t\t<\/div>\n\t\t<\/div>\n\t\t\t\t\t<\/div>\n\t\t<\/section>\n\t\t\t\t<\/div>\n\t\t","protected":false},"excerpt":{"rendered":"<p>Ha sido seleccionada para representar a los consumidores en la FSUG, organismo que asesorar\u00e1 al \u00e1rea financiera de la Comisi\u00f3n Europea en la elaboraci\u00f3n de normativa de alcance europeo<\/p>\n","protected":false},"author":279,"featured_media":1633,"comment_status":"open","ping_status":"closed","sticky":false,"template":"","format":"standard","meta":{"_acf_changed":false,"_jetpack_newsletter_access":"","_jetpack_dont_email_post_to_subs":false,"_jetpack_newsletter_tier_id":0,"_jetpack_memberships_contains_paywalled_content":false,"_jetpack_memberships_contains_paid_content":false,"footnotes":""},"categories":[103,43,1975],"tags":[],"class_list":["post-100260","post","type-post","status-publish","format-standard","has-post-thumbnail","hentry","category-asufin-comunicados","category-asufin-destacado","category-europa"],"acf":[],"jetpack_featured_media_url":"https:\/\/i0.wp.com\/staging.asufin.com\/staging\/wp-content\/uploads\/2020\/12\/banderas-ue-frente-comision-europea_163782-2390.jpg?fit=626%2C427&ssl=1","jetpack_shortlink":"https:\/\/wp.me\/peayLa-q56","jetpack_likes_enabled":false,"jetpack_sharing_enabled":true,"_links":{"self":[{"href":"https:\/\/staging.asufin.com\/staging\/wp-json\/wp\/v2\/posts\/100260","targetHints":{"allow":["GET"]}}],"collection":[{"href":"https:\/\/staging.asufin.com\/staging\/wp-json\/wp\/v2\/posts"}],"about":[{"href":"https:\/\/staging.asufin.com\/staging\/wp-json\/wp\/v2\/types\/post"}],"author":[{"embeddable":true,"href":"https:\/\/staging.asufin.com\/staging\/wp-json\/wp\/v2\/users\/279"}],"replies":[{"embeddable":true,"href":"https:\/\/staging.asufin.com\/staging\/wp-json\/wp\/v2\/comments?post=100260"}],"version-history":[{"count":11,"href":"https:\/\/staging.asufin.com\/staging\/wp-json\/wp\/v2\/posts\/100260\/revisions"}],"predecessor-version":[{"id":100271,"href":"https:\/\/staging.asufin.com\/staging\/wp-json\/wp\/v2\/posts\/100260\/revisions\/100271"}],"wp:featuredmedia":[{"embeddable":true,"href":"https:\/\/staging.asufin.com\/staging\/wp-json\/wp\/v2\/media\/1633"}],"wp:attachment":[{"href":"https:\/\/staging.asufin.com\/staging\/wp-json\/wp\/v2\/media?parent=100260"}],"wp:term":[{"taxonomy":"category","embeddable":true,"href":"https:\/\/staging.asufin.com\/staging\/wp-json\/wp\/v2\/categories?post=100260"},{"taxonomy":"post_tag","embeddable":true,"href":"https:\/\/staging.asufin.com\/staging\/wp-json\/wp\/v2\/tags?post=100260"}],"curies":[{"name":"wp","href":"https:\/\/api.w.org\/{rel}","templated":true}]}}