{"id":101,"date":"2019-08-30T20:00:46","date_gmt":"2019-08-30T18:00:46","guid":{"rendered":"http:\/\/tech.asufin.com\/?p=101"},"modified":"2022-07-23T16:25:13","modified_gmt":"2022-07-23T16:25:13","slug":"barcelona-congreso-6-6-19","status":"publish","type":"post","link":"https:\/\/staging.asufin.com\/staging\/barcelona-congreso-6-6-19\/","title":{"rendered":"Barcelona \u00b7 Congreso AsufinTech \u00b7 06.11.19"},"content":{"rendered":"\t\t<div data-elementor-type=\"wp-post\" data-elementor-id=\"101\" class=\"elementor elementor-101\">\n\t\t\t\t\t\t<section class=\"elementor-section elementor-top-section elementor-element elementor-element-e29a30d elementor-section-boxed elementor-section-height-default elementor-section-height-default\" data-id=\"e29a30d\" data-element_type=\"section\">\n\t\t\t\t\t\t<div class=\"elementor-container elementor-column-gap-default\">\n\t\t\t\t\t<div class=\"elementor-column elementor-col-100 elementor-top-column elementor-element elementor-element-e8f9215\" data-id=\"e8f9215\" data-element_type=\"column\">\n\t\t\t<div class=\"elementor-widget-wrap\">\n\t\t\t\t\t\t\t<\/div>\n\t\t<\/div>\n\t\t\t\t\t<\/div>\n\t\t<\/section>\n\t\t\t\t<section class=\"elementor-section elementor-top-section elementor-element elementor-element-b352516 elementor-section-boxed elementor-section-height-default elementor-section-height-default\" data-id=\"b352516\" data-element_type=\"section\">\n\t\t\t\t\t\t<div class=\"elementor-container elementor-column-gap-default\">\n\t\t\t\t\t<div class=\"elementor-column elementor-col-100 elementor-top-column elementor-element elementor-element-d558fab\" data-id=\"d558fab\" data-element_type=\"column\">\n\t\t\t<div class=\"elementor-widget-wrap elementor-element-populated\">\n\t\t\t\t\t\t<div class=\"elementor-element elementor-element-2d1fd63 elementor-widget elementor-widget-text-editor\" data-id=\"2d1fd63\" data-element_type=\"widget\" data-widget_type=\"text-editor.default\">\n\t\t\t\t<div class=\"elementor-widget-container\">\n\t\t\t\t\t\t\t\t\t<p style=\"text-align: center;\"><strong><a href=\"https:\/\/staging.asufin.com\/staging\/congreso-fintech-y-consumidores-ventajas-y-riesgos-en-la-era-de-la-economia-digital\/\">RELATO DEL EVENTO Y GALER\u00cdA DE FOTOS.<\/a><\/strong><\/p>\t\t\t\t\t\t\t\t<\/div>\n\t\t\t\t<\/div>\n\t\t\t\t<div class=\"elementor-element elementor-element-7edf233 elementor-widget elementor-widget-spacer\" data-id=\"7edf233\" data-element_type=\"widget\" data-widget_type=\"spacer.default\">\n\t\t\t\t<div class=\"elementor-widget-container\">\n\t\t\t\t\t\t\t<div class=\"elementor-spacer\">\n\t\t\t<div class=\"elementor-spacer-inner\"><\/div>\n\t\t<\/div>\n\t\t\t\t\t\t<\/div>\n\t\t\t\t<\/div>\n\t\t\t\t<div class=\"elementor-element elementor-element-62e3326 elementor-tabs-view-horizontal elementor-widget elementor-widget-tabs\" data-id=\"62e3326\" data-element_type=\"widget\" data-widget_type=\"tabs.default\">\n\t\t\t\t<div class=\"elementor-widget-container\">\n\t\t\t\t\t\t\t<div class=\"elementor-tabs\">\n\t\t\t<div class=\"elementor-tabs-wrapper\" role=\"tablist\" >\n\t\t\t\t\t\t\t\t\t<div id=\"elementor-tab-title-1031\" class=\"elementor-tab-title elementor-tab-desktop-title\" aria-selected=\"true\" data-tab=\"1\" role=\"tab\" tabindex=\"0\" aria-controls=\"elementor-tab-content-1031\" aria-expanded=\"false\">El Congreso<\/div>\n\t\t\t\t\t\t\t\t\t<div id=\"elementor-tab-title-1032\" class=\"elementor-tab-title elementor-tab-desktop-title\" aria-selected=\"false\" data-tab=\"2\" role=\"tab\" tabindex=\"-1\" aria-controls=\"elementor-tab-content-1032\" aria-expanded=\"false\">Programa<\/div>\n\t\t\t\t\t\t\t\t\t<div id=\"elementor-tab-title-1033\" class=\"elementor-tab-title elementor-tab-desktop-title\" aria-selected=\"false\" data-tab=\"3\" role=\"tab\" tabindex=\"-1\" aria-controls=\"elementor-tab-content-1033\" aria-expanded=\"false\">Inscripciones<\/div>\n\t\t\t\t\t\t\t<\/div>\n\t\t\t<div class=\"elementor-tabs-content-wrapper\" role=\"tablist\" aria-orientation=\"vertical\">\n\t\t\t\t\t\t\t\t\t<div class=\"elementor-tab-title elementor-tab-mobile-title\" aria-selected=\"true\" data-tab=\"1\" role=\"tab\" tabindex=\"0\" aria-controls=\"elementor-tab-content-1031\" aria-expanded=\"false\">El Congreso<\/div>\n\t\t\t\t\t<div id=\"elementor-tab-content-1031\" class=\"elementor-tab-content elementor-clearfix\" data-tab=\"1\" role=\"tabpanel\" aria-labelledby=\"elementor-tab-title-1031\" tabindex=\"0\" hidden=\"false\"><p>El desarrollo y la evoluci\u00f3n en los \u00faltimos a\u00f1os de las nuevas\u00a0tecnolog\u00edas aplicadas al sector financiero, conocidas como\u00a0<b>FINTECH<\/b>, supone\u00a0un cambio radical en la gesti\u00f3n de las finanzas de los consumidores y\u00a0usuarios. Al mismo tiempo, el desarrollo de la Inteligencia Artificial (IA) y el\u00a0uso de algoritmos para ofrecer publicidad y precios espec\u00edficos seg\u00fan las\u00a0preferencias y usos del consumidor, requiere un seguimiento para advertir\u00a0de posibles abusos y pr\u00e1cticas anti competitivas.<\/p><p>Para profundizar en esta materia, el\u00a0<b>6 de noviembre de 2019<\/b>\u00a0celebramos la primera Jornada Nacional que va a organizar\u00a0<b><a href=\"https:\/\/staging.asufin.com\/staging\/\">ASUFIN<\/a>,\u00a0<\/b>para conocer y debatir el mundo\u00a0<b>FINTECH\u00a0<\/b>en su vertiente jur\u00eddica y de innovaci\u00f3n tecnol\u00f3gica, con especial atenci\u00f3n a la protecci\u00f3n del consumidor.<\/p><p>Co-organizan:\u00a0<b><a href=\"https:\/\/staging.asufin.com\/staging\/\">ASUFIN<\/a>\u00a0(Asociaci\u00f3n de Usuarios Financieros) y el Ilustre<\/b>\u00a0Colegio de la Abogac\u00eda de Barcelona (<a href=\"https:\/\/www.icab.es\/\" target=\"_blank\" rel=\"noopener\">ICAB<\/a>).\u00a0<\/p><\/div>\n\t\t\t\t\t\t\t\t\t<div class=\"elementor-tab-title elementor-tab-mobile-title\" aria-selected=\"false\" data-tab=\"2\" role=\"tab\" tabindex=\"-1\" aria-controls=\"elementor-tab-content-1032\" aria-expanded=\"false\">Programa<\/div>\n\t\t\t\t\t<div id=\"elementor-tab-content-1032\" class=\"elementor-tab-content elementor-clearfix\" data-tab=\"2\" role=\"tabpanel\" aria-labelledby=\"elementor-tab-title-1032\" tabindex=\"0\" hidden=\"hidden\"><p><span style=\"color: #100f7d;\"><strong>09:00-09:10\u00a0\u00a0 ACREDITACIONES<\/strong><\/span><\/p><p><span style=\"color: #100f7d;\"><strong>09:10-09:30\u00a0\u00a0 APERTURA<\/strong><\/span><\/p><p><span style=\"font-size: 1rem;\">\u00a0 \u00a0 \u00a0 \u00a0 \u00a0 \u00a0 \u00a0 \u00a0 \u00a0 \u00a0 \u00a0 \u00a0<\/span><span style=\"font-size: 1rem;\">\u00a0<\/span><a href=\"https:\/\/www.asufin.tech\/2019\/10\/16\/xavier-pineda\/\" target=\"_blank\" rel=\"noopener\">Xavier Pineda.<\/a> Abogado Vocal de la Secci\u00f3n\u00a0 Consumo ICAB.<\/p><p><span style=\"font-size: 1rem;\">\u00a0 \u00a0 \u00a0 \u00a0 \u00a0 \u00a0 \u00a0 \u00a0 \u00a0 \u00a0 \u00a0 \u00a0<\/span><span style=\"font-size: 1rem;\">\u00a0<\/span><a href=\"https:\/\/www.asufin.tech\/2019\/10\/16\/patricia-suarez\/\" target=\"_blank\" rel=\"noopener\">Patricia Su\u00e1rez.<\/a> Presidenta de ASUFIN<\/p><p><span style=\"color: #100f7d;\"><strong>10:00-10:30\u00a0 El fen\u00f3meno Fintech, competencia y consumidores.<\/strong><\/span><\/p><p><span style=\"font-size: 1rem;\">\u00a0 \u00a0 \u00a0 \u00a0 \u00a0 \u00a0 \u00a0 \u00a0 \u00a0 \u00a0 \u00a0 \u00a0<\/span><span style=\"font-size: 1rem;\">\u00a0<\/span><a href=\"https:\/\/www.asufin.tech\/2019\/10\/16\/carlos-balmisa\/\" target=\"_blank\" rel=\"noopener\">Carlos Balmisa<\/a>. Director de Control Interno. CNMC<\/p><p><span style=\"font-size: 1rem;\">\u00a0 \u00a0 \u00a0 \u00a0 \u00a0 \u00a0 \u00a0 \u00a0 \u00a0 \u00a0 \u00a0 \u00a0<\/span><span style=\"font-size: 1rem;\">\u00a0<\/span>Presenta: Patricia Su\u00e1rez. Presidenta ASUFIN<\/p><p><span style=\"color: #100f7d;\"><strong>10:30-11:15\u00a0 LA BANCA DEL FUTURO<\/strong><\/span><\/p><p><span style=\"font-size: 1rem;\">\u00a0 \u00a0 \u00a0 \u00a0 \u00a0 \u00a0 \u00a0 \u00a0 \u00a0 \u00a0 \u00a0 \u00a0<\/span><span style=\"font-size: 1rem;\">\u00a0<\/span><a href=\"https:\/\/www.asufin.tech\/2019\/10\/30\/jean-carlo-adriazola\/\" target=\"_blank\" rel=\"noopener\">Jean Carlo Adriazola W<\/a>.\u00a0 Responsable de Colaboraciones con Bancos y FinTechs de RAISIN<\/p><p><span style=\"font-size: 1rem;\">\u00a0 \u00a0 \u00a0 \u00a0 \u00a0 \u00a0 \u00a0 \u00a0 \u00a0 \u00a0 \u00a0 \u00a0<\/span><span style=\"font-size: 1rem;\">\u00a0<\/span><a href=\"https:\/\/staging.asufin.com\/staging\/beatriz-perales\/\">Bea\u00a0<span style=\"font-size: 1rem;\">Perales. <\/span><\/a><span style=\"font-size: 1rem;\">Directora de Marketing NOMO.<\/span><\/p><p><span style=\"font-size: 1rem;\">\u00a0 \u00a0 \u00a0 \u00a0 \u00a0 \u00a0 \u00a0 \u00a0 \u00a0 \u00a0 \u00a0 \u00a0<\/span><span style=\"font-size: 1rem;\">\u00a0<\/span><a href=\"https:\/\/staging.asufin.com\/staging\/martin-huete\/\" target=\"_blank\" rel=\"noopener\">Martin Huete<\/a>. Fundador del Proyecto Espiral<\/p><p><span style=\"font-size: 1rem;\">\u00a0 \u00a0 \u00a0 \u00a0 \u00a0 \u00a0 \u00a0 \u00a0 \u00a0 \u00a0 \u00a0 \u00a0<\/span><span style=\"font-size: 1rem;\">\u00a0<\/span><a href=\"https:\/\/staging.asufin.com\/staging\/iker-de-los-rios\/\">Iker de Los R\u00edos.<\/a> Director de Financiaci\u00f3n al consumo en Fintonic<\/p><p><span style=\"font-size: 1rem;\">\u00a0 \u00a0 \u00a0 \u00a0 \u00a0 \u00a0 \u00a0 \u00a0 \u00a0 \u00a0 \u00a0 \u00a0<\/span><span style=\"font-size: 1rem;\">\u00a0<\/span><a href=\"https:\/\/staging.asufin.com\/staging\/ignacio-san-martin\/\">Ignacio San Mart\u00edn<\/a>. Responsable de Protecci\u00f3n de datos en Cetelem Espa\u00f1a.<\/p><p><span style=\"font-size: 1rem;\">\u00a0 \u00a0 \u00a0 \u00a0 \u00a0 \u00a0 \u00a0 \u00a0 \u00a0 \u00a0 \u00a0 \u00a0<\/span><span style=\"font-size: 1rem;\">\u00a0<\/span>Modera:\u00a0 <a href=\"https:\/\/staging.asufin.com\/staging\/cristina-jimenez\/\" target=\"_blank\" rel=\"noopener\">Cristina Jim\u00e9nez. <\/a>Presidenta de FIDE<\/p><p><span style=\"color: #100f7d;\"><strong>11:15-12:00\u00a0\u00a0 BLOCKCHAIN: Aplicaciones de la tecnolog\u00eda y la protecci\u00f3n de datos<\/strong><\/span><\/p><p><span style=\"font-size: 1rem;\">\u00a0 \u00a0 \u00a0 \u00a0 \u00a0 \u00a0 \u00a0 \u00a0 \u00a0 \u00a0 \u00a0 \u00a0<\/span><span style=\"font-size: 1rem;\">\u00a0<\/span><a href=\"https:\/\/staging.asufin.com\/staging\/jose-maria-anguiano\/\" target=\"_blank\" rel=\"noopener\">Jos\u00e9 Mar\u00eda Anguiano<\/a>. CEO de Logalty.<\/p><p><span style=\"font-size: 1rem;\">\u00a0 \u00a0 \u00a0 \u00a0 \u00a0 \u00a0 \u00a0 \u00a0 \u00a0 \u00a0 \u00a0 \u00a0<\/span><span style=\"font-size: 1rem;\">\u00a0<\/span><a href=\"https:\/\/staging.asufin.com\/staging\/belen-arribas\/\" target=\"_blank\" rel=\"noopener\">Bel\u00e9n Arribas<\/a>. Socia de Andersen Tax &amp; Legal.<\/p><p><span style=\"font-size: 1rem;\">\u00a0 \u00a0 \u00a0 \u00a0 \u00a0 \u00a0 \u00a0 \u00a0 \u00a0 \u00a0 \u00a0 \u00a0<\/span><span style=\"font-size: 1rem;\">\u00a0<\/span><a href=\"https:\/\/staging.asufin.com\/staging\/montse-guardia\/\">Montse Guardia<\/a>. Directora General de Alastria.<\/p><p><span style=\"font-size: 1rem;\">\u00a0 \u00a0 \u00a0 \u00a0 \u00a0 \u00a0 \u00a0 \u00a0 \u00a0 \u00a0 \u00a0 \u00a0<\/span><span style=\"font-size: 1rem;\">\u00a0<\/span>Modera: <a href=\"https:\/\/staging.asufin.com\/staging\/xavier-foz\/\">Xavier Foz<\/a>. Socio de Roca Junyent.<\/p><p><span style=\"color: #100f7d;\"><strong>12:00-12:30\u00a0\u00a0 PAUSA CAF\u00c9<\/strong><\/span><\/p><p><span style=\"color: #100f7d;\"><strong>12:30-13:30\u00a0\u00a0 SISTEMA DE PAGOS Y PSD2<\/strong><\/span><\/p><p><span style=\"font-size: 1rem;\">\u00a0 \u00a0 \u00a0 \u00a0 \u00a0 \u00a0 \u00a0 \u00a0 \u00a0 \u00a0 \u00a0 \u00a0<\/span><span style=\"font-size: 1rem;\">\u00a0<\/span><a href=\"https:\/\/staging.asufin.com\/staging\/ruben-bajo\/\">Rub\u00e9n Bajo<\/a>. Director de operaciones Afterbanks.<\/p><p><span style=\"font-size: 1rem;\">\u00a0 \u00a0 \u00a0 \u00a0 \u00a0 \u00a0 \u00a0 \u00a0 \u00a0 \u00a0 \u00a0 \u00a0<\/span><span style=\"font-size: 1rem;\">\u00a0<\/span><a href=\"https:\/\/staging.asufin.com\/staging\/alfredo-meneses\/\" target=\"_blank\" rel=\"noopener\">Alfredo Meneses<\/a>. Gerente de\u00a0 SAREB.<\/p><p><span style=\"font-size: 1rem;\">\u00a0 \u00a0 \u00a0 \u00a0 \u00a0 \u00a0 \u00a0 \u00a0 \u00a0 \u00a0 \u00a0 \u00a0<\/span><span style=\"font-size: 1rem;\">\u00a0<\/span><a href=\"https:\/\/staging.asufin.com\/staging\/marc-nieto\/\">Marc Nieto<\/a>. Asesor de medios de pago de Adigital.<\/p><p><span style=\"font-size: 1rem;\">\u00a0 \u00a0 \u00a0 \u00a0 \u00a0 \u00a0 \u00a0 \u00a0 \u00a0 \u00a0 \u00a0 \u00a0<\/span><span style=\"font-size: 1rem;\">\u00a0<\/span>Modera:\u00a0<span style=\"font-size: 1rem;\">\u00a0 <\/span><a href=\"https:\/\/staging.asufin.com\/staging\/marta-alemany\/\">Marta Alemany<\/a>.<span style=\"font-size: 1rem;\"> CEO de Alemany Abogados<\/span><\/p><p><span style=\"color: #100f7d;\"><strong>13:30-14:00\u00a0 SANDBOX: Un espacio regulatorio de pruebas a debate.<\/strong><\/span><\/p><p><span style=\"font-size: 1rem;\">\u00a0 \u00a0 \u00a0 \u00a0 \u00a0 \u00a0 \u00a0 \u00a0 \u00a0 \u00a0 \u00a0 \u00a0<\/span><span style=\"font-size: 1rem;\">\u00a0<\/span><a href=\"https:\/\/staging.asufin.com\/staging\/adriana-de-zunzunegui\/\">Adriana de Zunzunegui.<\/a> Abogada de Hogan Lowells<\/p><p><span style=\"font-size: 1rem;\">\u00a0 \u00a0 \u00a0 \u00a0 \u00a0 \u00a0 \u00a0 \u00a0 \u00a0 \u00a0 \u00a0 \u00a0<\/span><span style=\"font-size: 1rem;\">\u00a0<\/span><a href=\"https:\/\/staging.asufin.com\/staging\/fernando-zunzunegui\/\" target=\"_blank\" rel=\"noopener\">Fernando Zunzunegui<\/a>. Profesor de la Universidad Carlos III de Madrid<\/p><p><span style=\"font-size: 1rem;\">\u00a0 \u00a0 \u00a0 \u00a0 \u00a0 \u00a0 \u00a0 \u00a0 \u00a0 \u00a0 \u00a0 \u00a0<\/span><span style=\"font-size: 1rem;\">\u00a0<\/span>Modera: Patricia Su\u00e1rez. Presidenta de Asufin<\/p><p><span style=\"color: #100f7d;\"><strong>14:00-16:00\u00a0\u00a0 PAUSA MEDIOD\u00cdA<\/strong><\/span><\/p><p><span style=\"color: #100f7d;\"><strong>16:00-16:45\u00a0\u00a0 FINANCIACI\u00d3N PARTICIPATIVA: Sobreendeudamiento, scoring y ficheros positivos.<\/strong><\/span><\/p><p><span style=\"font-size: 1rem;\">\u00a0 \u00a0 \u00a0 \u00a0 \u00a0 \u00a0 \u00a0 \u00a0 \u00a0 \u00a0 \u00a0 \u00a0<\/span><span style=\"font-size: 1rem;\">\u00a0<\/span><span style=\"font-size: 1rem;\">\u00a0<\/span><a style=\"font-size: 1rem; background-color: #ffffff;\" href=\"https:\/\/staging.asufin.com\/staging\/marta-aldea\/\" target=\"_blank\" rel=\"noopener\">Marta Aldea<\/a><span style=\"font-size: 1rem;\">. Asesora jur\u00eddica de Equifax.<br \/>\u00a0 \u00a0 \u00a0 \u00a0 \u00a0 \u00a0 \u00a0 \u00a0 \u00a0 \u00a0 \u00a0 \u00a0\u00a0 <\/span><a style=\"font-size: 1rem; background-color: #ffffff; color: #333366;\" href=\"https:\/\/staging.asufin.com\/staging\/marta-alemany\/\">Marta Alemany<\/a><span style=\"font-size: 1rem;\">.<\/span><span style=\"font-size: 1rem;\"> Abogado Socia del despacho Alemany Abogados.<\/span><\/p><p><span style=\"font-size: 1rem;\">\u00a0 \u00a0 \u00a0 \u00a0 \u00a0 \u00a0 \u00a0 \u00a0 \u00a0 \u00a0 \u00a0 \u00a0<\/span><span style=\"font-size: 1rem;\">\u00a0 <\/span><a href=\"https:\/\/staging.asufin.com\/staging\/jorge-bardon\/\" target=\"_blank\" rel=\"noopener\">Jorge Bard\u00f3n<\/a>. Director de Creditea.<\/p><p><span style=\"font-size: 1rem;\">\u00a0 \u00a0 \u00a0 \u00a0 \u00a0 \u00a0 \u00a0 \u00a0 \u00a0 \u00a0 \u00a0 \u00a0 \u00a0<\/span><a style=\"background-color: #ffffff; font-size: 1rem;\" href=\"https:\/\/staging.asufin.com\/staging\/patricia-suarez\/\">Patricia Su\u00e1rez<\/a><span style=\"font-size: 1rem;\">. Presidenta de ASUFIN<\/span><\/p><p>\u00a0 \u00a0 \u00a0 \u00a0 \u00a0 \u00a0 \u00a0 \u00a0 \u00a0 \u00a0 \u00a0 \u00a0 \u00a0Modera: <a href=\"https:\/\/staging.asufin.com\/staging\/jesus-sanchez\/\">Jes\u00fas S\u00e1nchez<\/a>. Secretario del ICAB.<\/p><p><strong style=\"color: #100f7d; font-size: 1rem;\">16:45-17:15\u00a0\u00a0 INSURTECH<\/strong><\/p><p><span style=\"font-size: 1rem;\">\u00a0 \u00a0 \u00a0 \u00a0 \u00a0 \u00a0 \u00a0 \u00a0 \u00a0 \u00a0 \u00a0 \u00a0<\/span> <a href=\"https:\/\/staging.asufin.com\/staging\/oscar-paz\/\" target=\"_blank\" rel=\"noopener\">\u00d3scar Paz<\/a>. Responsable de Opensurance de AXA.<br \/><span style=\"font-size: 1rem;\">\u00a0 \u00a0 \u00a0 \u00a0 \u00a0 \u00a0 \u00a0 \u00a0 \u00a0 \u00a0 \u00a0 \u00a0 <\/span><a style=\"background-color: #ffffff; font-size: 1rem;\" href=\"https:\/\/staging.asufin.com\/staging\/carlos-lluch\/\" target=\"_blank\" rel=\"noopener\">Carlos Lluch<\/a><span style=\"font-size: 1rem;\">. Experto en el sector asegurador.<br \/><\/span><span style=\"font-size: 1rem;\">\u00a0 \u00a0 \u00a0 \u00a0 \u00a0 \u00a0 \u00a0 \u00a0 \u00a0 \u00a0 \u00a0 \u00a0 <a href=\"https:\/\/staging.asufin.com\/staging\/carlos-muino\/\">Carlos Mui\u00f1o<\/a>. Director General de Aura Seguros.<\/span><\/p><p><span style=\"font-size: 1rem;\">\u00a0 \u00a0 \u00a0 \u00a0 \u00a0 \u00a0 \u00a0 \u00a0 \u00a0 \u00a0 \u00a0 \u00a0<\/span><span style=\"font-size: 1rem;\">\u00a0<\/span>Modera: <a href=\"https:\/\/staging.asufin.com\/staging\/juan-manuel-viver\/\">Juan Manuel Viver.<\/a> Asesor de Finance Watch.<\/p><p><span style=\"color: #100f7d;\"><strong>17:15-17:45\u00a0\u00a0 PAUSA CAF\u00c9<\/strong><\/span><\/p><p><span style=\"color: #100f7d;\"><strong>17:45-18:30\u00a0\u00a0 RIESGOS PARA EL CIBERCONSUMIDOR<\/strong><\/span><\/p><p><span style=\"font-size: 1rem;\">\u00a0 \u00a0 \u00a0 \u00a0 \u00a0 \u00a0 \u00a0 \u00a0 \u00a0 \u00a0 \u00a0 \u00a0<\/span><span style=\"font-size: 1rem;\">\u00a0<\/span><a href=\"https:\/\/staging.asufin.com\/staging\/francisco-gonzalez-de-audicana\/\" target=\"_blank\" rel=\"noopener\">Francisco Gonz\u00e1lez Audicana<\/a>. Magistrado.<\/p><p><span style=\"font-size: 1rem;\">\u00a0 \u00a0 \u00a0 \u00a0 \u00a0 \u00a0 \u00a0 \u00a0 \u00a0 \u00a0 \u00a0 \u00a0<\/span><span style=\"font-size: 1rem;\">\u00a0<\/span>Presenta: Xavier Pineda. Abogado Vocal de la Secci\u00f3n Consumo ICAB.<\/p><p><strong><span style=\"color: #100f7d;\">18:50-19:00\u00a0\u00a0 CLAUSURA\u00a0\u00a0\u00a0<\/span>\u00a0\u00a0\u00a0 <\/strong><\/p><p><span style=\"font-size: 1rem;\">\u00a0 \u00a0 \u00a0 \u00a0 \u00a0 \u00a0 \u00a0 \u00a0 \u00a0 \u00a0 \u00a0 \u00a0<\/span><span style=\"font-size: 1rem;\">\u00a0<\/span><a href=\"https:\/\/staging.asufin.com\/staging\/fernando-zunzunegui\/\">Alicia Men\u00e9ndez.<\/a> Subdirectora General de Arbitraje y Derecho de los Consumidores. Ministerio de Sanidad, Consumo y Bienestar social.<\/p><p><span style=\"font-size: 1rem;\">\u00a0 \u00a0 \u00a0 \u00a0 \u00a0 \u00a0 \u00a0 \u00a0 \u00a0 \u00a0 \u00a0 \u00a0<\/span><span style=\"font-size: 1rem;\">\u00a0<\/span>Xavier Pineda. Abogado Vocal de la Secci\u00f3n Consumo ICAB.<\/p><p><span style=\"font-size: 1rem;\">\u00a0 \u00a0 \u00a0 \u00a0 \u00a0 \u00a0 \u00a0 \u00a0 \u00a0 \u00a0 \u00a0 \u00a0<\/span><span style=\"font-size: 1rem;\">\u00a0<\/span>Patricia Su\u00e1rez. Presidenta ASUFIN.\u00a0<span style=\"font-size: 1rem;\">\u00a0 \u00a0 \u00a0 \u00a0 \u00a0 \u00a0 \u00a0 \u00a0 \u00a0 \u00a0 \u00a0 \u00a0<\/span><\/p><\/div>\n\t\t\t\t\t\t\t\t\t<div class=\"elementor-tab-title elementor-tab-mobile-title\" aria-selected=\"false\" data-tab=\"3\" role=\"tab\" tabindex=\"-1\" aria-controls=\"elementor-tab-content-1033\" aria-expanded=\"false\">Inscripciones<\/div>\n\t\t\t\t\t<div id=\"elementor-tab-content-1033\" class=\"elementor-tab-content elementor-clearfix\" data-tab=\"3\" role=\"tabpanel\" aria-labelledby=\"elementor-tab-title-1033\" tabindex=\"0\" hidden=\"hidden\"><p><strong>Asistencia gratuita previa inscripci\u00f3n. <\/strong><\/p><p>Incluye pausa caf\u00e9 ma\u00f1ana y tarde. NO incluye comida.<\/p><p><a href=\"http:\/\/bit.ly\/2oYehnj\" target=\"_blank\" rel=\"noopener\">FORMULARIO ONLINE<\/a><\/p><\/div>\n\t\t\t\t\t\t\t<\/div>\n\t\t<\/div>\n\t\t\t\t\t\t<\/div>\n\t\t\t\t<\/div>\n\t\t\t\t\t<\/div>\n\t\t<\/div>\n\t\t\t\t\t<\/div>\n\t\t<\/section>\n\t\t\t\t<section class=\"elementor-section elementor-top-section elementor-element elementor-element-aa32553 elementor-section-boxed elementor-section-height-default elementor-section-height-default\" data-id=\"aa32553\" data-element_type=\"section\">\n\t\t\t\t\t\t<div class=\"elementor-container elementor-column-gap-default\">\n\t\t\t\t\t<div class=\"elementor-column elementor-col-100 elementor-top-column elementor-element elementor-element-e178e2b\" data-id=\"e178e2b\" data-element_type=\"column\">\n\t\t\t<div class=\"elementor-widget-wrap elementor-element-populated\">\n\t\t\t\t\t\t<div class=\"elementor-element elementor-element-df1dad1 elementor-button-success elementor-align-center elementor-widget elementor-widget-button\" data-id=\"df1dad1\" data-element_type=\"widget\" data-widget_type=\"button.default\">\n\t\t\t\t<div class=\"elementor-widget-container\">\n\t\t\t\t\t\t\t\t\t<div class=\"elementor-button-wrapper\">\n\t\t\t\t\t<a class=\"elementor-button elementor-button-link elementor-size-md\" href=\"http:\/\/bit.ly\/2oYehnj\" target=\"_blank\" rel=\"noopener\">\n\t\t\t\t\t\t<span class=\"elementor-button-content-wrapper\">\n\t\t\t\t\t\t\t\t\t<span class=\"elementor-button-text\">\u00a1 AP\u00daNTATE AQU\u00cd !<\/span>\n\t\t\t\t\t<\/span>\n\t\t\t\t\t<\/a>\n\t\t\t\t<\/div>\n\t\t\t\t\t\t\t\t<\/div>\n\t\t\t\t<\/div>\n\t\t\t\t\t<\/div>\n\t\t<\/div>\n\t\t\t\t\t<\/div>\n\t\t<\/section>\n\t\t\t\t<section class=\"elementor-section elementor-top-section elementor-element elementor-element-c491afb elementor-section-boxed elementor-section-height-default elementor-section-height-default\" data-id=\"c491afb\" data-element_type=\"section\">\n\t\t\t\t\t\t<div class=\"elementor-container elementor-column-gap-default\">\n\t\t\t\t\t<div class=\"elementor-column elementor-col-100 elementor-top-column elementor-element elementor-element-a1c39ee\" data-id=\"a1c39ee\" data-element_type=\"column\">\n\t\t\t<div class=\"elementor-widget-wrap elementor-element-populated\">\n\t\t\t\t\t\t<section class=\"elementor-section elementor-inner-section elementor-element elementor-element-ea9e9d1 elementor-section-boxed elementor-section-height-default elementor-section-height-default\" data-id=\"ea9e9d1\" data-element_type=\"section\">\n\t\t\t\t\t\t<div class=\"elementor-container elementor-column-gap-default\">\n\t\t\t\t\t<div class=\"elementor-column elementor-col-50 elementor-inner-column elementor-element elementor-element-040cbed\" data-id=\"040cbed\" data-element_type=\"column\">\n\t\t\t<div class=\"elementor-widget-wrap elementor-element-populated\">\n\t\t\t\t\t\t<div class=\"elementor-element elementor-element-ec1bdb4 elementor-view-default elementor-position-top elementor-mobile-position-top elementor-widget elementor-widget-icon-box\" data-id=\"ec1bdb4\" data-element_type=\"widget\" data-widget_type=\"icon-box.default\">\n\t\t\t\t<div class=\"elementor-widget-container\">\n\t\t\t\t\t\t\t<div class=\"elementor-icon-box-wrapper\">\n\n\t\t\t\t\t\t<div class=\"elementor-icon-box-icon\">\n\t\t\t\t<span  class=\"elementor-icon\">\n\t\t\t\t<i aria-hidden=\"true\" class=\"far fa-calendar-alt\"><\/i>\t\t\t\t<\/span>\n\t\t\t<\/div>\n\t\t\t\n\t\t\t\t\t\t<div class=\"elementor-icon-box-content\">\n\n\t\t\t\t\t\t\t\t\t<h3 class=\"elementor-icon-box-title\">\n\t\t\t\t\t\t<span  >\n\t\t\t\t\t\t\t6 noviembre 2019\t\t\t\t\t\t<\/span>\n\t\t\t\t\t<\/h3>\n\t\t\t\t\n\t\t\t\t\n\t\t\t<\/div>\n\t\t\t\n\t\t<\/div>\n\t\t\t\t\t\t<\/div>\n\t\t\t\t<\/div>\n\t\t\t\t<div class=\"elementor-element elementor-element-fa4d562 elementor-view-default elementor-position-top elementor-mobile-position-top elementor-widget elementor-widget-icon-box\" data-id=\"fa4d562\" data-element_type=\"widget\" data-widget_type=\"icon-box.default\">\n\t\t\t\t<div class=\"elementor-widget-container\">\n\t\t\t\t\t\t\t<div class=\"elementor-icon-box-wrapper\">\n\n\t\t\t\t\t\t<div class=\"elementor-icon-box-icon\">\n\t\t\t\t<span  class=\"elementor-icon\">\n\t\t\t\t<i aria-hidden=\"true\" class=\"far fa-clock\"><\/i>\t\t\t\t<\/span>\n\t\t\t<\/div>\n\t\t\t\n\t\t\t\t\t\t<div class=\"elementor-icon-box-content\">\n\n\t\t\t\t\t\t\t\t\t<h3 class=\"elementor-icon-box-title\">\n\t\t\t\t\t\t<span  >\n\t\t\t\t\t\t\t09:00 - 19:00\t\t\t\t\t\t<\/span>\n\t\t\t\t\t<\/h3>\n\t\t\t\t\n\t\t\t\t\n\t\t\t<\/div>\n\t\t\t\n\t\t<\/div>\n\t\t\t\t\t\t<\/div>\n\t\t\t\t<\/div>\n\t\t\t\t\t<\/div>\n\t\t<\/div>\n\t\t\t\t<div class=\"elementor-column elementor-col-50 elementor-inner-column elementor-element elementor-element-b104186\" data-id=\"b104186\" data-element_type=\"column\">\n\t\t\t<div class=\"elementor-widget-wrap elementor-element-populated\">\n\t\t\t\t\t\t<div class=\"elementor-element elementor-element-62b7858 elementor-widget elementor-widget-google_maps\" data-id=\"62b7858\" data-element_type=\"widget\" data-widget_type=\"google_maps.default\">\n\t\t\t\t<div class=\"elementor-widget-container\">\n\t\t\t\t\t\t\t<div class=\"elementor-custom-embed\">\n\t\t\t<iframe loading=\"lazy\"\n\t\t\t\t\tsrc=\"https:\/\/maps.google.com\/maps?q=ilustre%20colegio%20de%20abogados%20de%20barcelona&#038;t=m&#038;z=10&#038;output=embed&#038;iwloc=near\"\n\t\t\t\t\ttitle=\"ilustre colegio de abogados de barcelona\"\n\t\t\t\t\taria-label=\"ilustre colegio de abogados de barcelona\"\n\t\t\t><\/iframe>\n\t\t<\/div>\n\t\t\t\t\t\t<\/div>\n\t\t\t\t<\/div>\n\t\t\t\t\t<\/div>\n\t\t<\/div>\n\t\t\t\t\t<\/div>\n\t\t<\/section>\n\t\t\t\t\t<\/div>\n\t\t<\/div>\n\t\t\t\t\t<\/div>\n\t\t<\/section>\n\t\t\t\t<section class=\"elementor-section elementor-top-section elementor-element elementor-element-efbb46b elementor-section-boxed elementor-section-height-default elementor-section-height-default\" data-id=\"efbb46b\" data-element_type=\"section\">\n\t\t\t\t\t\t<div class=\"elementor-container elementor-column-gap-default\">\n\t\t\t\t\t<div class=\"elementor-column elementor-col-100 elementor-top-column elementor-element elementor-element-0029eb3\" data-id=\"0029eb3\" data-element_type=\"column\">\n\t\t\t<div class=\"elementor-widget-wrap elementor-element-populated\">\n\t\t\t\t\t\t<div class=\"elementor-element elementor-element-7434233 elementor-widget elementor-widget-text-editor\" data-id=\"7434233\" data-element_type=\"widget\" data-widget_type=\"text-editor.default\">\n\t\t\t\t<div class=\"elementor-widget-container\">\n\t\t\t\t\t\t\t\t\t<p><strong>ICAB. Aula 62. Carrer Mallorca, 283. Barcelona.<\/strong><\/p>\t\t\t\t\t\t\t\t<\/div>\n\t\t\t\t<\/div>\n\t\t\t\t\t<\/div>\n\t\t<\/div>\n\t\t\t\t\t<\/div>\n\t\t<\/section>\n\t\t\t\t<section class=\"elementor-section elementor-top-section elementor-element elementor-element-5065aa2 elementor-section-boxed elementor-section-height-default elementor-section-height-default\" data-id=\"5065aa2\" data-element_type=\"section\">\n\t\t\t\t\t\t<div class=\"elementor-container elementor-column-gap-default\">\n\t\t\t\t\t<div class=\"elementor-column elementor-col-100 elementor-top-column elementor-element elementor-element-1b5ea69\" data-id=\"1b5ea69\" data-element_type=\"column\">\n\t\t\t<div class=\"elementor-widget-wrap elementor-element-populated\">\n\t\t\t\t\t\t<div class=\"elementor-element elementor-element-46a3321 elementor-widget elementor-widget-heading\" data-id=\"46a3321\" data-element_type=\"widget\" data-widget_type=\"heading.default\">\n\t\t\t\t<div class=\"elementor-widget-container\">\n\t\t\t\t\t<h2 class=\"elementor-heading-title elementor-size-default\">Ponentes y moderadores<\/h2>\t\t\t\t<\/div>\n\t\t\t\t<\/div>\n\t\t\t\t\t<\/div>\n\t\t<\/div>\n\t\t\t\t\t<\/div>\n\t\t<\/section>\n\t\t\t\t<section class=\"elementor-section elementor-top-section elementor-element elementor-element-a53ed0f elementor-section-boxed elementor-section-height-default elementor-section-height-default\" data-id=\"a53ed0f\" data-element_type=\"section\">\n\t\t\t\t\t\t<div class=\"elementor-container elementor-column-gap-default\">\n\t\t\t\t\t<div class=\"elementor-column elementor-col-100 elementor-top-column elementor-element elementor-element-22b7d2f\" data-id=\"22b7d2f\" data-element_type=\"column\">\n\t\t\t<div class=\"elementor-widget-wrap\">\n\t\t\t\t\t\t\t<\/div>\n\t\t<\/div>\n\t\t\t\t\t<\/div>\n\t\t<\/section>\n\t\t\t\t<\/div>\n\t\t","protected":false},"excerpt":{"rendered":"<p>ASUFIN celebra el 6 de noviembre de 2019 la primera Jornada Nacional dedicada enteramente a FINTECH desde la perspectiva del consumidor. Co-organizada con el ICAB.<\/p>\n","protected":false},"author":279,"featured_media":83150,"comment_status":"open","ping_status":"closed","sticky":false,"template":"","format":"standard","meta":{"_acf_changed":false,"_jetpack_newsletter_access":"","_jetpack_dont_email_post_to_subs":false,"_jetpack_newsletter_tier_id":0,"_jetpack_memberships_contains_paywalled_content":false,"_jetpack_memberships_contains_paid_content":false,"footnotes":""},"categories":[191,7460],"tags":[],"class_list":["post-101","post","type-post","status-publish","format-standard","has-post-thumbnail","hentry","category-eventos","category-congresos"],"acf":[],"jetpack_featured_media_url":"https:\/\/i0.wp.com\/staging.asufin.com\/staging\/wp-content\/uploads\/2019\/08\/icab_carrer_mallorca_169.jpg?fit=2048%2C1152&ssl=1","jetpack_shortlink":"https:\/\/wp.me\/peayLa-1D","jetpack_likes_enabled":false,"jetpack_sharing_enabled":true,"_links":{"self":[{"href":"https:\/\/staging.asufin.com\/staging\/wp-json\/wp\/v2\/posts\/101","targetHints":{"allow":["GET"]}}],"collection":[{"href":"https:\/\/staging.asufin.com\/staging\/wp-json\/wp\/v2\/posts"}],"about":[{"href":"https:\/\/staging.asufin.com\/staging\/wp-json\/wp\/v2\/types\/post"}],"author":[{"embeddable":true,"href":"https:\/\/staging.asufin.com\/staging\/wp-json\/wp\/v2\/users\/279"}],"replies":[{"embeddable":true,"href":"https:\/\/staging.asufin.com\/staging\/wp-json\/wp\/v2\/comments?post=101"}],"version-history":[{"count":10,"href":"https:\/\/staging.asufin.com\/staging\/wp-json\/wp\/v2\/posts\/101\/revisions"}],"predecessor-version":[{"id":108647,"href":"https:\/\/staging.asufin.com\/staging\/wp-json\/wp\/v2\/posts\/101\/revisions\/108647"}],"wp:featuredmedia":[{"embeddable":true,"href":"https:\/\/staging.asufin.com\/staging\/wp-json\/wp\/v2\/media\/83150"}],"wp:attachment":[{"href":"https:\/\/staging.asufin.com\/staging\/wp-json\/wp\/v2\/media?parent=101"}],"wp:term":[{"taxonomy":"category","embeddable":true,"href":"https:\/\/staging.asufin.com\/staging\/wp-json\/wp\/v2\/categories?post=101"},{"taxonomy":"post_tag","embeddable":true,"href":"https:\/\/staging.asufin.com\/staging\/wp-json\/wp\/v2\/tags?post=101"}],"curies":[{"name":"wp","href":"https:\/\/api.w.org\/{rel}","templated":true}]}}