{"id":101144,"date":"2022-05-30T14:24:40","date_gmt":"2022-05-30T14:24:40","guid":{"rendered":"https:\/\/www.asufin.com\/?p=101144"},"modified":"2022-05-30T14:28:50","modified_gmt":"2022-05-30T14:28:50","slug":"patricia-suarez-formara-part-del-grup-assessor-financer-de-la-comissio-europea","status":"publish","type":"post","link":"https:\/\/staging.asufin.com\/staging\/ca\/patricia-suarez-formara-part-del-grup-assessor-financer-de-la-comissio-europea\/","title":{"rendered":"Patricia Su\u00e1rez formar\u00e0 part del grup assessor financer de la Comissi\u00f3 Europea"},"content":{"rendered":"\t\t<div data-elementor-type=\"wp-post\" data-elementor-id=\"101144\" class=\"elementor elementor-101144\">\n\t\t\t\t\t\t<section class=\"elementor-section elementor-top-section elementor-element elementor-element-c3d9bc3 elementor-section-boxed elementor-section-height-default elementor-section-height-default\" data-id=\"c3d9bc3\" data-element_type=\"section\">\n\t\t\t\t\t\t<div class=\"elementor-container elementor-column-gap-default\">\n\t\t\t\t\t<div class=\"elementor-column elementor-col-100 elementor-top-column elementor-element elementor-element-be8fcd0\" data-id=\"be8fcd0\" data-element_type=\"column\">\n\t\t\t<div class=\"elementor-widget-wrap elementor-element-populated\">\n\t\t\t\t\t\t<div class=\"elementor-element elementor-element-587f6f7 elementor-widget elementor-widget-text-editor\" data-id=\"587f6f7\" data-element_type=\"widget\" data-widget_type=\"text-editor.default\">\n\t\t\t\t<div class=\"elementor-widget-container\">\n\t\t\t\t\t\t\t\t\t<h4>Ha estat seleccionada per representar els consumidors a la FSUG, organisme que assessorar\u00e0 l&#8217;\u00e0rea financera de la Comissi\u00f3 Europea en l&#8217;elaboraci\u00f3 de normativa d&#8217;abast europeu\u00a0<\/h4>\t\t\t\t\t\t\t\t<\/div>\n\t\t\t\t<\/div>\n\t\t\t\t\t<\/div>\n\t\t<\/div>\n\t\t\t\t\t<\/div>\n\t\t<\/section>\n\t\t\t\t<section class=\"elementor-section elementor-top-section elementor-element elementor-element-106df42 elementor-section-boxed elementor-section-height-default elementor-section-height-default\" data-id=\"106df42\" data-element_type=\"section\">\n\t\t\t\t\t\t<div class=\"elementor-container elementor-column-gap-default\">\n\t\t\t\t\t<div class=\"elementor-column elementor-col-100 elementor-top-column elementor-element elementor-element-98a71fa\" data-id=\"98a71fa\" data-element_type=\"column\">\n\t\t\t<div class=\"elementor-widget-wrap elementor-element-populated\">\n\t\t\t\t\t\t<div class=\"elementor-element elementor-element-9ecb746 elementor-widget elementor-widget-text-editor\" data-id=\"9ecb746\" data-element_type=\"widget\" data-widget_type=\"text-editor.default\">\n\t\t\t\t<div class=\"elementor-widget-container\">\n\t\t\t\t\t\t\t\t\t<p>Patricia Su\u00e1rez, presidenta d\u2019 ASUFIN, <strong>ha estat designada per a formar part del <a href=\"https:\/\/ec.europa.eu\/info\/business-economy-euro\/banking-and-finance\/regulatory-process-financial-services\/expert-groups-comitology-and-other-committees\/financial-services-user-group-fsug_en#members\" target=\"_blank\" rel=\"noopener\">Grup consultiu de serveis financers (FSUG)<\/a> que assessora la Comissi\u00f3 Europea<\/strong> en l&#8217;elaboraci\u00f3 de pol\u00edtiques amb impacte en el consum financer.<\/p><p>Aquest organisme dep\u00e8n de la Direcci\u00f3 General d&#8217;Estabilitat Financera, Serveis Financers i Uni\u00f3 dels Mercats de Capitals (DGFISMA), l&#8217;\u00e0rea de pol\u00edtica financera de la Comissi\u00f3, i est\u00e0 format per 20 experts de tota la UE, designats per a representar als usuaris en les iniciatives reguladores.<\/p><p>Estem ja presents en bona part de les institucions i organismes reguladors que marquen la pol\u00edtica europea en mat\u00e8ria financera. <a href=\"https:\/\/staging.asufin.com\/staging\/patricia-suarez-asufin-formara-parte-de-la-esma\/\" target=\"_blank\" rel=\"noopener\">El mes d&#8217;abril passat, Su\u00e1rez va ser designada<\/a> membre de <strong>l&#8217;Autoritat Europea de Valors i Mercats (ESMA)<\/strong>, i al juny de 2020, es va sumar al Consell Consultiu (BSG) de <strong>l&#8217;Autoritat Banc\u00e0ria Europea (EBA).<\/strong><\/p>\t\t\t\t\t\t\t\t<\/div>\n\t\t\t\t<\/div>\n\t\t\t\t\t<\/div>\n\t\t<\/div>\n\t\t\t\t\t<\/div>\n\t\t<\/section>\n\t\t\t\t<section class=\"elementor-section elementor-top-section elementor-element elementor-element-2ea815e elementor-section-boxed elementor-section-height-default elementor-section-height-default\" data-id=\"2ea815e\" data-element_type=\"section\">\n\t\t\t\t\t\t<div class=\"elementor-container elementor-column-gap-default\">\n\t\t\t\t\t<div class=\"elementor-column elementor-col-100 elementor-top-column elementor-element elementor-element-2dac489\" data-id=\"2dac489\" data-element_type=\"column\">\n\t\t\t<div class=\"elementor-widget-wrap elementor-element-populated\">\n\t\t\t\t\t\t<div class=\"elementor-element elementor-element-8a02beb elementor-widget elementor-widget-text-editor\" data-id=\"8a02beb\" data-element_type=\"widget\" data-widget_type=\"text-editor.default\">\n\t\t\t\t<div class=\"elementor-widget-container\">\n\t\t\t\t\t\t\t\t\t<h5><a href=\"https:\/\/staging.asufin.com\/staging\/fija-o-variable-que-hipoteca-elijo\/?utm_source=Sendgrid&amp;utm_medium=email&amp;utm_campaign=website\" target=\"_blank\" rel=\"noopener\">Aquest organisme dep\u00e8n de la Direcci\u00f3 Pensant a canviar la teva hipoteca, afectada per l&#8217;al\u00e7a de l&#8217;Euribor? Sal de dubtes aqu\u00ed<\/a><\/h5>\t\t\t\t\t\t\t\t<\/div>\n\t\t\t\t<\/div>\n\t\t\t\t\t<\/div>\n\t\t<\/div>\n\t\t\t\t\t<\/div>\n\t\t<\/section>\n\t\t\t\t<section class=\"elementor-section elementor-top-section elementor-element elementor-element-d9cce2e elementor-section-boxed elementor-section-height-default elementor-section-height-default\" data-id=\"d9cce2e\" data-element_type=\"section\">\n\t\t\t\t\t\t<div class=\"elementor-container elementor-column-gap-default\">\n\t\t\t\t\t<div class=\"elementor-column elementor-col-100 elementor-top-column elementor-element elementor-element-8f1585f\" data-id=\"8f1585f\" data-element_type=\"column\">\n\t\t\t<div class=\"elementor-widget-wrap elementor-element-populated\">\n\t\t\t\t\t\t<div class=\"elementor-element elementor-element-06a9593 elementor-widget elementor-widget-text-editor\" data-id=\"06a9593\" data-element_type=\"widget\" data-widget_type=\"text-editor.default\">\n\t\t\t\t<div class=\"elementor-widget-container\">\n\t\t\t\t\t\t\t\t\t<p>Aquest nou nomenament t\u00e9 lloc <strong>en un moment decisiu amb nombrosos desafiaments als quals respondre.<\/strong> No sols el delicat context b\u00e8l\u00b7lic que t\u00e9 lloc a Europa, que ha desestabilitzat i <strong>empitjorat les previsions econ\u00f2miques i condicions financeres,<\/strong> tamb\u00e9 les pr\u00f2pies transformacions que viu el sector, en un context <strong>d&#8217;intensa digitalitzaci\u00f3<\/strong> de les finances, amb factors nous als quals atendre, com<strong> la irrupci\u00f3 de la inversi\u00f3 en criptoactius.<\/strong><\/p><p>En aquest escenari de canvis i delicats equilibris, <strong>la protecci\u00f3 al consumidor financer \u00e9s m\u00e9s important que mai.<\/strong> La falta d&#8217;informaci\u00f3 o, tot el contrari, l&#8217;exc\u00e9s o mala qualitat de la mateixa i la confusi\u00f3, deixa desatesos en els seus drets a molts detallistes. La veu d\u2019 ASUFIN contribuir\u00e0, una vegada m\u00e9s, a combatre aquests perills.<\/p>\t\t\t\t\t\t\t\t<\/div>\n\t\t\t\t<\/div>\n\t\t\t\t\t<\/div>\n\t\t<\/div>\n\t\t\t\t\t<\/div>\n\t\t<\/section>\n\t\t\t\t<\/div>\n\t\t","protected":false},"excerpt":{"rendered":"<p>Ha estat seleccionada per representar els consumidors a la FSUG, organisme que assessorar\u00e0 l&#8217;\u00e0rea financera de la Comissi\u00f3 Europea en l&#8217;elaboraci\u00f3 de normativa d&#8217;abast europeu\u00a0 Patricia Su\u00e1rez, presidenta d\u2019 ASUFIN, ha estat designada per a formar part del Grup consultiu de serveis financers (FSUG) que assessora la Comissi\u00f3 Europea en l&#8217;elaboraci\u00f3 de pol\u00edtiques amb impacte [&hellip;]<\/p>\n","protected":false},"author":279,"featured_media":1633,"comment_status":"open","ping_status":"closed","sticky":false,"template":"","format":"standard","meta":{"_acf_changed":false,"_jetpack_newsletter_access":"","_jetpack_dont_email_post_to_subs":false,"_jetpack_newsletter_tier_id":0,"_jetpack_memberships_contains_paywalled_content":false,"_jetpack_memberships_contains_paid_content":false,"footnotes":""},"categories":[3278,3279,7237],"tags":[],"class_list":["post-101144","post","type-post","status-publish","format-standard","has-post-thumbnail","hentry","category-asufin-comunicats-cat","category-asufin-destacat-cat","category-europa-cat"],"acf":[],"jetpack_featured_media_url":"https:\/\/i0.wp.com\/staging.asufin.com\/staging\/wp-content\/uploads\/2020\/12\/banderas-ue-frente-comision-europea_163782-2390.jpg?fit=626%2C427&ssl=1","jetpack_shortlink":"https:\/\/wp.me\/peayLa-qjm","jetpack_likes_enabled":false,"jetpack_sharing_enabled":true,"_links":{"self":[{"href":"https:\/\/staging.asufin.com\/staging\/wp-json\/wp\/v2\/posts\/101144","targetHints":{"allow":["GET"]}}],"collection":[{"href":"https:\/\/staging.asufin.com\/staging\/wp-json\/wp\/v2\/posts"}],"about":[{"href":"https:\/\/staging.asufin.com\/staging\/wp-json\/wp\/v2\/types\/post"}],"author":[{"embeddable":true,"href":"https:\/\/staging.asufin.com\/staging\/wp-json\/wp\/v2\/users\/279"}],"replies":[{"embeddable":true,"href":"https:\/\/staging.asufin.com\/staging\/wp-json\/wp\/v2\/comments?post=101144"}],"version-history":[{"count":7,"href":"https:\/\/staging.asufin.com\/staging\/wp-json\/wp\/v2\/posts\/101144\/revisions"}],"predecessor-version":[{"id":101278,"href":"https:\/\/staging.asufin.com\/staging\/wp-json\/wp\/v2\/posts\/101144\/revisions\/101278"}],"wp:featuredmedia":[{"embeddable":true,"href":"https:\/\/staging.asufin.com\/staging\/wp-json\/wp\/v2\/media\/1633"}],"wp:attachment":[{"href":"https:\/\/staging.asufin.com\/staging\/wp-json\/wp\/v2\/media?parent=101144"}],"wp:term":[{"taxonomy":"category","embeddable":true,"href":"https:\/\/staging.asufin.com\/staging\/wp-json\/wp\/v2\/categories?post=101144"},{"taxonomy":"post_tag","embeddable":true,"href":"https:\/\/staging.asufin.com\/staging\/wp-json\/wp\/v2\/tags?post=101144"}],"curies":[{"name":"wp","href":"https:\/\/api.w.org\/{rel}","templated":true}]}}