{"id":102028,"date":"2022-06-03T09:05:19","date_gmt":"2022-06-03T09:05:19","guid":{"rendered":"https:\/\/www.asufin.com\/?p=102028"},"modified":"2022-07-14T08:09:58","modified_gmt":"2022-07-14T08:09:58","slug":"supremo-plantea-elevar-cuestion-prejudicial-tjue","status":"publish","type":"post","link":"https:\/\/staging.asufin.com\/staging\/supremo-plantea-elevar-cuestion-prejudicial-tjue\/","title":{"rendered":"El Supremo plantea a las partes si elevar una cuesti\u00f3n prejudicial al TJUE"},"content":{"rendered":"\t\t<div data-elementor-type=\"wp-post\" data-elementor-id=\"102028\" class=\"elementor elementor-102028\">\n\t\t\t\t\t\t<section class=\"elementor-section elementor-top-section elementor-element elementor-element-3cfc89d elementor-section-boxed elementor-section-height-default elementor-section-height-default\" data-id=\"3cfc89d\" data-element_type=\"section\">\n\t\t\t\t\t\t<div class=\"elementor-container elementor-column-gap-default\">\n\t\t\t\t\t<div class=\"elementor-column elementor-col-100 elementor-top-column elementor-element elementor-element-69d4cd7\" data-id=\"69d4cd7\" data-element_type=\"column\">\n\t\t\t<div class=\"elementor-widget-wrap elementor-element-populated\">\n\t\t\t\t\t\t<div class=\"elementor-element elementor-element-077b3db elementor-widget elementor-widget-text-editor\" data-id=\"077b3db\" data-element_type=\"widget\" data-widget_type=\"text-editor.default\">\n\t\t\t\t<div class=\"elementor-widget-container\">\n\t\t\t\t\t\t\t\t\t<h4>El Tribunal Supremo quiere que el TJUE se pronuncie sobre la demanda colectiva de cl\u00e1usula suelo<\/h4>\t\t\t\t\t\t\t\t<\/div>\n\t\t\t\t<\/div>\n\t\t\t\t<div class=\"elementor-element elementor-element-2f46eaf elementor-widget elementor-widget-text-editor\" data-id=\"2f46eaf\" data-element_type=\"widget\" data-widget_type=\"text-editor.default\">\n\t\t\t\t<div class=\"elementor-widget-container\">\n\t\t\t\t\t\t\t\t\t<p>El <a href=\"https:\/\/www.poderjudicial.es\/cgpj\/es\/Poder-Judicial\/Tribunal-Supremo\/\" target=\"_blank\" rel=\"noopener\">Tribunal Supremo<\/a> ha planteado elevar al TJUE la demanda colectiva interpuesta por Adicae contra m\u00e1s de 101 bancos pidiendo la nulidad de las cl\u00e1usulas suelo contenidas en los contratos suscritos con consumidores. Y acuerda <strong>un plazo de diez d\u00edas para que las partes se pronuncien sobre el planteamiento<\/strong> de la cuesti\u00f3n prejudicial.\u00a0<\/p><p>La cuesti\u00f3n prejudicial plantear\u00eda<strong> tres cuestiones:<\/strong><\/p><ol><li><strong>La compatibilidad entre el control de la acci\u00f3n colectiva de cesaci\u00f3n y el<\/strong><br \/><strong>control de transparencia<\/strong>, de la informaci\u00f3n suministrada al consumidor en cada caso.\u00a0<\/li><li>La dificultad de identificar a un <strong>consumidor medio en una macrodemanda.<\/strong><\/li><li>La posibilidad de<strong> acumular a una acci\u00f3n colectiva de cesaci\u00f3n una<\/strong><br \/><strong>acci\u00f3n restitutoria.<\/strong><\/li><\/ol>\t\t\t\t\t\t\t\t<\/div>\n\t\t\t\t<\/div>\n\t\t\t\t<div class=\"elementor-element elementor-element-16f4d00 elementor-widget elementor-widget-text-editor\" data-id=\"16f4d00\" data-element_type=\"widget\" data-widget_type=\"text-editor.default\">\n\t\t\t\t<div class=\"elementor-widget-container\">\n\t\t\t\t\t\t\t\t\t<h5><a href=\"https:\/\/panel.asufin.com\/archivos\/pdf\/A_PROVIDENCIA_TS_220601_VARIOS_DEMANDA_COLECTIVA_SUELO_ADICAE_CUESTION_PREJUDICIAL_TJUE_SIN.pdf\" target=\"_blank\" rel=\"noopener\">Descarga aqu\u00ed la providencia\u00a0<\/a><\/h5>\t\t\t\t\t\t\t\t<\/div>\n\t\t\t\t<\/div>\n\t\t\t\t<div class=\"elementor-element elementor-element-f1dc69d elementor-widget elementor-widget-text-editor\" data-id=\"f1dc69d\" data-element_type=\"widget\" data-widget_type=\"text-editor.default\">\n\t\t\t\t<div class=\"elementor-widget-container\">\n\t\t\t\t\t\t\t\t\t<p>Por otra parte, Europa ya se pronunci\u00f3 el pasado mayo sobre las cl\u00e1usulas suelo y <a href=\"https:\/\/staging.asufin.com\/staging\/el-tjue-acaba-con-la-cosa-juzgada\/\" target=\"_blank\" rel=\"noopener\">acab\u00f3 con la cosa juzgada.<\/a> Es decir,\u00a0<strong>a pesar de tener una sentencia firme, el consumidor podr\u00e1 seguir pleiteando por recuperar las cantidades no devueltas en su momento<\/strong>.<\/p><p>El <a href=\"https:\/\/curia.europa.eu\/jcms\/jcms\/j_6\/es\/\" target=\"_blank\" rel=\"noopener\">TJUE<\/a> antepone el derecho de la Uni\u00f3n al derecho espa\u00f1ol y se\u00f1ala que el principio de cosa juzgada <strong>va en contra de los derechos de los consumidores.<\/strong><\/p>\t\t\t\t\t\t\t\t<\/div>\n\t\t\t\t<\/div>\n\t\t\t\t<div class=\"elementor-element elementor-element-b09cb39 elementor-widget elementor-widget-video\" data-id=\"b09cb39\" data-element_type=\"widget\" data-settings=\"{&quot;youtube_url&quot;:&quot;https:\\\/\\\/www.youtube.com\\\/watch?v=YS2wP-LpQT8&amp;t&quot;,&quot;autoplay&quot;:&quot;yes&quot;,&quot;play_on_mobile&quot;:&quot;yes&quot;,&quot;mute&quot;:&quot;yes&quot;,&quot;loop&quot;:&quot;yes&quot;,&quot;video_type&quot;:&quot;youtube&quot;}\" data-widget_type=\"video.default\">\n\t\t\t\t<div class=\"elementor-widget-container\">\n\t\t\t\t\t\t\t<div class=\"elementor-wrapper elementor-open-inline\">\n\t\t\t<div class=\"elementor-video\"><\/div>\t\t<\/div>\n\t\t\t\t\t\t<\/div>\n\t\t\t\t<\/div>\n\t\t\t\t\t<\/div>\n\t\t<\/div>\n\t\t\t\t\t<\/div>\n\t\t<\/section>\n\t\t\t\t<\/div>\n\t\t","protected":false},"excerpt":{"rendered":"<p>El Tribunal Supremo quiere que el TJUE se pronuncie sobre la demanda colectiva de cl\u00e1usula suelo.<\/p>\n","protected":false},"author":279,"featured_media":44143,"comment_status":"open","ping_status":"closed","sticky":false,"template":"","format":"standard","meta":{"_acf_changed":false,"_jetpack_newsletter_access":"","_jetpack_dont_email_post_to_subs":false,"_jetpack_newsletter_tier_id":0,"_jetpack_memberships_contains_paywalled_content":false,"_jetpack_memberships_contains_paid_content":false,"footnotes":""},"categories":[138,43],"tags":[],"class_list":["post-102028","post","type-post","status-publish","format-standard","has-post-thumbnail","hentry","category-clausula-suelo","category-asufin-destacado"],"acf":[],"jetpack_featured_media_url":"https:\/\/i0.wp.com\/staging.asufin.com\/staging\/wp-content\/uploads\/2019\/07\/tribunal-supremo-cese-interinos-sentencia-e1605106698535.jpeg?fit=1200%2C564&ssl=1","jetpack_shortlink":"https:\/\/wp.me\/peayLa-qxC","jetpack_likes_enabled":false,"jetpack_sharing_enabled":true,"_links":{"self":[{"href":"https:\/\/staging.asufin.com\/staging\/wp-json\/wp\/v2\/posts\/102028","targetHints":{"allow":["GET"]}}],"collection":[{"href":"https:\/\/staging.asufin.com\/staging\/wp-json\/wp\/v2\/posts"}],"about":[{"href":"https:\/\/staging.asufin.com\/staging\/wp-json\/wp\/v2\/types\/post"}],"author":[{"embeddable":true,"href":"https:\/\/staging.asufin.com\/staging\/wp-json\/wp\/v2\/users\/279"}],"replies":[{"embeddable":true,"href":"https:\/\/staging.asufin.com\/staging\/wp-json\/wp\/v2\/comments?post=102028"}],"version-history":[{"count":23,"href":"https:\/\/staging.asufin.com\/staging\/wp-json\/wp\/v2\/posts\/102028\/revisions"}],"predecessor-version":[{"id":107535,"href":"https:\/\/staging.asufin.com\/staging\/wp-json\/wp\/v2\/posts\/102028\/revisions\/107535"}],"wp:featuredmedia":[{"embeddable":true,"href":"https:\/\/staging.asufin.com\/staging\/wp-json\/wp\/v2\/media\/44143"}],"wp:attachment":[{"href":"https:\/\/staging.asufin.com\/staging\/wp-json\/wp\/v2\/media?parent=102028"}],"wp:term":[{"taxonomy":"category","embeddable":true,"href":"https:\/\/staging.asufin.com\/staging\/wp-json\/wp\/v2\/categories?post=102028"},{"taxonomy":"post_tag","embeddable":true,"href":"https:\/\/staging.asufin.com\/staging\/wp-json\/wp\/v2\/tags?post=102028"}],"curies":[{"name":"wp","href":"https:\/\/api.w.org\/{rel}","templated":true}]}}