{"id":104250,"date":"2022-06-23T07:14:39","date_gmt":"2022-06-23T07:14:39","guid":{"rendered":"https:\/\/www.asufin.com\/?p=104250"},"modified":"2022-07-06T08:52:42","modified_gmt":"2022-07-06T08:52:42","slug":"mejoras-banca-online-vulnerables-no-se-perciben","status":"publish","type":"post","link":"https:\/\/staging.asufin.com\/staging\/mejoras-banca-online-vulnerables-no-se-perciben\/","title":{"rendered":"Las mejoras en las apps para los usuarios vulnerables van muy lentas: s\u00f3lo las ve el 5%"},"content":{"rendered":"\t\t<div data-elementor-type=\"wp-post\" data-elementor-id=\"104250\" class=\"elementor elementor-104250\">\n\t\t\t\t\t\t<section class=\"elementor-section elementor-top-section elementor-element elementor-element-b0eb960 elementor-section-boxed elementor-section-height-default elementor-section-height-default\" data-id=\"b0eb960\" data-element_type=\"section\">\n\t\t\t\t\t\t<div class=\"elementor-container elementor-column-gap-default\">\n\t\t\t\t\t<div class=\"elementor-column elementor-col-100 elementor-top-column elementor-element elementor-element-fa34de5\" data-id=\"fa34de5\" data-element_type=\"column\">\n\t\t\t<div class=\"elementor-widget-wrap elementor-element-populated\">\n\t\t\t\t\t\t<div class=\"elementor-element elementor-element-d37e81f elementor-widget elementor-widget-text-editor\" data-id=\"d37e81f\" data-element_type=\"widget\" data-widget_type=\"text-editor.default\">\n\t\t\t\t<div class=\"elementor-widget-container\">\n\t\t\t\t\t\t\t\t\t<h4>A cuatro meses de rubricarse el protocolo de la banca, los usuarios vulnerables encuentran a\u00fan dificultades en la operativa diaria y relaci\u00f3n con su entidad<\/h4>\t\t\t\t\t\t\t\t<\/div>\n\t\t\t\t<\/div>\n\t\t\t\t\t<\/div>\n\t\t<\/div>\n\t\t\t\t\t<\/div>\n\t\t<\/section>\n\t\t\t\t<section class=\"elementor-section elementor-top-section elementor-element elementor-element-4d4b6ed elementor-section-boxed elementor-section-height-default elementor-section-height-default\" data-id=\"4d4b6ed\" data-element_type=\"section\">\n\t\t\t\t\t\t<div class=\"elementor-container elementor-column-gap-default\">\n\t\t\t\t\t<div class=\"elementor-column elementor-col-100 elementor-top-column elementor-element elementor-element-2130097\" data-id=\"2130097\" data-element_type=\"column\">\n\t\t\t<div class=\"elementor-widget-wrap elementor-element-populated\">\n\t\t\t\t\t\t<div class=\"elementor-element elementor-element-80e1ba8 elementor-widget elementor-widget-text-editor\" data-id=\"80e1ba8\" data-element_type=\"widget\" data-widget_type=\"text-editor.default\">\n\t\t\t\t<div class=\"elementor-widget-container\">\n\t\t\t\t\t\t\t\t\t<p>La digitalizaci\u00f3n de las finanzas <strong>tendr\u00e1 que ser inclusiva o no servir\u00e1 a sus prop\u00f3sitos<\/strong>. As\u00ed se ha referido Patricia Su\u00e1rez, en su intervenci\u00f3n hoy, en el XXXIX Seminario de la APIE, que cada a\u00f1o tiene lugar en los cursos de verano de la UIMP, en Santander, y que en esta ocasi\u00f3n aborda la tem\u00e1tica de la digitalizaci\u00f3n y la sostenibilidad de las finanzas.<\/p><p>Su\u00e1rez ha avanzado <strong>parte de los resultados preliminares de un estudio que mide el grado de mejoras <a href=\"https:\/\/staging.asufin.com\/staging\/pedimos-a-economia-legislar-para-garantizar-a-la-sociedad-el-servicio-bancario-esencial\/\" target=\"_blank\" rel=\"noopener\">al que se comprometi\u00f3 el sector financiero el pasado mes de febrero<\/a><\/strong>, en presencia de la ministra de Asuntos Econ\u00f3micos y Transformaci\u00f3n Digital, Nadia Calvi\u00f1o. En la actualizaci\u00f3n del protocolo estrat\u00e9gico que firmaron todas las patronales de banca (AEB, CECA y UNACC), figuraban medidas como la ampliaci\u00f3n de la atenci\u00f3n a mayores, en horarios, y puesta a disposici\u00f3n de gestores y la mayor adaptaci\u00f3n a las necesidades de este colectivo, como la accesibilidad y sencillez de los cajeros, aplicaciones m\u00f3viles y webs con versiones simplificadas, entre otras cosas.<\/p><p>Pasados cuatro meses de los seis a los que se comprometi\u00f3 el sector para tener implementadas estas mejoras, el sondeo preliminar de ASUFIN detecta que se ha avanzado muy poco en hacer m\u00e1s accesible la digitalizaci\u00f3n bancaria. Apenas <strong>el 5% de los encuestados detecta mejoras, en cuanto a la simplificaci\u00f3n, de apps o entornos digitales<\/strong>. Y a s\u00f3lo un 11% se le ha ofrecido alg\u00fan tipo de formaci\u00f3n para mejorar su capacidad en este tipo de herramientas.<\/p><p>Algo m\u00e1s de la mitad, el 56%, considera el f\u00e1cil el manejo de un cajero como f\u00e1cil, siendo como es la principal v\u00eda de realizar operaciones para los mayores, una vez constatado el hecho de que <strong>la libreta de ahorros se est\u00e1 desincentivando: <a href=\"https:\/\/staging.asufin.com\/staging\/pedimos-a-economia-legislar-para-garantizar-a-la-sociedad-el-servicio-bancario-esencial\/\" target=\"_blank\" rel=\"noopener\">el 57% ya no puede usarla<\/a><\/strong> porque ha sido retirada por su entidad o bien han empezado a cobrarla.<\/p>\t\t\t\t\t\t\t\t<\/div>\n\t\t\t\t<\/div>\n\t\t\t\t\t<\/div>\n\t\t<\/div>\n\t\t\t\t\t<\/div>\n\t\t<\/section>\n\t\t\t\t<section class=\"elementor-section elementor-top-section elementor-element elementor-element-d7b5c83 elementor-section-boxed elementor-section-height-default elementor-section-height-default\" data-id=\"d7b5c83\" data-element_type=\"section\">\n\t\t\t\t\t\t<div class=\"elementor-container elementor-column-gap-default\">\n\t\t\t\t\t<div class=\"elementor-column elementor-col-100 elementor-top-column elementor-element elementor-element-b4e9084\" data-id=\"b4e9084\" data-element_type=\"column\">\n\t\t\t<div class=\"elementor-widget-wrap elementor-element-populated\">\n\t\t\t\t\t\t<div class=\"elementor-element elementor-element-20b4d69 elementor-widget elementor-widget-text-editor\" data-id=\"20b4d69\" data-element_type=\"widget\" data-widget_type=\"text-editor.default\">\n\t\t\t\t<div class=\"elementor-widget-container\">\n\t\t\t\t\t\t\t\t\t<h5><a href=\"https:\/\/staging.asufin.com\/staging\/5-sentencias-mas-relevantes-junio\/\" target=\"_blank\" rel=\"noopener\">\u00a1Descubre nuestras 5 sentencias m\u00e1s relevantes del mes de junio!<\/a><\/h5>\t\t\t\t\t\t\t\t<\/div>\n\t\t\t\t<\/div>\n\t\t\t\t\t<\/div>\n\t\t<\/div>\n\t\t\t\t\t<\/div>\n\t\t<\/section>\n\t\t\t\t<section class=\"elementor-section elementor-top-section elementor-element elementor-element-502b394 elementor-section-boxed elementor-section-height-default elementor-section-height-default\" data-id=\"502b394\" data-element_type=\"section\">\n\t\t\t\t\t\t<div class=\"elementor-container elementor-column-gap-default\">\n\t\t\t\t\t<div class=\"elementor-column elementor-col-100 elementor-top-column elementor-element elementor-element-2cffd0b\" data-id=\"2cffd0b\" data-element_type=\"column\">\n\t\t\t<div class=\"elementor-widget-wrap elementor-element-populated\">\n\t\t\t\t\t\t<div class=\"elementor-element elementor-element-4aaa2d3 elementor-widget elementor-widget-text-editor\" data-id=\"4aaa2d3\" data-element_type=\"widget\" data-widget_type=\"text-editor.default\">\n\t\t\t\t<div class=\"elementor-widget-container\">\n\t\t\t\t\t\t\t\t\t<p>Su\u00e1rez tambi\u00e9n se refiri\u00f3 a la importancia de promover de forma m\u00e1s activa la inversi\u00f3n sostenible entre el inversor medio. La conocida como inversi\u00f3n ASG (sostenible desde el punto de vista ambiental, social y de gobernanza) ya represent\u00f3 en 2020 el 54% del total, frente a la convencional, seg\u00fan el <a href=\"https:\/\/www.spainsif.es\/wp-content\/uploads\/2021\/10\/Presentacion-estudio-anual-.pdf\" target=\"_blank\" rel=\"noopener\">estudio de 2021<\/a> de Inversi\u00f3n Sostenible y Responsable de Spainsif, asociaci\u00f3n representativa del sector, a la que tambi\u00e9n pertenece ASUFIN, con activos ASG, gestionados por entidades nacionales e internacionales en Espa\u00f1a, que alcanzaron los 345.314 millones de euros ese a\u00f1o.<\/p><p>La inversi\u00f3n institucional en activos ASG sigue siendo mayoritaria, del 79% pero, a\u00f1o tras a\u00f1o, crece la proporci\u00f3n correspondiente al segmento retail, del 3% en 2015; del 7%, en 2017; del 15%, en 2018; del 19%, en 2019, y ya del 21%, el \u00faltimo a\u00f1o considerado, 2020.<\/p><p>Para que esta inversi\u00f3n siga teniendo protagonismo en las decisiones del inversor minorista es imprescindible dotarle de la informaci\u00f3n m\u00e1s precisa y de mayor calidad. Cabe recordar que <strong>a partir de agosto de este a\u00f1o, el banco est\u00e1 obligado a preguntar al cliente sobre sus preferencias en inversi\u00f3n sostenible<\/strong>, adem\u00e1s de los tradicionales criterios sobre rentabilidad y nivel de riesgo. \u00a0<\/p><p>De cara a esta nueva obligaci\u00f3n, la <a href=\"https:\/\/www.wwf.es\/nuestro_trabajo\/clima_y_energia\/finanzas_climaticas\/inversiones_verdes\/\" target=\"_blank\" rel=\"noopener\">organizaci\u00f3n WWF<\/a> demanda a las entidades una serie de buenas pr\u00e1cticas, que ASUFIN comparte en su totalidad:<\/p><ul><li>Deben capacitar a su red comercial y de marketing, sobre aspectos ASG, en particular sobre los riesgos y oportunidades del cambio clim\u00e1tico para los inversores minoristas.<\/li><li>Comunicar de forma clara a los clientes sobre la importancia de los riesgos del cambio clim\u00e1tico en el ahorro y la inversi\u00f3n.<\/li><li>Proporcionar la informaci\u00f3n necesaria sobre los criterios para calificar el producto financiero como sostenible, as\u00ed como su desempe\u00f1o, m\u00e1s all\u00e1 del riesgo y la rentabilidad.<\/li><\/ul>\t\t\t\t\t\t\t\t<\/div>\n\t\t\t\t<\/div>\n\t\t\t\t\t<\/div>\n\t\t<\/div>\n\t\t\t\t\t<\/div>\n\t\t<\/section>\n\t\t\t\t<\/div>\n\t\t","protected":false},"excerpt":{"rendered":"<p>A cuatro meses de rubricarse el protocolo de la banca, los usuarios vulnerables encuentran a\u00fan dificultades en la operativa diaria y su relaci\u00f3n con la entidad<\/p>\n","protected":false},"author":279,"featured_media":104848,"comment_status":"open","ping_status":"closed","sticky":false,"template":"","format":"standard","meta":{"_acf_changed":false,"_jetpack_newsletter_access":"","_jetpack_dont_email_post_to_subs":false,"_jetpack_newsletter_tier_id":0,"_jetpack_memberships_contains_paywalled_content":false,"_jetpack_memberships_contains_paid_content":false,"footnotes":""},"categories":[103,43,3333],"tags":[],"class_list":["post-104250","post","type-post","status-publish","format-standard","has-post-thumbnail","hentry","category-asufin-comunicados","category-asufin-destacado","category-educacion-financiera"],"acf":[],"jetpack_featured_media_url":"https:\/\/i0.wp.com\/staging.asufin.com\/staging\/wp-content\/uploads\/2022\/06\/220623_CURSOS_UIMP_APIE.jpeg?fit=2560%2C1725&ssl=1","jetpack_shortlink":"https:\/\/wp.me\/peayLa-r7s","jetpack_likes_enabled":false,"jetpack_sharing_enabled":true,"_links":{"self":[{"href":"https:\/\/staging.asufin.com\/staging\/wp-json\/wp\/v2\/posts\/104250","targetHints":{"allow":["GET"]}}],"collection":[{"href":"https:\/\/staging.asufin.com\/staging\/wp-json\/wp\/v2\/posts"}],"about":[{"href":"https:\/\/staging.asufin.com\/staging\/wp-json\/wp\/v2\/types\/post"}],"author":[{"embeddable":true,"href":"https:\/\/staging.asufin.com\/staging\/wp-json\/wp\/v2\/users\/279"}],"replies":[{"embeddable":true,"href":"https:\/\/staging.asufin.com\/staging\/wp-json\/wp\/v2\/comments?post=104250"}],"version-history":[{"count":27,"href":"https:\/\/staging.asufin.com\/staging\/wp-json\/wp\/v2\/posts\/104250\/revisions"}],"predecessor-version":[{"id":106480,"href":"https:\/\/staging.asufin.com\/staging\/wp-json\/wp\/v2\/posts\/104250\/revisions\/106480"}],"wp:featuredmedia":[{"embeddable":true,"href":"https:\/\/staging.asufin.com\/staging\/wp-json\/wp\/v2\/media\/104848"}],"wp:attachment":[{"href":"https:\/\/staging.asufin.com\/staging\/wp-json\/wp\/v2\/media?parent=104250"}],"wp:term":[{"taxonomy":"category","embeddable":true,"href":"https:\/\/staging.asufin.com\/staging\/wp-json\/wp\/v2\/categories?post=104250"},{"taxonomy":"post_tag","embeddable":true,"href":"https:\/\/staging.asufin.com\/staging\/wp-json\/wp\/v2\/tags?post=104250"}],"curies":[{"name":"wp","href":"https:\/\/api.w.org\/{rel}","templated":true}]}}