{"id":107149,"date":"2022-07-12T15:58:48","date_gmt":"2022-07-12T15:58:48","guid":{"rendered":"https:\/\/www.asufin.com\/?p=107149"},"modified":"2022-07-12T15:59:29","modified_gmt":"2022-07-12T15:59:29","slug":"huelga-aerolinea-puedes-reclamar","status":"publish","type":"post","link":"https:\/\/staging.asufin.com\/staging\/huelga-aerolinea-puedes-reclamar\/","title":{"rendered":"Si sufres la huelga de personal de una aerol\u00ednea, puedes reclamar compensaciones adicionales"},"content":{"rendered":"\t\t<div data-elementor-type=\"wp-post\" data-elementor-id=\"107149\" class=\"elementor elementor-107149\">\n\t\t\t\t\t\t<section class=\"elementor-section elementor-top-section elementor-element elementor-element-505d785 elementor-section-boxed elementor-section-height-default elementor-section-height-default\" data-id=\"505d785\" data-element_type=\"section\">\n\t\t\t\t\t\t<div class=\"elementor-container elementor-column-gap-default\">\n\t\t\t\t\t<div class=\"elementor-column elementor-col-100 elementor-top-column elementor-element elementor-element-43a081e\" data-id=\"43a081e\" data-element_type=\"column\">\n\t\t\t<div class=\"elementor-widget-wrap elementor-element-populated\">\n\t\t\t\t\t\t<div class=\"elementor-element elementor-element-cfe71f7 elementor-widget elementor-widget-text-editor\" data-id=\"cfe71f7\" data-element_type=\"widget\" data-widget_type=\"text-editor.default\">\n\t\t\t\t<div class=\"elementor-widget-container\">\n\t\t\t\t\t\t\t\t\t<h4>La jurisprudencia del TJUE\u00a0 da la raz\u00f3n al consumidor frente a la aerol\u00ednea en sus pretensiones ante eventos como los que est\u00e1n aconteciendo con Ryanair o Easyjet<\/h4>\t\t\t\t\t\t\t\t<\/div>\n\t\t\t\t<\/div>\n\t\t\t\t\t<\/div>\n\t\t<\/div>\n\t\t\t\t\t<\/div>\n\t\t<\/section>\n\t\t\t\t<section class=\"elementor-section elementor-top-section elementor-element elementor-element-e4ec123 elementor-section-boxed elementor-section-height-default elementor-section-height-default\" data-id=\"e4ec123\" data-element_type=\"section\">\n\t\t\t\t\t\t<div class=\"elementor-container elementor-column-gap-default\">\n\t\t\t\t\t<div class=\"elementor-column elementor-col-100 elementor-top-column elementor-element elementor-element-d17db3f\" data-id=\"d17db3f\" data-element_type=\"column\">\n\t\t\t<div class=\"elementor-widget-wrap elementor-element-populated\">\n\t\t\t\t\t\t<div class=\"elementor-element elementor-element-ecd70f0 elementor-widget elementor-widget-text-editor\" data-id=\"ecd70f0\" data-element_type=\"widget\" data-widget_type=\"text-editor.default\">\n\t\t\t\t<div class=\"elementor-widget-container\">\n\t\t\t\t\t\t\t\t\t<p>Las aerol\u00edneas no se pueden escudar en las excepciones que establece la ley (las conocidas como circunstancias extraordinarias) y eludir el pago de compensaciones adicionales ante una huelga de personal, como las que estamos viviendo con la aerol\u00ednea Ryanair o Easyjet. Si bien el <a href=\"https:\/\/eur-lex.europa.eu\/legal-content\/ES\/TXT\/?uri=CELEX:32004R0261\" target=\"_blank\" rel=\"noopener\">reglamento europeo de 2004<\/a> sobre compensaci\u00f3n y asistencia a pasajeros a\u00e9reos as\u00ed lo establece, <strong>la jurisprudencia posterior del Tribunal de Justicia de la UE (TJUE) ha matizado que no lo es, dado que el reglamento no lo desarrolla.<\/strong> Es una de las claves ofrecidas hoy por Cristina Borrallo, abogada y vicepresidenta de ASUFIN Baleares, en nuestro webinar sobre <a href=\"https:\/\/staging.asufin.com\/staging\/reclama\/aerolineas\/\" target=\"_blank\" rel=\"noopener\">reclamaciones<\/a> contra aerol\u00edneas.<\/p><p>De hecho, hay sentencias de la corte europea que dan la raz\u00f3n al consumidor como la <a href=\"https:\/\/curia.europa.eu\/juris\/liste.jsf?num=C-195\/17&amp;language=EShttps:\/\/curia.europa.eu\/juris\/liste.jsf?num=C-195\/17&amp;language=ES\" target=\"_blank\" rel=\"noopener\">C-195\/17<\/a> o la <a href=\"https:\/\/curia.europa.eu\/juris\/document\/document.jsf?text=&amp;docid=247065&amp;pageIndex=0&amp;doclang=es&amp;mode=lst&amp;dir=&amp;occ=first&amp;part=1&amp;cid=769494\" target=\"_blank\" rel=\"noopener\">C-613\/20<\/a> contra Eurowings. <strong>Esta afecci\u00f3n se da cuando la aerol\u00ednea no ha comunicado en tiempo y forma (14 d\u00edas de antelaci\u00f3n) las consecuencias de la huelga<\/strong>, y el pasajero llega al aeropuerto y se encuentra con la desagradable sorpresa de ver cancelado su vuelo en el monitor de la terminal.<\/p><p>En estos casos, adem\u00e1s de tener derecho a atenci\u00f3n y al reembolso del billete, traslado en el transporte alternativo m\u00e1s r\u00e1pido posible al destino, o traslado alternativo en la fecha que el cliente decida, el pasajero puede reclamar <strong>una compensaci\u00f3n adicional en funci\u00f3n de los kil\u00f3metros que medien entre lugar de salida y lugar de destino final<\/strong>, que van desde los 250 euros por pasajero (para distancias hasta 1.500 km) hasta los 600 euros, para vuelos intercontinentales de m\u00e1s de 3.500 km.<\/p>\t\t\t\t\t\t\t\t<\/div>\n\t\t\t\t<\/div>\n\t\t\t\t\t<\/div>\n\t\t<\/div>\n\t\t\t\t\t<\/div>\n\t\t<\/section>\n\t\t\t\t<section class=\"elementor-section elementor-top-section elementor-element elementor-element-c18dc12 elementor-section-boxed elementor-section-height-default elementor-section-height-default\" data-id=\"c18dc12\" data-element_type=\"section\">\n\t\t\t\t\t\t<div class=\"elementor-container elementor-column-gap-default\">\n\t\t\t\t\t<div class=\"elementor-column elementor-col-100 elementor-top-column elementor-element elementor-element-f659a3b\" data-id=\"f659a3b\" data-element_type=\"column\">\n\t\t\t<div class=\"elementor-widget-wrap elementor-element-populated\">\n\t\t\t\t\t\t<div class=\"elementor-element elementor-element-3efc8fa elementor-widget elementor-widget-text-editor\" data-id=\"3efc8fa\" data-element_type=\"widget\" data-widget_type=\"text-editor.default\">\n\t\t\t\t<div class=\"elementor-widget-container\">\n\t\t\t\t\t\t\t\t\t<h5><a href=\"https:\/\/staging.asufin.com\/staging\/fichero-morosos-como-salir-asnef\/\" target=\"_blank\" rel=\"noopener\">No veas vulnerados tus derechos si est\u00e1s en un fichero de morosos: te informamos de todo aqu\u00ed<\/a><\/h5>\t\t\t\t\t\t\t\t<\/div>\n\t\t\t\t<\/div>\n\t\t\t\t\t<\/div>\n\t\t<\/div>\n\t\t\t\t\t<\/div>\n\t\t<\/section>\n\t\t\t\t<section class=\"elementor-section elementor-top-section elementor-element elementor-element-1fe8e58 elementor-section-boxed elementor-section-height-default elementor-section-height-default\" data-id=\"1fe8e58\" data-element_type=\"section\">\n\t\t\t\t\t\t<div class=\"elementor-container elementor-column-gap-default\">\n\t\t\t\t\t<div class=\"elementor-column elementor-col-100 elementor-top-column elementor-element elementor-element-0e42ac9\" data-id=\"0e42ac9\" data-element_type=\"column\">\n\t\t\t<div class=\"elementor-widget-wrap elementor-element-populated\">\n\t\t\t\t\t\t<div class=\"elementor-element elementor-element-47d187d elementor-widget elementor-widget-text-editor\" data-id=\"47d187d\" data-element_type=\"widget\" data-widget_type=\"text-editor.default\">\n\t\t\t\t<div class=\"elementor-widget-container\">\n\t\t\t\t\t\t\t\t\t<p>Adem\u00e1s, la abogada recomend\u00f3 <strong>guardar todas las evidencias de perjuicios o gastos extras incurridos ante determinadas incidencias<\/strong>, para luego reclamar: si no hemos podido disfrutar de un hotel o si hemos tenido que comprar un nuevo billete con otra compa\u00f1\u00eda. Tambi\u00e9n se refiri\u00f3 a los <strong>da\u00f1os y p\u00e9rdidas de equipaje<\/strong>. Recomend\u00f3 no salir del aeropuerto sin hacer el parte por p\u00e9rdida, roturao retraso (el conocido como parte PIR) en el mismo aeropuerto. Hay que acudir a los mostradores de la compa\u00f1\u00eda a\u00e9rea y formular dicho parte, dado que para reclamaciones posteriores, algunas compa\u00f1\u00edas obligan a la presentaci\u00f3n in situ de este documento.<\/p><p>Adem\u00e1s, <strong>no nos pueden cobrar por el equipaje de mano que subimos al avi\u00f3n.<\/strong> La Direcci\u00f3n General de Consumo de Baleares, por ejemplo, ha impuesto multas por esta circunstancia. Y si el consumidor se viera obligado a hacerlo, hay que guardar esos recibos porque se puedne reclamar.Tambi\u00e9n se refiri\u00f3 a los m\u00faltiples problemas que pueden generar los alquileres tur\u00edsticos. Como con el caso de las aerol\u00edneas, aconsej\u00f3 <strong>guardar todas las pruebas que acrediten irregularidades as\u00ed como que contradigan la informaci\u00f3n previamente dada<\/strong>: como esa vivienda vacacional que se ofrece en primera l\u00ednea de playa y que finalmente obliga a recorrer en coche 20 km para llegar.<\/p><p>Hay <strong><a href=\"https:\/\/staging.asufin.com\/staging\/aerolineas-las-companias-huyen-del-sistema-arbitral-como-herramienta-para-resolver-la-creciente-litigiosidad\/\" target=\"_blank\" rel=\"noopener\">mucho desconocimiento<\/a> acerca de los derechos que nos asisten como pasajeros<\/strong>, hasta el punto de que un m\u00ednimo porcentaje, s\u00f3lo el 14% seg\u00fan datos del Eurobar\u00f3metro, acreditan tenerlos, destac\u00f3 Borrallo.<\/p>\t\t\t\t\t\t\t\t<\/div>\n\t\t\t\t<\/div>\n\t\t\t\t\t<\/div>\n\t\t<\/div>\n\t\t\t\t\t<\/div>\n\t\t<\/section>\n\t\t\t\t<\/div>\n\t\t","protected":false},"excerpt":{"rendered":"<p>La jurisprudencia del TJUE da la raz\u00f3n al consumidor frente a la aerol\u00ednea en sus pretensiones ante eventos, como los que estamos viviendo con Ryanair o Easyjet<\/p>\n","protected":false},"author":279,"featured_media":107156,"comment_status":"open","ping_status":"closed","sticky":false,"template":"","format":"standard","meta":{"_acf_changed":false,"_jetpack_newsletter_access":"","_jetpack_dont_email_post_to_subs":false,"_jetpack_newsletter_tier_id":0,"_jetpack_memberships_contains_paywalled_content":false,"_jetpack_memberships_contains_paid_content":false,"footnotes":""},"categories":[3240,103,43,6771],"tags":[],"class_list":["post-107149","post","type-post","status-publish","format-standard","has-post-thumbnail","hentry","category-aerolineas","category-asufin-comunicados","category-asufin-destacado","category-webinar"],"acf":[],"jetpack_featured_media_url":"https:\/\/i0.wp.com\/staging.asufin.com\/staging\/wp-content\/uploads\/2022\/07\/webinar-aerolineas.jpeg?fit=1000%2C667&ssl=1","jetpack_shortlink":"https:\/\/wp.me\/peayLa-rSd","jetpack_likes_enabled":false,"jetpack_sharing_enabled":true,"_links":{"self":[{"href":"https:\/\/staging.asufin.com\/staging\/wp-json\/wp\/v2\/posts\/107149","targetHints":{"allow":["GET"]}}],"collection":[{"href":"https:\/\/staging.asufin.com\/staging\/wp-json\/wp\/v2\/posts"}],"about":[{"href":"https:\/\/staging.asufin.com\/staging\/wp-json\/wp\/v2\/types\/post"}],"author":[{"embeddable":true,"href":"https:\/\/staging.asufin.com\/staging\/wp-json\/wp\/v2\/users\/279"}],"replies":[{"embeddable":true,"href":"https:\/\/staging.asufin.com\/staging\/wp-json\/wp\/v2\/comments?post=107149"}],"version-history":[{"count":12,"href":"https:\/\/staging.asufin.com\/staging\/wp-json\/wp\/v2\/posts\/107149\/revisions"}],"predecessor-version":[{"id":107162,"href":"https:\/\/staging.asufin.com\/staging\/wp-json\/wp\/v2\/posts\/107149\/revisions\/107162"}],"wp:featuredmedia":[{"embeddable":true,"href":"https:\/\/staging.asufin.com\/staging\/wp-json\/wp\/v2\/media\/107156"}],"wp:attachment":[{"href":"https:\/\/staging.asufin.com\/staging\/wp-json\/wp\/v2\/media?parent=107149"}],"wp:term":[{"taxonomy":"category","embeddable":true,"href":"https:\/\/staging.asufin.com\/staging\/wp-json\/wp\/v2\/categories?post=107149"},{"taxonomy":"post_tag","embeddable":true,"href":"https:\/\/staging.asufin.com\/staging\/wp-json\/wp\/v2\/tags?post=107149"}],"curies":[{"name":"wp","href":"https:\/\/api.w.org\/{rel}","templated":true}]}}