{"id":107883,"date":"2022-07-19T08:07:30","date_gmt":"2022-07-19T08:07:30","guid":{"rendered":"https:\/\/www.asufin.com\/?p=107883"},"modified":"2022-07-19T08:30:57","modified_gmt":"2022-07-19T08:30:57","slug":"objectiu-renovar-climaticament-el-nostre-parc-dhabitatges","status":"publish","type":"post","link":"https:\/\/staging.asufin.com\/staging\/ca\/objectiu-renovar-climaticament-el-nostre-parc-dhabitatges\/","title":{"rendered":"Objectiu: renovar clim\u00e0ticament el nostre parc d&#8217;habitatges"},"content":{"rendered":"\t\t<div data-elementor-type=\"wp-post\" data-elementor-id=\"107883\" class=\"elementor elementor-107883\">\n\t\t\t\t\t\t<section class=\"elementor-section elementor-top-section elementor-element elementor-element-be2dfe3 elementor-section-boxed elementor-section-height-default elementor-section-height-default\" data-id=\"be2dfe3\" data-element_type=\"section\">\n\t\t\t\t\t\t<div class=\"elementor-container elementor-column-gap-default\">\n\t\t\t\t\t<div class=\"elementor-column elementor-col-100 elementor-top-column elementor-element elementor-element-f526eb5\" data-id=\"f526eb5\" data-element_type=\"column\">\n\t\t\t<div class=\"elementor-widget-wrap elementor-element-populated\">\n\t\t\t\t\t\t<div class=\"elementor-element elementor-element-ca9ea2f elementor-widget elementor-widget-text-editor\" data-id=\"ca9ea2f\" data-element_type=\"widget\" data-widget_type=\"text-editor.default\">\n\t\t\t\t<div class=\"elementor-widget-container\">\n\t\t\t\t\t\t\t\t\t<h4>Les nostres llars s\u00f3n responsables del 21% de les emissions de carboni, aix\u00f2 obliga a prendre mesures urgents per a reduir l&#8217;\u00fas d&#8217;energia, com l&#8217;impuls decidit a la rehabilitaci\u00f3 del parc d&#8217;habitatges<\/h4>\t\t\t\t\t\t\t\t<\/div>\n\t\t\t\t<\/div>\n\t\t\t\t\t<\/div>\n\t\t<\/div>\n\t\t\t\t\t<\/div>\n\t\t<\/section>\n\t\t\t\t<section class=\"elementor-section elementor-top-section elementor-element elementor-element-2fdc9d2 elementor-section-boxed elementor-section-height-default elementor-section-height-default\" data-id=\"2fdc9d2\" data-element_type=\"section\">\n\t\t\t\t\t\t<div class=\"elementor-container elementor-column-gap-default\">\n\t\t\t\t\t<div class=\"elementor-column elementor-col-100 elementor-top-column elementor-element elementor-element-8f4698d\" data-id=\"8f4698d\" data-element_type=\"column\">\n\t\t\t<div class=\"elementor-widget-wrap elementor-element-populated\">\n\t\t\t\t\t\t<div class=\"elementor-element elementor-element-ec856db elementor-widget elementor-widget-text-editor\" data-id=\"ec856db\" data-element_type=\"widget\" data-widget_type=\"text-editor.default\">\n\t\t\t\t<div class=\"elementor-widget-container\">\n\t\t\t\t\t\t\t\t\t<p>Ens hem sumat a la <a href=\"https:\/\/unlock.green\/es\/\" target=\"_blank\" rel=\"noopener\">campanya\u00a0Unlock\u00a0<\/a>que demana a les autoritats financeres que desbloquegin un finan\u00e7ament assequible per a la renovaci\u00f3 energ\u00e8tica i rehabilitaci\u00f3 dels habitatges. \u00c9s poc probable que els bancs facin aquest pas per si mateixos pel que instem les autoritats pol\u00edtiques i financeres que demanin al sector que desenvolupi productes assumibles per als propietaris.<br \/><br \/>Actualment, les nostres llars s\u00f3n responsables del 21% de les <a href=\"https:\/\/staging.asufin.com\/staging\/el-cambio-climatico-es-el-problema-mas-grave-al-que-nos-enfrentamos\/\">emissions de carboni<\/a>, aix\u00f2 ens obliga a prendre mesures urgents per a reduir l&#8217;\u00fas d&#8217;energia en les nostres llars. A aix\u00f2 se suma que el parc immobiliari d&#8217;Europa \u00e9s dels m\u00e9s antics i el que canvis m\u00e9s lents duu a terme: m\u00e9s de 220 milions d&#8217;edificis, el 85% del total, es van construir abans de 2001. I la majoria seguir\u00e0 en peus en 2050, l&#8217;any objectiu per a aconseguir la neutralitat energ\u00e8tica.<br \/><br \/>D&#8217;altra banda, la renovaci\u00f3 clim\u00e0tica de les llars faria estalviar fins a 1.100 euros a l&#8217;any als seus propietaris. Per no referir-nos al fet que l&#8217;actual context b\u00e8l\u00b7lic ens recorda l&#8217;alta depend\u00e8ncia que tenim dels combustibles f\u00f2ssils.<\/p>\t\t\t\t\t\t\t\t<\/div>\n\t\t\t\t<\/div>\n\t\t\t\t\t<\/div>\n\t\t<\/div>\n\t\t\t\t\t<\/div>\n\t\t<\/section>\n\t\t\t\t<section class=\"elementor-section elementor-top-section elementor-element elementor-element-4d9e1e9 elementor-section-boxed elementor-section-height-default elementor-section-height-default\" data-id=\"4d9e1e9\" data-element_type=\"section\">\n\t\t\t\t\t\t<div class=\"elementor-container elementor-column-gap-default\">\n\t\t\t\t\t<div class=\"elementor-column elementor-col-100 elementor-top-column elementor-element elementor-element-f0d42f7\" data-id=\"f0d42f7\" data-element_type=\"column\">\n\t\t\t<div class=\"elementor-widget-wrap elementor-element-populated\">\n\t\t\t\t\t\t<div class=\"elementor-element elementor-element-2f5dacb elementor-widget elementor-widget-text-editor\" data-id=\"2f5dacb\" data-element_type=\"widget\" data-widget_type=\"text-editor.default\">\n\t\t\t\t<div class=\"elementor-widget-container\">\n\t\t\t\t\t\t\t\t\t<p><a href=\"https:\/\/staging.asufin.com\/staging\/ahorrar-factura-luz-crisis-energetica\/\">Preocupat per la teva factura energ\u00e8tica? T&#8217;expliquem tot el que has de saber<\/a><\/p>\t\t\t\t\t\t\t\t<\/div>\n\t\t\t\t<\/div>\n\t\t\t\t\t<\/div>\n\t\t<\/div>\n\t\t\t\t\t<\/div>\n\t\t<\/section>\n\t\t\t\t<section class=\"elementor-section elementor-top-section elementor-element elementor-element-de95499 elementor-section-boxed elementor-section-height-default elementor-section-height-default\" data-id=\"de95499\" data-element_type=\"section\">\n\t\t\t\t\t\t<div class=\"elementor-container elementor-column-gap-default\">\n\t\t\t\t\t<div class=\"elementor-column elementor-col-100 elementor-top-column elementor-element elementor-element-fd0ef96\" data-id=\"fd0ef96\" data-element_type=\"column\">\n\t\t\t<div class=\"elementor-widget-wrap elementor-element-populated\">\n\t\t\t\t\t\t<div class=\"elementor-element elementor-element-be6a3e2 elementor-widget elementor-widget-text-editor\" data-id=\"be6a3e2\" data-element_type=\"widget\" data-widget_type=\"text-editor.default\">\n\t\t\t\t<div class=\"elementor-widget-container\">\n\t\t\t\t\t\t\t\t\t<p>La Comissi\u00f3 Europea ja est\u00e0 fent passos en aquesta direcci\u00f3 amb la seva ambiciosa <a href=\"https:\/\/eur-lex.europa.eu\/resource.html?uri=cellar:0638aa1d-0f02-11eb-bc07-01aa75ed71a1.0022.02\/DOC_1&amp;format=PDF\" target=\"_blank\" rel=\"noopener\">Estrat\u00e8gia Onada de Renovaci\u00f3<\/a> i al nostre pa\u00eds s&#8217;habiliten <a href=\"https:\/\/sede.agenciatributaria.gob.es\/Sede\/vivienda-otros-inmuebles\/deducciones-obras-mejora-eficiencia-energetica-viviendas.html\" target=\"_blank\" rel=\"noopener\">deduccions<\/a> per obres de millora de l&#8217;efici\u00e8ncia energ\u00e8tica dels habitatges. Per\u00f2 no \u00e9s suficient. Actualment existeix un d\u00e8ficit d&#8217;inversi\u00f3 a Europa de 275.000 milions d&#8217;euros a l&#8217;any que els governs no poden cobrir per si mateixos.<\/p>\n<p>Invertir en la renovaci\u00f3 i rehabilitaci\u00f3 d&#8217;habitatges tamb\u00e9 provocaria un efecte va dominar en el sector de la construcci\u00f3 i donaria un impuls a l&#8217;ocupaci\u00f3 en tota Espanya. Aquestes inversions en el nostre benestar i el nostre futur, podrien generar fins a 108.000 nous llocs de treball estables i ecol\u00f2gics, segons dades sindicals.<\/p>\n<p>Patricia Su\u00e1rez, presidenta d&#8217;ASUFIN, declara que: \u201cLa millor forma que tenen les entitats de predicar amb l&#8217;exemple en mat\u00e8ria de sostenibilitat financera \u00e9s posar a l&#8217;abast dels clients pr\u00e9stecs assequibles que donin una resposta real a necessitats concretes, com la que exposem a trav\u00e9s d&#8217;aquesta iniciativa. Nom\u00e9s aix\u00ed anirem fent passos decidits i realistes\u201d.<\/p>\n<p>La coalici\u00f3&nbsp;Unlock&nbsp;est\u00e0 impulsada per l&#8217;organitzaci\u00f3&nbsp;<a href=\"https:\/\/www.positivemoney.eu\/?gclid=Cj0KCQjw5ZSWBhCVARIsALERCvxibhuVYW2G0ISJiJ2QdIOStSLcV-lDD-tAJlVEr-HFLBrRrbsoJ7EaAsbtEALw_wcB\" target=\"_blank\" rel=\"noopener\">Positive&nbsp;Money&nbsp;Europe<\/a>, en col\u00b7laboraci\u00f3 amb&nbsp;<a href=\"https:\/\/www.revoprosper.org\/\" target=\"_blank\" rel=\"noopener\">Revo Prosperidad Sostenible,<\/a> <a href=\"https:\/\/www.aunaforum.com\/\" target=\"_blank\" rel=\"noopener\">A\u00fana forum<\/a> i ASUFIN.<\/p>\t\t\t\t\t\t\t\t<\/div>\n\t\t\t\t<\/div>\n\t\t\t\t\t<\/div>\n\t\t<\/div>\n\t\t\t\t\t<\/div>\n\t\t<\/section>\n\t\t\t\t<section class=\"elementor-section elementor-top-section elementor-element elementor-element-377549b elementor-section-boxed elementor-section-height-default elementor-section-height-default\" data-id=\"377549b\" data-element_type=\"section\">\n\t\t\t\t\t\t<div class=\"elementor-container elementor-column-gap-default\">\n\t\t\t\t\t<div class=\"elementor-column elementor-col-100 elementor-top-column elementor-element elementor-element-e66dced\" data-id=\"e66dced\" data-element_type=\"column\">\n\t\t\t<div class=\"elementor-widget-wrap elementor-element-populated\">\n\t\t\t\t\t\t<div class=\"elementor-element elementor-element-045b904 elementor-widget elementor-widget-text-editor\" data-id=\"045b904\" data-element_type=\"widget\" data-widget_type=\"text-editor.default\">\n\t\t\t\t<div class=\"elementor-widget-container\">\n\t\t\t\t\t\t\t\t\t<h5><a href=\"https:\/\/unlock.green\/es\/peticion\/\" target=\"_blank\" rel=\"noopener\">Volem que ens donis suport! Si vols unir-te a la campanya, pots fer-ho aqu\u00ed<\/a><\/h5>\t\t\t\t\t\t\t\t<\/div>\n\t\t\t\t<\/div>\n\t\t\t\t\t<\/div>\n\t\t<\/div>\n\t\t\t\t\t<\/div>\n\t\t<\/section>\n\t\t\t\t<\/div>\n\t\t","protected":false},"excerpt":{"rendered":"<p>Les nostres llars s\u00f3n responsables del 21% de les emissions de carboni, aix\u00f2 obliga a prendre mesures urgents per a reduir l&#8217;\u00fas d&#8217;energia, com l&#8217;impuls decidit a la rehabilitaci\u00f3 del parc d&#8217;habitatges Ens hem sumat a la campanya\u00a0Unlock\u00a0que demana a les autoritats financeres que desbloquegin un finan\u00e7ament assequible per a la renovaci\u00f3 energ\u00e8tica i rehabilitaci\u00f3 [&hellip;]<\/p>\n","protected":false},"author":279,"featured_media":107495,"comment_status":"open","ping_status":"closed","sticky":false,"template":"","format":"standard","meta":{"_acf_changed":false,"_jetpack_newsletter_access":"","_jetpack_dont_email_post_to_subs":false,"_jetpack_newsletter_tier_id":0,"_jetpack_memberships_contains_paywalled_content":false,"_jetpack_memberships_contains_paid_content":false,"footnotes":""},"categories":[3278,3279,6882],"tags":[],"class_list":["post-107883","post","type-post","status-publish","format-standard","has-post-thumbnail","hentry","category-asufin-comunicats-cat","category-asufin-destacat-cat","category-asufin-sostenible-cat"],"acf":[],"jetpack_featured_media_url":"https:\/\/i0.wp.com\/staging.asufin.com\/staging\/wp-content\/uploads\/2022\/07\/rehabilitacion-viviendas-unlock.jpeg?fit=1000%2C667&ssl=1","jetpack_shortlink":"https:\/\/wp.me\/peayLa-s43","jetpack_likes_enabled":false,"jetpack_sharing_enabled":true,"_links":{"self":[{"href":"https:\/\/staging.asufin.com\/staging\/wp-json\/wp\/v2\/posts\/107883","targetHints":{"allow":["GET"]}}],"collection":[{"href":"https:\/\/staging.asufin.com\/staging\/wp-json\/wp\/v2\/posts"}],"about":[{"href":"https:\/\/staging.asufin.com\/staging\/wp-json\/wp\/v2\/types\/post"}],"author":[{"embeddable":true,"href":"https:\/\/staging.asufin.com\/staging\/wp-json\/wp\/v2\/users\/279"}],"replies":[{"embeddable":true,"href":"https:\/\/staging.asufin.com\/staging\/wp-json\/wp\/v2\/comments?post=107883"}],"version-history":[{"count":9,"href":"https:\/\/staging.asufin.com\/staging\/wp-json\/wp\/v2\/posts\/107883\/revisions"}],"predecessor-version":[{"id":107922,"href":"https:\/\/staging.asufin.com\/staging\/wp-json\/wp\/v2\/posts\/107883\/revisions\/107922"}],"wp:featuredmedia":[{"embeddable":true,"href":"https:\/\/staging.asufin.com\/staging\/wp-json\/wp\/v2\/media\/107495"}],"wp:attachment":[{"href":"https:\/\/staging.asufin.com\/staging\/wp-json\/wp\/v2\/media?parent=107883"}],"wp:term":[{"taxonomy":"category","embeddable":true,"href":"https:\/\/staging.asufin.com\/staging\/wp-json\/wp\/v2\/categories?post=107883"},{"taxonomy":"post_tag","embeddable":true,"href":"https:\/\/staging.asufin.com\/staging\/wp-json\/wp\/v2\/tags?post=107883"}],"curies":[{"name":"wp","href":"https:\/\/api.w.org\/{rel}","templated":true}]}}