{"id":107924,"date":"2022-07-19T08:33:22","date_gmt":"2022-07-19T08:33:22","guid":{"rendered":"https:\/\/www.asufin.com\/?p=107924"},"modified":"2022-07-21T11:49:28","modified_gmt":"2022-07-21T11:49:28","slug":"amplia-plazo-reclamar-cartel-coches-hasta-5-anos","status":"publish","type":"post","link":"https:\/\/staging.asufin.com\/staging\/amplia-plazo-reclamar-cartel-coches-hasta-5-anos\/","title":{"rendered":"Todav\u00eda puedes reclamar por el c\u00e1rtel de coches, el plazo se ampl\u00eda hasta 5 a\u00f1os"},"content":{"rendered":"\t\t<div data-elementor-type=\"wp-post\" data-elementor-id=\"107924\" class=\"elementor elementor-107924\">\n\t\t\t\t\t\t<section class=\"elementor-section elementor-top-section elementor-element elementor-element-8ba6d70 elementor-section-boxed elementor-section-height-default elementor-section-height-default\" data-id=\"8ba6d70\" data-element_type=\"section\">\n\t\t\t\t\t\t<div class=\"elementor-container elementor-column-gap-default\">\n\t\t\t\t\t<div class=\"elementor-column elementor-col-100 elementor-top-column elementor-element elementor-element-ca7e1a0\" data-id=\"ca7e1a0\" data-element_type=\"column\">\n\t\t\t<div class=\"elementor-widget-wrap elementor-element-populated\">\n\t\t\t\t\t\t<div class=\"elementor-element elementor-element-1287c6a elementor-widget elementor-widget-text-editor\" data-id=\"1287c6a\" data-element_type=\"widget\" data-widget_type=\"text-editor.default\">\n\t\t\t\t<div class=\"elementor-widget-container\">\n\t\t\t\t\t\t\t\t\t<h4>Se ampl\u00eda el plazo para reclamar por el c\u00e1rtel de coches. Si compraste tu coche entre 2006 y 2013, reclama y recupera hasta 4.000\u20ac<\/h4>\t\t\t\t\t\t\t\t<\/div>\n\t\t\t\t<\/div>\n\t\t\t\t<div class=\"elementor-element elementor-element-c874072 elementor-widget elementor-widget-text-editor\" data-id=\"c874072\" data-element_type=\"widget\" data-widget_type=\"text-editor.default\">\n\t\t\t\t<div class=\"elementor-widget-container\">\n\t\t\t\t\t\t\t\t\t<p>El TJUE dict\u00f3 el 22 de junio que se ampliaba el plazo para la reclamaci\u00f3n del c\u00e1rtel de coches: <span style=\"color: var( --e-global-color-text ); font-family: var( --e-global-typography-text-font-family ), Sans-serif; font-weight: var( --e-global-typography-text-font-weight ); font-size: 1rem;\">Si compraste un coche nuevo o de KM 0 entre las siguientes fechas <\/span><strong style=\"color: var( --e-global-color-text ); font-family: var( --e-global-typography-text-font-family ), Sans-serif; font-size: 1rem;\">es muy posible que seas uno de los afectados.\u00a0<a tabindex=\"-1\" title=\"https:\/\/panel.asufin.com\/liberate-de-la-deuda\" href=\"https:\/\/panel.asufin.com\/liberate-de-la-deuda\" target=\"_blank\" rel=\"noopener noreferrer\" aria-label=\"V\u00ednculo Inicia tu reclamaci\u00f3n\">Inicia tu reclamaci\u00f3n<\/a>\u00a0y recupera de un 10% a un 15% del valor de compra de tu coche.<\/strong><\/p><ul><li><strong>Alfa Romeo:<\/strong> febrero de 2006 a agosto de 2013.<\/li><li><strong>BMW:<\/strong> junio de 2008 a agosto de 2013.<\/li><li><strong>Chrysler:<\/strong> abril de 2008 a julio de 2010.<\/li><li><strong>Citro\u00ebn:<\/strong> febrero de 2006 a julio de 2013.<\/li><li><strong>Dacia:<\/strong> febrero de 2006 a julio de 2013.<\/li><li><strong>Dodge:<\/strong>\u00a0abril de 2008 a julio de 2010.<\/li><li><strong>Fiat:<\/strong> febrero de 2006 a agosto de 2013.<\/li><li><strong>Ford:<\/strong> febrero de 2006 a julio de 2013.<\/li><li><strong>Honda:<\/strong> abril de 2009 a agosto de 2013.<\/li><li><strong>Hyundai:<\/strong>\u00a0marzo de 2010 a agosto de 2013.<\/li><li><strong>Jeep:<\/strong> abril de 2008 a julio de 2010.<\/li><li><strong>Lancia:<\/strong> febrero de 2006 a agosto de 2013.<\/li><li><strong>Lexus:<\/strong> febrero de 2006 a agosto de 2013.<\/li><li><strong>Nissan:<\/strong> junio de 2008 a agosto de 2013.<\/li><li><strong>Peugeot:<\/strong> febrero de 2006 a julio de 2013.<\/li><li><strong>Renault:<\/strong> febrero de 2006 a julio de 2013.<\/li><li><strong>Toyota:<\/strong> febrero de 2006 a agosto de 2013.<\/li><\/ul>\t\t\t\t\t\t\t\t<\/div>\n\t\t\t\t<\/div>\n\t\t\t\t<div class=\"elementor-element elementor-element-e25a609 elementor-widget elementor-widget-text-editor\" data-id=\"e25a609\" data-element_type=\"widget\" data-widget_type=\"text-editor.default\">\n\t\t\t\t<div class=\"elementor-widget-container\">\n\t\t\t\t\t\t\t\t\t<h5><a href=\"https:\/\/staging.asufin.com\/staging\/ahorrar-factura-luz-crisis-energetica\/\" target=\"_blank\" rel=\"noopener\">\u00bfC\u00f3mo nos est\u00e1 afectando la crisis energ\u00e9tica? Te ense\u00f1amos a ahorrar en nuestro pr\u00f3ximo webinar, \u00a1no te lo pierdas!<\/a><\/h5>\t\t\t\t\t\t\t\t<\/div>\n\t\t\t\t<\/div>\n\t\t\t\t<div class=\"elementor-element elementor-element-1b084b9 elementor-widget elementor-widget-text-editor\" data-id=\"1b084b9\" data-element_type=\"widget\" data-widget_type=\"text-editor.default\">\n\t\t\t\t<div class=\"elementor-widget-container\">\n\t\t\t\t\t\t\t\t\t<h5>Plazos para reclamar<\/h5><p>Los plazos para reclamar por el <a href=\"https:\/\/staging.asufin.com\/staging\/reclama\/cartel-coches\/\" target=\"_blank\" rel=\"noopener\">c\u00e1rtel de coches<\/a> son diferentes para cada marca, ya que <strong>empiezan a contar desde que se dict\u00f3 la primera\u00a0<a href=\"https:\/\/panel.asufin.com\/ver-sentencia\/14205\" target=\"_blank\" rel=\"noopener\">sentencia<\/a>\u00a0para cada una de estas marcas<\/strong>. La mayor\u00eda de ellos prescriben en 2026:<\/p><ul><li><strong>Renault: <\/strong>06 de mayo de 2026<\/li><li><b>General Motors<\/b>: 5 de octubre de 2026<\/li><li><b>Mazda:<\/b> 17 de mayo de 2026<\/li><li><strong>Fiat: <\/strong>13 de mayo de 2026<\/li><li><strong>Chrysler: <\/strong>13 de mayo de 2026<\/li><li><strong>Ford: <\/strong>13 de mayo de 2026<\/li><li><strong>Hyundai: <\/strong>17 de mayo de 2026<\/li><li><strong>BMW: <\/strong>31 de mayo de 2026<\/li><li><strong>Nissan: <\/strong>7 de junio de 2026<\/li><li><strong>Honda: <\/strong>17 de septiembre de 2026<\/li><li><strong>General Motors:<\/strong> 5 de octubre de 2026<\/li><li><strong>Peugeot:<\/strong> 20 de abril de 2026<\/li><li><strong>Citro\u00ebn:<\/strong> 20 de abril de 2026<\/li><li><strong>Opel:<\/strong> 5 de octubre de 2026<\/li><li><strong>Alfa Romeo:<\/strong> 13 de mayo de 2026<\/li><li><b>Dodge<\/b>: 13 de mayo de 2026<\/li><li><strong>Jeep:<\/strong> 13 de mayo de 2026<\/li><li><strong>Lancia:<\/strong> 13 de mayo de 2026<\/li><li><strong>Mercedes<\/strong>: 29 de septiembre de 2026<\/li><li><strong>Mitsubishi<\/strong>: 7 de junio del 2026<\/li><li><strong>Toyota:<\/strong> 1 de diciembre de 2026\u00a0<\/li><li><strong>Volvo:<\/strong> 6 de mayo de 2026<\/li><\/ul>\t\t\t\t\t\t\t\t<\/div>\n\t\t\t\t<\/div>\n\t\t\t\t<div class=\"elementor-element elementor-element-c013c68 elementor-widget elementor-widget-text-editor\" data-id=\"c013c68\" data-element_type=\"widget\" data-widget_type=\"text-editor.default\">\n\t\t\t\t<div class=\"elementor-widget-container\">\n\t\t\t\t\t\t\t\t\t<h5><a href=\"https:\/\/panel.asufin.com\/liberate-de-la-deuda\" target=\"_blank\" rel=\"noopener\">Si quieres recuperar tu dinero, inicia ya tu reclamaci\u00f3n<\/a><\/h5>\t\t\t\t\t\t\t\t<\/div>\n\t\t\t\t<\/div>\n\t\t\t\t\t<\/div>\n\t\t<\/div>\n\t\t\t\t\t<\/div>\n\t\t<\/section>\n\t\t\t\t<section class=\"elementor-section elementor-top-section elementor-element elementor-element-5013442 elementor-section-boxed elementor-section-height-default elementor-section-height-default\" data-id=\"5013442\" data-element_type=\"section\">\n\t\t\t\t\t\t<div class=\"elementor-container elementor-column-gap-default\">\n\t\t\t\t\t<div class=\"elementor-column elementor-col-100 elementor-top-column elementor-element elementor-element-126e3d7\" data-id=\"126e3d7\" data-element_type=\"column\">\n\t\t\t<div class=\"elementor-widget-wrap elementor-element-populated\">\n\t\t\t\t\t\t<div class=\"elementor-element elementor-element-966f7d1 elementor-widget elementor-widget-text-editor\" data-id=\"966f7d1\" data-element_type=\"widget\" data-widget_type=\"text-editor.default\">\n\t\t\t\t<div class=\"elementor-widget-container\">\n\t\t\t\t\t\t\t\t\t<p><span style=\"text-align: justify; color: var( --e-global-color-text ); font-family: var( --e-global-typography-text-font-family ), Sans-serif; font-weight: var( --e-global-typography-text-font-weight ); font-size: 1rem;\"><strong>Marcas como Seat, Skoda, Audi, Volkswagen, Chevrolet, Kia o Lexus tambi\u00e9n se incluyen en la posibilidad de reclamaci\u00f3n,<\/strong> escr\u00edbenos y estudiaremos tu caso en concreto.<\/span><\/p><p><span style=\"text-align: justify;\">No pierdas el tiempo y<strong> <a href=\"https:\/\/panel.asufin.com\/liberate-de-la-deuda\" target=\"_blank\" rel=\"noopener\">reclama ya<\/a><\/strong> para poder recuperar tu dinero.<\/span><\/p>\t\t\t\t\t\t\t\t<\/div>\n\t\t\t\t<\/div>\n\t\t\t\t\t<\/div>\n\t\t<\/div>\n\t\t\t\t\t<\/div>\n\t\t<\/section>\n\t\t\t\t<section class=\"elementor-section elementor-top-section elementor-element elementor-element-03e7b4d elementor-section-boxed elementor-section-height-default elementor-section-height-default\" data-id=\"03e7b4d\" data-element_type=\"section\">\n\t\t\t\t\t\t<div class=\"elementor-container elementor-column-gap-default\">\n\t\t\t\t\t<div class=\"elementor-column elementor-col-100 elementor-top-column elementor-element elementor-element-6830d5f\" data-id=\"6830d5f\" data-element_type=\"column\">\n\t\t\t<div class=\"elementor-widget-wrap\">\n\t\t\t\t\t\t\t<\/div>\n\t\t<\/div>\n\t\t\t\t\t<\/div>\n\t\t<\/section>\n\t\t\t\t<\/div>\n\t\t","protected":false},"excerpt":{"rendered":"<p>\u00bfTe compraste un coche entre 2006 y 2013? Puedes seguir reclamando por el c\u00e1rtel de coches<\/p>\n","protected":false},"author":279,"featured_media":91586,"comment_status":"open","ping_status":"closed","sticky":false,"template":"","format":"standard","meta":{"_acf_changed":false,"_jetpack_newsletter_access":"","_jetpack_dont_email_post_to_subs":false,"_jetpack_newsletter_tier_id":0,"_jetpack_memberships_contains_paywalled_content":false,"_jetpack_memberships_contains_paid_content":false,"footnotes":""},"categories":[7423,43],"tags":[],"class_list":["post-107924","post","type-post","status-publish","format-standard","has-post-thumbnail","hentry","category-cartel-coches","category-asufin-destacado"],"acf":[],"jetpack_featured_media_url":"https:\/\/i0.wp.com\/staging.asufin.com\/staging\/wp-content\/uploads\/2022\/03\/MicrosoftTeams-image-1-scaled.jpg?fit=2560%2C1524&ssl=1","jetpack_shortlink":"https:\/\/wp.me\/peayLa-s4I","jetpack_likes_enabled":false,"jetpack_sharing_enabled":true,"_links":{"self":[{"href":"https:\/\/staging.asufin.com\/staging\/wp-json\/wp\/v2\/posts\/107924","targetHints":{"allow":["GET"]}}],"collection":[{"href":"https:\/\/staging.asufin.com\/staging\/wp-json\/wp\/v2\/posts"}],"about":[{"href":"https:\/\/staging.asufin.com\/staging\/wp-json\/wp\/v2\/types\/post"}],"author":[{"embeddable":true,"href":"https:\/\/staging.asufin.com\/staging\/wp-json\/wp\/v2\/users\/279"}],"replies":[{"embeddable":true,"href":"https:\/\/staging.asufin.com\/staging\/wp-json\/wp\/v2\/comments?post=107924"}],"version-history":[{"count":5,"href":"https:\/\/staging.asufin.com\/staging\/wp-json\/wp\/v2\/posts\/107924\/revisions"}],"predecessor-version":[{"id":107964,"href":"https:\/\/staging.asufin.com\/staging\/wp-json\/wp\/v2\/posts\/107924\/revisions\/107964"}],"wp:featuredmedia":[{"embeddable":true,"href":"https:\/\/staging.asufin.com\/staging\/wp-json\/wp\/v2\/media\/91586"}],"wp:attachment":[{"href":"https:\/\/staging.asufin.com\/staging\/wp-json\/wp\/v2\/media?parent=107924"}],"wp:term":[{"taxonomy":"category","embeddable":true,"href":"https:\/\/staging.asufin.com\/staging\/wp-json\/wp\/v2\/categories?post=107924"},{"taxonomy":"post_tag","embeddable":true,"href":"https:\/\/staging.asufin.com\/staging\/wp-json\/wp\/v2\/tags?post=107924"}],"curies":[{"name":"wp","href":"https:\/\/api.w.org\/{rel}","templated":true}]}}