{"id":108110,"date":"2022-07-20T08:09:55","date_gmt":"2022-07-20T08:09:55","guid":{"rendered":"https:\/\/www.asufin.com\/?p=108110"},"modified":"2022-07-20T08:13:13","modified_gmt":"2022-07-20T08:13:13","slug":"ajudans-a-comprovar-si-els-bancs-estan-millorant-latencio-a-les-persones-majors","status":"publish","type":"post","link":"https:\/\/staging.asufin.com\/staging\/ca\/ajudans-a-comprovar-si-els-bancs-estan-millorant-latencio-a-les-persones-majors\/","title":{"rendered":"Ajuda&#8217;ns a comprovar si els bancs estan millorant l&#8217;atenci\u00f3 a les persones majors"},"content":{"rendered":"\t\t<div data-elementor-type=\"wp-post\" data-elementor-id=\"108110\" class=\"elementor elementor-108110\">\n\t\t\t\t\t\t<section class=\"elementor-section elementor-top-section elementor-element elementor-element-e74be1c elementor-section-boxed elementor-section-height-default elementor-section-height-default\" data-id=\"e74be1c\" data-element_type=\"section\">\n\t\t\t\t\t\t<div class=\"elementor-container elementor-column-gap-default\">\n\t\t\t\t\t<div class=\"elementor-column elementor-col-100 elementor-top-column elementor-element elementor-element-f3ac7c4\" data-id=\"f3ac7c4\" data-element_type=\"column\">\n\t\t\t<div class=\"elementor-widget-wrap elementor-element-populated\">\n\t\t\t\t\t\t<div class=\"elementor-element elementor-element-5c1dabd elementor-widget elementor-widget-text-editor\" data-id=\"5c1dabd\" data-element_type=\"widget\" data-widget_type=\"text-editor.default\">\n\t\t\t\t<div class=\"elementor-widget-container\">\n\t\t\t\t\t\t\t\t\t<h4>Has anat a la teva oficina banc\u00e0ria en els \u00faltims mesos? Has notat algun canvi? Els bancs van assumir una s\u00e8rie de compromisos per a millorar l&#8217;atenci\u00f3, ajuda&#8217;ns a comprovar si estan aplicant aquestes mesures!!<\/h4>\t\t\t\t\t\t\t\t<\/div>\n\t\t\t\t<\/div>\n\t\t\t\t\t<\/div>\n\t\t<\/div>\n\t\t\t\t\t<\/div>\n\t\t<\/section>\n\t\t\t\t<section class=\"elementor-section elementor-top-section elementor-element elementor-element-2112034 elementor-section-boxed elementor-section-height-default elementor-section-height-default\" data-id=\"2112034\" data-element_type=\"section\">\n\t\t\t\t\t\t<div class=\"elementor-container elementor-column-gap-default\">\n\t\t\t\t\t<div class=\"elementor-column elementor-col-100 elementor-top-column elementor-element elementor-element-0fbee5e\" data-id=\"0fbee5e\" data-element_type=\"column\">\n\t\t\t<div class=\"elementor-widget-wrap elementor-element-populated\">\n\t\t\t\t\t\t<div class=\"elementor-element elementor-element-4b96856 elementor-widget elementor-widget-text-editor\" data-id=\"4b96856\" data-element_type=\"widget\" data-widget_type=\"text-editor.default\">\n\t\t\t\t<div class=\"elementor-widget-container\">\n\t\t\t\t\t\t\t\t\t<p>Com b\u00e9 saps, des de ASUFIN, sempre hem denunciat l&#8217;<a href=\"https:\/\/staging.asufin.com\/staging\/eres-de-la-banca-no-podemos-dejar-desasistidos-a-los-consumidores-de-la-noche-a-la-manana\/\" target=\"_blank\" rel=\"noopener\">exclusi\u00f3 financera<\/a>. Els serveis que presten els bancs i, en general, tots els agents relacionats amb l&#8217;\u00e0mbit de les finances, fins i tot companyies el\u00e8ctriques o de telecomunicacions, els serveis que presten els bancs i, en general, tots els agents relacionats amb l&#8217;\u00e0mbit de les finances, fins i tot companyies el\u00e8ctriques o de telecomunicacions<strong>, s\u00f3n serveis essencials, regulats, supervisats i especialment sensibles perqu\u00e8 tots i cadascun dels consumidors necessitem de la contractaci\u00f3 dels seus productes.<\/strong><\/p><p>En tal sentit, i com tamb\u00e9 saps, <a href=\"https:\/\/staging.asufin.com\/staging\/pedimos-a-economia-legislar-para-garantizar-a-la-sociedad-el-servicio-bancario-esencial\/\" target=\"_blank\" rel=\"noopener\">demanem el mes de febrer al Govern<\/a> i als agents implicats, bancs i caixes d&#8217;estalvi, que escometessin d&#8217;una vegada per sempre els canvis necessaris per a garantir que el servei bancari arrib\u00e9s als col\u00b7lectius m\u00e9s vulnerables, entre ells, les persones majors. No \u00e9s casual que el moviment en el qual ens hem involucrat comenc\u00e9s enguany: passada la pand\u00e8mia, els nostres majors <strong>no podien continuar consentint que els serveis de banca nom\u00e9s es prestessin en l\u00ednia.<\/strong><\/p><p>Exigien ja l&#8217;atenci\u00f3 presencial, tan necess\u00e0ria per a dur a terme els seus tr\u00e0mits.<\/p><p>Aconseguim, entre tots, que la banca en el seu conjunt, bancs i caixes d&#8217;estalvi, tamb\u00e9 les rurals, <a href=\"https:\/\/staging.asufin.com\/staging\/valoramos-el-paso-adelante-dado-con-el-protocolo-bancario-pero-estaremos-vigilantes\/\" target=\"_blank\" rel=\"noopener\">signessin un comprom\u00eds. I volem vigilar que totes aquestes mesures s&#8217;estan complint.<\/a><\/p><p><strong>Per a aix\u00f2, NECESSITEM LA TEVA AJUDA.<\/strong> <br \/>Hem elaborat un senzill q\u00fcestionari que es pots emplenar <a href=\"https:\/\/staging.asufin.com\/staging\/wp-content\/uploads\/2020\/12\/220617_FORMULARIO_MAYORES.pdf\" target=\"_blank\" rel=\"noopener\">per escrito<\/a>, i fer-nos arribar <a href=\"mailto:info@asufin.com\" target=\"_blank\" rel=\"noopener\">info@asufin.com<\/a>, o <a href=\"https:\/\/docs.google.com\/forms\/d\/e\/1FAIpQLSeSntyM2duFEMbc030QkJoN-HXwfs8b4JZmOem1xFIHEAk3xg\/viewform\" target=\"_blank\" rel=\"noopener\">a trav\u00e9s d&#8217;un simple m\u00f2bil o en l&#8217;ordinador<\/a> amb el qual et demanem que siguis els nostres ulls i o\u00efdes en el banc al qual acudeixes.<\/p><p>Amb aquest, elaborarem un informe que farem arribar al Govern, als bancs, als organismes supervisors, Banc d&#8217;Espanya i CNMV,<strong><br \/>perqu\u00e8 prenguin nota<\/strong>.<\/p><p>Ara et toca a tu. Et toca fiscalitzar i posar nota al teu banc.<\/p>\t\t\t\t\t\t\t\t<\/div>\n\t\t\t\t<\/div>\n\t\t\t\t\t<\/div>\n\t\t<\/div>\n\t\t\t\t\t<\/div>\n\t\t<\/section>\n\t\t\t\t<section class=\"elementor-section elementor-top-section elementor-element elementor-element-db7de83 elementor-section-boxed elementor-section-height-default elementor-section-height-default\" data-id=\"db7de83\" data-element_type=\"section\">\n\t\t\t\t\t\t<div class=\"elementor-container elementor-column-gap-default\">\n\t\t\t\t\t<div class=\"elementor-column elementor-col-100 elementor-top-column elementor-element elementor-element-48dccce\" data-id=\"48dccce\" data-element_type=\"column\">\n\t\t\t<div class=\"elementor-widget-wrap elementor-element-populated\">\n\t\t\t\t\t\t<div class=\"elementor-element elementor-element-ea3a3b8 elementor-widget elementor-widget-text-editor\" data-id=\"ea3a3b8\" data-element_type=\"widget\" data-widget_type=\"text-editor.default\">\n\t\t\t\t<div class=\"elementor-widget-container\">\n\t\t\t\t\t\t\t\t\t<h5><a href=\"https:\/\/panel.asufin.com\/archivos\/pdf\/FICHA_PRODUCTO_SEGUNDA_OPORTUNIDAD_2021.pdf\" target=\"_blank\" rel=\"noopener\">Coneixes la llei de la segona oportunitat? Et parlem d&#8217;aix\u00f2 aqu\u00ed<\/a><\/h5>\t\t\t\t\t\t\t\t<\/div>\n\t\t\t\t<\/div>\n\t\t\t\t\t<\/div>\n\t\t<\/div>\n\t\t\t\t\t<\/div>\n\t\t<\/section>\n\t\t\t\t<\/div>\n\t\t","protected":false},"excerpt":{"rendered":"<p>Has anat a la teva oficina banc\u00e0ria en els \u00faltims mesos? Has notat algun canvi? Els bancs van assumir una s\u00e8rie de compromisos per a millorar l&#8217;atenci\u00f3, ajuda&#8217;ns a comprovar si estan aplicant aquestes mesures!! Com b\u00e9 saps, des de ASUFIN, sempre hem denunciat l&#8217;exclusi\u00f3 financera. Els serveis que presten els bancs i, en general, [&hellip;]<\/p>\n","protected":false},"author":279,"featured_media":105108,"comment_status":"open","ping_status":"closed","sticky":false,"template":"","format":"standard","meta":{"_acf_changed":false,"_jetpack_newsletter_access":"","_jetpack_dont_email_post_to_subs":false,"_jetpack_newsletter_tier_id":0,"_jetpack_memberships_contains_paywalled_content":false,"_jetpack_memberships_contains_paid_content":false,"footnotes":""},"categories":[3278,3279,6999,7257],"tags":[],"class_list":["post-108110","post","type-post","status-publish","format-standard","has-post-thumbnail","hentry","category-asufin-comunicats-cat","category-asufin-destacat-cat","category-educacio-financera-cat","category-regulador-cat"],"acf":[],"jetpack_featured_media_url":"https:\/\/i0.wp.com\/staging.asufin.com\/staging\/wp-content\/uploads\/2022\/06\/cuestionario-protocolo-bancos-scaled.jpg?fit=2560%2C1313&ssl=1","jetpack_shortlink":"https:\/\/wp.me\/peayLa-s7I","jetpack_likes_enabled":false,"jetpack_sharing_enabled":true,"_links":{"self":[{"href":"https:\/\/staging.asufin.com\/staging\/wp-json\/wp\/v2\/posts\/108110","targetHints":{"allow":["GET"]}}],"collection":[{"href":"https:\/\/staging.asufin.com\/staging\/wp-json\/wp\/v2\/posts"}],"about":[{"href":"https:\/\/staging.asufin.com\/staging\/wp-json\/wp\/v2\/types\/post"}],"author":[{"embeddable":true,"href":"https:\/\/staging.asufin.com\/staging\/wp-json\/wp\/v2\/users\/279"}],"replies":[{"embeddable":true,"href":"https:\/\/staging.asufin.com\/staging\/wp-json\/wp\/v2\/comments?post=108110"}],"version-history":[{"count":4,"href":"https:\/\/staging.asufin.com\/staging\/wp-json\/wp\/v2\/posts\/108110\/revisions"}],"predecessor-version":[{"id":108125,"href":"https:\/\/staging.asufin.com\/staging\/wp-json\/wp\/v2\/posts\/108110\/revisions\/108125"}],"wp:featuredmedia":[{"embeddable":true,"href":"https:\/\/staging.asufin.com\/staging\/wp-json\/wp\/v2\/media\/105108"}],"wp:attachment":[{"href":"https:\/\/staging.asufin.com\/staging\/wp-json\/wp\/v2\/media?parent=108110"}],"wp:term":[{"taxonomy":"category","embeddable":true,"href":"https:\/\/staging.asufin.com\/staging\/wp-json\/wp\/v2\/categories?post=108110"},{"taxonomy":"post_tag","embeddable":true,"href":"https:\/\/staging.asufin.com\/staging\/wp-json\/wp\/v2\/tags?post=108110"}],"curies":[{"name":"wp","href":"https:\/\/api.w.org\/{rel}","templated":true}]}}