{"id":1092,"date":"2020-07-03T14:44:42","date_gmt":"2020-07-03T12:44:42","guid":{"rendered":"https:\/\/eco.asufin.com\/?p=1092"},"modified":"2020-07-03T14:44:42","modified_gmt":"2020-07-03T12:44:42","slug":"asufin-celebra-el-dia-internacional-libre-de-bolsas-de-plastico","status":"publish","type":"post","link":"https:\/\/staging.asufin.com\/staging\/asufin-celebra-el-dia-internacional-libre-de-bolsas-de-plastico\/","title":{"rendered":"ASUFIN celebra el D\u00eda Internacional Libre de Bolsas de Pl\u00e1stico"},"content":{"rendered":"\n<h3 class=\"wp-block-heading\">El objetivo de este d\u00eda es concienciar de la necesidad de reducir las bolsas de pl\u00e1stico de un solo uso<\/h3>\n\n\n\n<p>El <strong>D\u00eda Internacional Libre de Bolsas de Pl\u00e1stico<\/strong> se celebra cada a\u00f1o el 3 de julio con el objetivo de que tanto los gobiernos como la poblaci\u00f3n seamos conscientes de la problem\u00e1tica y <strong>reduzcamos el uso de este tipo de bolsas en nuestra vida diaria. <\/strong><\/p>\n\n\n\n<p>En Espa\u00f1a, seg\u00fan datos proporcionados por <em><a href=\"https:\/\/es.greenpeace.org\/es\/noticias\/dia-internacional-libre-bolsas-de-plastico\/\" target=\"_blank\" rel=\"noopener\">Greenpeace<\/a><\/em>, se usan una media de 144 bolsas por habitante al a\u00f1o (un total de 6.624 millones al a\u00f1o). Si hablamos de la Uni\u00f3n Europea, <strong>el consumo anual asciende a 100 mil millones de bolsas.<\/strong> La organizaci\u00f3n ecologista advierte: hay tantos micropl\u00e1sticos que, adem\u00e1s de propagarse por mares y r\u00edos, llegan tambi\u00e9n a la atm\u00f3sfera y hacen que <strong>llueva pl\u00e1stico<\/strong> por todo el mundo.<\/p>\n\n\n\n<p>El tiempo medio de uso de estos elementos es de unos 12 minutos. Si lo comparamos con el tiempo que tardan en degradarse, d\u00e9cadas, somos conscientes de lo <strong>poco sostenibles que son las bolsas de pl\u00e1stico<\/strong>.  <\/p>\n\n\n\n<figure class=\"wp-block-image size-large\"><img data-recalc-dims=\"1\" fetchpriority=\"high\" decoding=\"async\" width=\"800\" height=\"534\" data-attachment-id=\"1093\" data-permalink=\"https:\/\/staging.asufin.com\/staging\/asufin-celebra-el-dia-internacional-libre-de-bolsas-de-plastico\/beach-4914403_1920\/\" data-orig-file=\"https:\/\/i0.wp.com\/staging.asufin.com\/staging\/wp-content\/uploads\/2020\/07\/beach-4914403_1920.jpg?fit=1920%2C1280&amp;ssl=1\" data-orig-size=\"1920,1280\" data-comments-opened=\"1\" data-image-meta=\"{&quot;aperture&quot;:&quot;0&quot;,&quot;credit&quot;:&quot;&quot;,&quot;camera&quot;:&quot;&quot;,&quot;caption&quot;:&quot;&quot;,&quot;created_timestamp&quot;:&quot;0&quot;,&quot;copyright&quot;:&quot;&quot;,&quot;focal_length&quot;:&quot;0&quot;,&quot;iso&quot;:&quot;0&quot;,&quot;shutter_speed&quot;:&quot;0&quot;,&quot;title&quot;:&quot;&quot;,&quot;orientation&quot;:&quot;0&quot;}\" data-image-title=\"D\u00eda Internacional Libre de Bolsas de Pl\u00e1stico\" data-image-description=\"&lt;p&gt;D\u00eda Internacional Libre de Bolsas de Pl\u00e1stico&lt;\/p&gt;\n\" data-image-caption=\"\" data-large-file=\"https:\/\/i0.wp.com\/staging.asufin.com\/staging\/wp-content\/uploads\/2020\/07\/beach-4914403_1920.jpg?fit=800%2C534&amp;ssl=1\" src=\"https:\/\/i0.wp.com\/asufin.com\/wp-content\/uploads\/2020\/07\/beach-4914403_1920-1024x683.jpg?resize=800%2C534&#038;ssl=1\" alt=\"D\u00eda Internacional Libre de Bolsas de Pl\u00e1stico\" class=\"wp-image-1093\" title=\"\" srcset=\"https:\/\/i0.wp.com\/staging.asufin.com\/staging\/wp-content\/uploads\/2020\/07\/beach-4914403_1920.jpg?resize=1024%2C683&amp;ssl=1 1024w, https:\/\/i0.wp.com\/staging.asufin.com\/staging\/wp-content\/uploads\/2020\/07\/beach-4914403_1920.jpg?resize=300%2C200&amp;ssl=1 300w, https:\/\/i0.wp.com\/staging.asufin.com\/staging\/wp-content\/uploads\/2020\/07\/beach-4914403_1920.jpg?resize=768%2C512&amp;ssl=1 768w, https:\/\/i0.wp.com\/staging.asufin.com\/staging\/wp-content\/uploads\/2020\/07\/beach-4914403_1920.jpg?resize=1536%2C1024&amp;ssl=1 1536w, https:\/\/i0.wp.com\/staging.asufin.com\/staging\/wp-content\/uploads\/2020\/07\/beach-4914403_1920.jpg?w=1920&amp;ssl=1 1920w, https:\/\/i0.wp.com\/staging.asufin.com\/staging\/wp-content\/uploads\/2020\/07\/beach-4914403_1920.jpg?w=1600&amp;ssl=1 1600w\" sizes=\"(max-width: 800px) 100vw, 800px\" \/><\/figure>\n\n\n\n<p>Seg\u00fan datos de <em><a href=\"https:\/\/actua.wwf.es\/es\/actua-por-una-naturaleza-sin-plasticos?utm_source=webcorporativa&amp;utm_medium=boton&amp;utm_term=plastico&amp;utm_content=home&amp;_ga=2.206996886.402291628.1593778750-1780519364.1593778750\" target=\"_blank\" rel=\"noopener\">WWF<\/a><\/em>, si no cambiamos nuestros h\u00e1bitos de consumo y de producci\u00f3n de pl\u00e1stico, <strong>en el a\u00f1o 2050 tendremos m\u00e1s pl\u00e1stico que peces en nuestros mares<\/strong>. Para evitar que esto suceda, podemos optar por bolsas de tela o de materiales que sean reutilizables para realizar nuestras compras. <\/p>\n\n\n\n<p><\/p>\n\n\n\n<p><\/p>\n","protected":false},"excerpt":{"rendered":"<p>El objetivo de este d\u00eda es concienciar de la necesidad de reducir las bolsas de pl\u00e1stico de un solo uso<\/p>\n","protected":false},"author":279,"featured_media":1094,"comment_status":"open","ping_status":"closed","sticky":false,"template":"","format":"standard","meta":{"_acf_changed":false,"_jetpack_newsletter_access":"","_jetpack_dont_email_post_to_subs":false,"_jetpack_newsletter_tier_id":0,"_jetpack_memberships_contains_paywalled_content":false,"_jetpack_memberships_contains_paid_content":false,"footnotes":""},"categories":[7444],"tags":[7450,7452],"class_list":["post-1092","post","type-post","status-publish","format-standard","has-post-thumbnail","hentry","category-noticias-eco","tag-plastico","tag-reciclar"],"acf":[],"jetpack_featured_media_url":"https:\/\/i0.wp.com\/staging.asufin.com\/staging\/wp-content\/uploads\/2020\/07\/plastic-in-the-river-4767327_1920.jpg?fit=1920%2C1279&ssl=1","jetpack_shortlink":"https:\/\/wp.me\/peayLa-hC","jetpack_likes_enabled":false,"jetpack_sharing_enabled":true,"_links":{"self":[{"href":"https:\/\/staging.asufin.com\/staging\/wp-json\/wp\/v2\/posts\/1092","targetHints":{"allow":["GET"]}}],"collection":[{"href":"https:\/\/staging.asufin.com\/staging\/wp-json\/wp\/v2\/posts"}],"about":[{"href":"https:\/\/staging.asufin.com\/staging\/wp-json\/wp\/v2\/types\/post"}],"author":[{"embeddable":true,"href":"https:\/\/staging.asufin.com\/staging\/wp-json\/wp\/v2\/users\/279"}],"replies":[{"embeddable":true,"href":"https:\/\/staging.asufin.com\/staging\/wp-json\/wp\/v2\/comments?post=1092"}],"version-history":[{"count":0,"href":"https:\/\/staging.asufin.com\/staging\/wp-json\/wp\/v2\/posts\/1092\/revisions"}],"wp:featuredmedia":[{"embeddable":true,"href":"https:\/\/staging.asufin.com\/staging\/wp-json\/wp\/v2\/media\/1094"}],"wp:attachment":[{"href":"https:\/\/staging.asufin.com\/staging\/wp-json\/wp\/v2\/media?parent=1092"}],"wp:term":[{"taxonomy":"category","embeddable":true,"href":"https:\/\/staging.asufin.com\/staging\/wp-json\/wp\/v2\/categories?post=1092"},{"taxonomy":"post_tag","embeddable":true,"href":"https:\/\/staging.asufin.com\/staging\/wp-json\/wp\/v2\/tags?post=1092"}],"curies":[{"name":"wp","href":"https:\/\/api.w.org\/{rel}","templated":true}]}}