{"id":11283,"date":"2013-01-23T09:57:35","date_gmt":"2013-01-23T09:57:35","guid":{"rendered":"http:\/\/asuapedefin.com\/?p=11283"},"modified":"2017-11-03T12:28:29","modified_gmt":"2017-11-03T11:28:29","slug":"seminario-crisis-financiera-y-consumidor-bancario","status":"publish","type":"post","link":"https:\/\/staging.asufin.com\/staging\/seminario-crisis-financiera-y-consumidor-bancario\/","title":{"rendered":"SEMINARIO: CRISIS FINANCIERA Y CONSUMIDOR BANCARIO"},"content":{"rendered":"<h4>Asuapedefin + Apymifid en colaboraci\u00f3n con el Ilustre Colegio de Abogados de Sevilla organiza el seminario CRISIS FINANCIERA Y CONSUMIDOR BANCARIO en el que se tratar\u00e1n los problemas derivados de las malas pr\u00e1cticas bancarias y la posible defensa de los consumidores ante los mismos.<\/h4>\n<p>El seminario contar\u00e1 con ponentes de extraordinaria calidad jur\u00eddica que nos hablar\u00e1n de las acciones de la Fiscal\u00eda contra las cl\u00e1usulas suelo en las hipotecas, la protecci\u00f3 de los cosumidores en los contratos bancarios o los distintos productos complejos que se han colocado a clientes minoristas.<\/p>\n<h3>ENTRADA GRATUITA<\/h3>\n<h4>PROGRAMA &#8211; <a href=\"http:\/\/asuapedefin.com\/wp-content\/uploads\/2013\/01\/130212_SEMINARIO_SEVILLA_WEB.pdf\" rel=\"attachment wp-att-11290 noopener\" target=\"_blank\">Descargar PDF<\/a><\/h4>\n<p><strong>17h\u00a0\u00a0 \u00a0\u00a0\u00a0 \u00a0INAUGURACI\u00d3N &#8211; Grupo Abogados Empresa ICAS<\/strong><\/p>\n<p><strong>17.10h\u00a0\u00a0 \u00a0CL\u00c1USULAS SUELO EN LAS HIPOTECAS.\u00a0 Acciones\u00a0 de la Fiscal\u00eda.<\/strong><br \/>\nAntonio Oca\u00f1a Rodriguez. Teniente Fiscal Sevilla<\/p>\n<p><strong>17.50h\u00a0\u00a0 \u00a0PRODUCTOS COMPLEJOS: VALORES SANTANDER Y PREFERENTES. Acciones Judiciales y Estrategias de Defensa<\/strong><br \/>\nJavier Millet. Titular Millet Abogados \u00bb <a href=\"http:\/\/www.millet-abogados.com\" target=\"_blank\" rel=\"noopener\">www.millet-abogados.com<\/a><br \/>\nAsesor Jur\u00eddico Externo Sociedad Valores Independiente\u00a0 AGENBOLSA<\/p>\n<p><strong>18.30h.\u00a0\u00a0 \u00a0DERIVADOS IMPL\u00cdCITOS EN LAS HIPOTECAS: IRS y Multidivisas.<\/strong><br \/>\nPatricia Gabeiras V\u00e1zquez. Socia fundadora de EJ Abogados<br \/>\n\u00bb <a href=\"http:\/\/www.ejabogados.com\" target=\"_blank\" rel=\"noopener\">www.ejabogados.com<\/a><br \/>\nM\u00e1ster en Corporate Finance y Banca de Inversi\u00f3n, por la Bolsa de Madrid.<\/p>\n<p><strong>19.10h\u00a0\u00a0 \u00a0PROTECCI\u00d3N DE LOS CONSUMIDORES EN CONTRATOS BANCARIOS<\/strong><br \/>\nAgust\u00edn Azparren Lucas. Socio Mart\u00ednez-Echevarr\u00eda Abogados<br \/>\n\u00bb <a href=\"http:\/\/www.martinezechevarria.com\" target=\"_blank\" rel=\"noopener\">www.martinezechevarria.com<\/a><br \/>\nMagistrado\u00a0 en excedencia.<\/p>\n<p><strong>19.50h\u00a0\u00a0 \u00a0CLAUSURA<\/strong><br \/>\nEmilio de Llera Su\u00e1rez-Barcena.<br \/>\nConsejero de Interior y Justicia de la Junta de Andaluc\u00eda.<\/p>\n<h4>INFORMACI\u00d3N<\/h4>\n<table border=\"0\" cellspacing=\"2\" cellpadding=\"2\">\n<tbody>\n<tr>\n<td valign=\"top\">FECHA<\/td>\n<td valign=\"top\">Martes, 12 de febrero de 2013<\/td>\n<\/tr>\n<tr>\n<td valign=\"top\">HORARIO<\/td>\n<td valign=\"top\">17.00 h a 20.00 h<\/td>\n<\/tr>\n<tr>\n<td valign=\"top\">LUGAR<\/td>\n<td valign=\"top\"><a title=\"ICAS\" href=\"http:\/\/www.icas.es\" target=\"_blank\" rel=\"noopener\"><strong>Ilustre Colegio de Abogados de Sevilla<\/strong><\/a><br \/>\nSAL\u00d3N DE ACTOS. <a href=\"http:\/\/maps.google.com\/maps?q=SAL\u00d3N%20DE%20ACTOS.%20Calle%20Chapineros,%206%20-%2041004\" target=\"_blank\" rel=\"noopener\">Calle Chapineros, 6 &#8211; 41004<\/a><\/td>\n<\/tr>\n<tr>\n<td valign=\"top\">ORGANIZA<\/td>\n<td valign=\"top\"><a title=\"ASUAPEDEFIN\" href=\"http:\/\/www.asuapedefin.com\/\" target=\"_blank\" rel=\"noopener\">ASUAPEDEFIN<\/a> + <a href=\"http:\/\/www.apymifid.com\/\" target=\"_blank\" rel=\"noopener\">APYMIFID<\/a><\/td>\n<\/tr>\n<tr>\n<td valign=\"top\">COLABORA<\/td>\n<td valign=\"top\"><a title=\"ICAS\" href=\"http:\/\/www.icas.es\" target=\"_blank\" rel=\"noopener\"><strong>Ilustre Colegio de Abogados de Sevilla<br \/>\n(<strong>Grupo Abogados Empresa<\/strong>)<\/strong><\/a><\/td>\n<\/tr>\n<tr>\n<td valign=\"top\">INSCRIPCIONES<\/td>\n<td valign=\"top\"><strong>ONLINE en <a href=\"http:\/\/www.ticketea.com\/pcsevilla\" target=\"_blank\" rel=\"noopener\">TICKETEA<\/a><\/strong><\/td>\n<\/tr>\n<tr>\n<td valign=\"top\">PRECIO<\/td>\n<td valign=\"top\">1. ASISTENCIA: GRATIS<br \/>\n2. ASISTENCIA + PONENCIAS PDF: 20\u0080<\/td>\n<\/tr>\n<tr>\n<td valign=\"top\">+ INFO<\/td>\n<td valign=\"top\"><a href=\"mailto:nfo@asuapedefin.com\">info@asuapedefin.com<\/a><\/td>\n<\/tr>\n<\/tbody>\n<\/table>\n<div id=\"linksalpha_post_extension_chrome\"><\/div>\n<div id=\"linksalpha_post_extension_chrome\"><\/div>\n<div id=\"linksalpha_post_extension_chrome\"><\/div>\n<div id=\"linksalpha_post_extension_chrome\"><\/div>\n","protected":false},"excerpt":{"rendered":"<p>Asuapedefin + Apymifid en colaboraci\u00f3n con el Ilustre Colegio de Abogados de Sevilla organiza el seminario CRISIS FINANCIERA Y CONSUMIDOR BANCARIO en el que se tratar\u00e1n los problemas derivados de las malas pr\u00e1cticas bancarias y la posible defensa de los consumidores ante los mismos. El seminario contar\u00e1 con ponentes de extraordinaria calidad jur\u00eddica que nos [&hellip;]<\/p>\n","protected":false},"author":2,"featured_media":11300,"comment_status":"open","ping_status":"closed","sticky":false,"template":"page-asufin-noticia.php","format":"standard","meta":{"_acf_changed":false,"_jetpack_newsletter_access":"","_jetpack_dont_email_post_to_subs":false,"_jetpack_newsletter_tier_id":0,"_jetpack_memberships_contains_paywalled_content":false,"_jetpack_memberships_contains_paid_content":false,"footnotes":""},"categories":[277,82,191],"tags":[1325,1326,1327,961,814,1328],"class_list":["post-11283","post","type-post","status-publish","format-standard","has-post-thumbnail","hentry","category-apymifid","category-asufin-cat","category-eventos","tag-agustin-azparren-lucas","tag-antonio-ocana-rodriguez","tag-emilio-de-llera-suarez-barcena","tag-javier-millet-sancho","tag-patricia-gabeiras-vazquez","tag-teniente-fiscal-sevilla"],"acf":[],"jetpack_featured_media_url":"https:\/\/i0.wp.com\/staging.asufin.com\/staging\/wp-content\/uploads\/2013\/01\/130212_SEMINARIO_ASUAPEDEFIN_SEVILLA_portada.jpg?fit=597%2C299&ssl=1","jetpack_shortlink":"https:\/\/wp.me\/peayLa-2VZ","jetpack_likes_enabled":false,"jetpack_sharing_enabled":true,"_links":{"self":[{"href":"https:\/\/staging.asufin.com\/staging\/wp-json\/wp\/v2\/posts\/11283","targetHints":{"allow":["GET"]}}],"collection":[{"href":"https:\/\/staging.asufin.com\/staging\/wp-json\/wp\/v2\/posts"}],"about":[{"href":"https:\/\/staging.asufin.com\/staging\/wp-json\/wp\/v2\/types\/post"}],"author":[{"embeddable":true,"href":"https:\/\/staging.asufin.com\/staging\/wp-json\/wp\/v2\/users\/2"}],"replies":[{"embeddable":true,"href":"https:\/\/staging.asufin.com\/staging\/wp-json\/wp\/v2\/comments?post=11283"}],"version-history":[{"count":0,"href":"https:\/\/staging.asufin.com\/staging\/wp-json\/wp\/v2\/posts\/11283\/revisions"}],"wp:featuredmedia":[{"embeddable":true,"href":"https:\/\/staging.asufin.com\/staging\/wp-json\/wp\/v2\/media\/11300"}],"wp:attachment":[{"href":"https:\/\/staging.asufin.com\/staging\/wp-json\/wp\/v2\/media?parent=11283"}],"wp:term":[{"taxonomy":"category","embeddable":true,"href":"https:\/\/staging.asufin.com\/staging\/wp-json\/wp\/v2\/categories?post=11283"},{"taxonomy":"post_tag","embeddable":true,"href":"https:\/\/staging.asufin.com\/staging\/wp-json\/wp\/v2\/tags?post=11283"}],"curies":[{"name":"wp","href":"https:\/\/api.w.org\/{rel}","templated":true}]}}