{"id":11673,"date":"2013-02-13T17:14:06","date_gmt":"2013-02-13T17:14:06","guid":{"rendered":"http:\/\/asuapedefin.com\/?p=11673"},"modified":"2019-12-21T12:25:22","modified_gmt":"2019-12-21T11:25:22","slug":"rotundo-exito-del-seminario-organizado-por-asuapedefin-en-sevilla","status":"publish","type":"post","link":"https:\/\/staging.asufin.com\/staging\/rotundo-exito-del-seminario-organizado-por-asuapedefin-en-sevilla\/","title":{"rendered":"Rotundo \u00e9xito del Seminario organizado por Asuapedefin en Sevilla"},"content":{"rendered":"<h4>El Sal\u00f3n de Actos del Ilustre Colegio de Abgados de Sevilla se llen\u00f3 ayer para asistir al Seminario: Crisis Financiera y Consumidor Bancario. El Seminario cont\u00f3 con ponentes de renombre y fue clausurado por el Excmo. Consejero de Justicia e Interior Don Emilio Llera y el Excmo. Decano del ICAS Don Jos\u00e9 Joaquin Gallardo.<\/h4>\n<p>El seminario comenzaba con el <strong>Teniente Fiscal Don Antonio Oca\u00f1a Rodriguez<\/strong> que ilustr\u00f3 sobre el recurso de casaci\u00f3n interpuesto ante el Tribunal Supremo en relaci\u00f3n a la abusividad de las cl\u00e1usulas suelo de las hipotecas. Le ponencia del abogado valenciano <strong>Javier Millet<\/strong> sobre Preferentes y Valores Sanatander suscit\u00f3 un gran debate que continu\u00f3 con la exposici\u00f3n de la letrada <strong>Patricia Gabeiras V\u00e1zquez<\/strong> sobre los nuevos problemas a los que se enfrentan los consumidores bancarios: los derivados impl\u00edcitos en las hipotecas como los IRS y las hipotecas multidivisas. El Magistrado en Excedencia, Don <strong>Agust\u00edn Azparren Lucas<\/strong> cerr\u00f3 el seminario con una ponencia sobre la protecci\u00f3n de los consumidores en los contratos bancarios.<\/p>\n<p>Tal y como informa la <a href=\"http:\/\/www.juntadeandalucia.es\/presidencia\/portavoz\/sociedad\/075933\/llera\/cree\/necesaria\/revision\/legislacion\/bancaria\/defender\/mejor\/derechos\/consumidores\" target=\"_blank\" rel=\"noopener noreferrer\">Junta de Andaluc\u00eda<\/a>, el consejero de Justicia e Interior, Emilio de Llera, clausur\u00f3 el seminario acompa\u00f1ado de el Excmo. Decano Jos\u00e9 Joaquin Gallardo y la presidenta de Asuapedefin, Patricia Su\u00e1rez. All\u00ed puso &#8220;de relieve la necesidad de abordar de forma urgente una revisi\u00f3n de la legislaci\u00f3n bancaria para establecer ciertos l\u00edmites y defender mejor los derechos de los consumidores, contribuyendo as\u00ed a terminar con la situaci\u00f3n de supremac\u00eda de estas entidades sobre sus clientes.&#8221;<\/p>\n<p>De Llera critic\u00f3 las \u0093cl\u00e1usulas leoninas que en muchas ocasiones los bancos imponen a sus clientes\u0094 y tambi\u00e9n la \u0093abismal e injusta diferencia en la tasaci\u00f3n de las viviendas\u0094 que realizan estas entidades en funci\u00f3n del fin de esta valoraci\u00f3n, ya sea para la concesi\u00f3n de un pr\u00e9stamo hipotecario o bien para adjudic\u00e1rsela por el impago de dicho pr\u00e9stamo.<\/p>\n<p>El responsable andaluz de Justicia e Interior ha elogiado la actuaci\u00f3n de los jueces frente a los desahucios impulsados por la banca, destacando \u0093el esfuerzo que est\u00e1n realizando por llenar el vac\u00edo legislativo existente en la materia y por adoptar soluciones legales y al mismo tiempo justas\u0094.<\/p>\n","protected":false},"excerpt":{"rendered":"<p>El Sal\u00f3n de Actos del Ilustre Colegio de Abgados de Sevilla se llen\u00f3 ayer para asistir al Seminario: Crisis Financiera y Consumidor Bancario. El Seminario cont\u00f3 con ponentes de renombre y fue clausurado por el Excmo. Consejero de Justicia e Interior Don Emilio Llera y el Excmo. Decano del ICAS Don Jos\u00e9 Joaquin Gallardo. El [&hellip;]<\/p>\n","protected":false},"author":2,"featured_media":11676,"comment_status":"open","ping_status":"closed","sticky":false,"template":"","format":"standard","meta":{"_acf_changed":false,"_jetpack_newsletter_access":"","_jetpack_dont_email_post_to_subs":false,"_jetpack_newsletter_tier_id":0,"_jetpack_memberships_contains_paywalled_content":false,"_jetpack_memberships_contains_paid_content":false,"footnotes":""},"categories":[191,19,17,25],"tags":[1374,1375,1376,1377,1378,1379,1380,33,1381],"class_list":["post-11673","post","type-post","status-publish","format-standard","has-post-thumbnail","hentry","category-eventos","category-asufin-en-los-medios","category-sentencias","category-swaps","tag-consejero-de-justicia-e-interior","tag-decano-del-icas","tag-emilio-llera","tag-fernando-gonzalez-de-la-pena","tag-grupo-empresa-del-icas","tag-joaquin-gallardo","tag-miguel-bermudo","tag-patricia-suarez","tag-presidenta-de-asuapedefin"],"acf":[],"jetpack_featured_media_url":"https:\/\/i0.wp.com\/staging.asufin.com\/staging\/wp-content\/uploads\/2013\/02\/clausura_seminario_sevilla_1.jpg?fit=900%2C614&ssl=1","jetpack_shortlink":"https:\/\/wp.me\/peayLa-32h","jetpack_likes_enabled":false,"jetpack_sharing_enabled":true,"_links":{"self":[{"href":"https:\/\/staging.asufin.com\/staging\/wp-json\/wp\/v2\/posts\/11673","targetHints":{"allow":["GET"]}}],"collection":[{"href":"https:\/\/staging.asufin.com\/staging\/wp-json\/wp\/v2\/posts"}],"about":[{"href":"https:\/\/staging.asufin.com\/staging\/wp-json\/wp\/v2\/types\/post"}],"author":[{"embeddable":true,"href":"https:\/\/staging.asufin.com\/staging\/wp-json\/wp\/v2\/users\/2"}],"replies":[{"embeddable":true,"href":"https:\/\/staging.asufin.com\/staging\/wp-json\/wp\/v2\/comments?post=11673"}],"version-history":[{"count":0,"href":"https:\/\/staging.asufin.com\/staging\/wp-json\/wp\/v2\/posts\/11673\/revisions"}],"wp:featuredmedia":[{"embeddable":true,"href":"https:\/\/staging.asufin.com\/staging\/wp-json\/wp\/v2\/media\/11676"}],"wp:attachment":[{"href":"https:\/\/staging.asufin.com\/staging\/wp-json\/wp\/v2\/media?parent=11673"}],"wp:term":[{"taxonomy":"category","embeddable":true,"href":"https:\/\/staging.asufin.com\/staging\/wp-json\/wp\/v2\/categories?post=11673"},{"taxonomy":"post_tag","embeddable":true,"href":"https:\/\/staging.asufin.com\/staging\/wp-json\/wp\/v2\/tags?post=11673"}],"curies":[{"name":"wp","href":"https:\/\/api.w.org\/{rel}","templated":true}]}}