{"id":1179,"date":"2020-08-21T11:30:00","date_gmt":"2020-08-21T09:30:00","guid":{"rendered":"https:\/\/eco.asufin.com\/?p=1179"},"modified":"2020-08-21T11:30:00","modified_gmt":"2020-08-21T09:30:00","slug":"el-consejo-de-ministros-aprueba-la-estrategia-de-economia-circular","status":"publish","type":"post","link":"https:\/\/staging.asufin.com\/staging\/el-consejo-de-ministros-aprueba-la-estrategia-de-economia-circular\/","title":{"rendered":"El Consejo de Ministros aprueba la estrategia de Econom\u00eda Circular"},"content":{"rendered":"\t\t<div data-elementor-type=\"wp-post\" data-elementor-id=\"1179\" class=\"elementor elementor-1179\">\n\t\t\t\t\t\t<section class=\"elementor-section elementor-top-section elementor-element elementor-element-545aed50 elementor-section-boxed elementor-section-height-default elementor-section-height-default\" data-id=\"545aed50\" data-element_type=\"section\">\n\t\t\t\t\t\t<div class=\"elementor-container elementor-column-gap-default\">\n\t\t\t\t\t<div class=\"elementor-column elementor-col-100 elementor-top-column elementor-element elementor-element-2707c60f\" data-id=\"2707c60f\" data-element_type=\"column\">\n\t\t\t<div class=\"elementor-widget-wrap elementor-element-populated\">\n\t\t\t\t\t\t<div class=\"elementor-element elementor-element-3b982309 elementor-widget elementor-widget-text-editor\" data-id=\"3b982309\" data-element_type=\"widget\" data-widget_type=\"text-editor.default\">\n\t\t\t\t<div class=\"elementor-widget-container\">\n\t\t\t\t\t\t\t\t\t\n<h3 class=\"wp-block-heading\">Estrategia espa\u00f1ola de econom\u00eda circular<\/h3>\n\n\n\n<p>El Consejo de Ministros ha aprobado la estrategia espa\u00f1ola de econom\u00eda circular <strong><a href=\"https:\/\/www.miteco.gob.es\/images\/es\/180206economiacircular_tcm30-440922.pdf\" target=\"_blank\" rel=\"noopener\">&#8220;Espa\u00f1a Circular 2030&#8221;<\/a>, que sienta las bases para dejar atr\u00e1s la econom\u00eda lineal del producir-consumir-tirar<\/strong>, para impulsar un nuevo modelo de producci\u00f3n y consumo minimizando la generaci\u00f3n de residuos y aprovechando al m\u00e1ximo aquellos cuya generaci\u00f3n haya sido inevitable.<\/p>\n\n\n\n<p>&#8220;Espa\u00f1a Circular 2030&#8221; tiene como objetivos reducir en un 30% el consumo nacional de materiales, mejorar un 10% la eficiencia en el uso del agua y recortar un 15% la generaci\u00f3n de residuos.<\/p>\n\n\n\n<p class=\"has-background has-text-align-center has-very-light-gray-background-color\"><strong><a href=\"https:\/\/eco.asufin.com\/2020\/08\/24\/suscribete-gratis-a-nuestra-newsletter-de-asufin-eco\/\" target=\"_blank\" rel=\"noopener\">\u00a1SUSCR\u00cdBETE A NUESTRA NEWSLETTER!<\/a><\/strong><\/p>\n\n\n\n<p><strong>Esta estrategia es uno de los proyectos del Gobierno que pretende servir de trampol\u00edn para la recuperaci\u00f3n econ\u00f3mica del pa\u00eds tras la crisis sanitaria vivida.<\/strong><\/p>\n\n\n\n<p>Adem\u00e1s, <strong>este proyecto enlaza con las principales iniciativas internacionales en esta materia<\/strong>, como la <a href=\"https:\/\/www.agenda2030.gob.es\/\" target=\"_blank\" rel=\"noopener\">Agenda 2030 <\/a>para el desarrollo sostenible, el Acuerdo de Par\u00eds sobre el cambio clim\u00e1tico, el Pacto Verde Europeo o los dos Planes de Acci\u00f3n de la Comisi\u00f3n Europea.<\/p>\n\n\n<center>\n<figure class=\"wp-block-image size-large is-resized\"><img fetchpriority=\"high\" decoding=\"async\" data-attachment-id=\"1183\" data-permalink=\"https:\/\/staging.asufin.com\/staging\/el-consejo-de-ministros-aprueba-la-estrategia-de-economia-circular\/20200114100750_consejo-ministros_original_imagen\/\" data-orig-file=\"https:\/\/i0.wp.com\/staging.asufin.com\/staging\/wp-content\/uploads\/2020\/07\/20200114100750_consejo-ministros_original_imagen.jpg?fit=1920%2C1080&amp;ssl=1\" data-orig-size=\"1920,1080\" data-comments-opened=\"1\" data-image-meta=\"{&quot;aperture&quot;:&quot;0&quot;,&quot;credit&quot;:&quot;&quot;,&quot;camera&quot;:&quot;&quot;,&quot;caption&quot;:&quot;&quot;,&quot;created_timestamp&quot;:&quot;0&quot;,&quot;copyright&quot;:&quot;&quot;,&quot;focal_length&quot;:&quot;0&quot;,&quot;iso&quot;:&quot;0&quot;,&quot;shutter_speed&quot;:&quot;0&quot;,&quot;title&quot;:&quot;&quot;,&quot;orientation&quot;:&quot;0&quot;}\" data-image-title=\"Consejo de Ministros\" data-image-description=\"&lt;p&gt;Consejo de Ministros&lt;\/p&gt;\n\" data-image-caption=\"\" data-large-file=\"https:\/\/i0.wp.com\/staging.asufin.com\/staging\/wp-content\/uploads\/2020\/07\/20200114100750_consejo-ministros_original_imagen.jpg?fit=800%2C450&amp;ssl=1\" data-recalc-dims=\"1\" class=\"wp-image-1183 aligncenter\" src=\"https:\/\/i0.wp.com\/eco.asufin.com\/wp-content\/uploads\/2020\/07\/20200114100750_consejo-ministros_original_imagen-1024x576.jpg?resize=497%2C279&#038;ssl=1\" alt=\"Consejo de Ministros\" width=\"497\" height=\"279\" title=\"\" srcset=\"https:\/\/i0.wp.com\/staging.asufin.com\/staging\/wp-content\/uploads\/2020\/07\/20200114100750_consejo-ministros_original_imagen.jpg?resize=1024%2C576&amp;ssl=1 1024w, https:\/\/i0.wp.com\/staging.asufin.com\/staging\/wp-content\/uploads\/2020\/07\/20200114100750_consejo-ministros_original_imagen.jpg?resize=300%2C169&amp;ssl=1 300w, https:\/\/i0.wp.com\/staging.asufin.com\/staging\/wp-content\/uploads\/2020\/07\/20200114100750_consejo-ministros_original_imagen.jpg?resize=768%2C432&amp;ssl=1 768w, https:\/\/i0.wp.com\/staging.asufin.com\/staging\/wp-content\/uploads\/2020\/07\/20200114100750_consejo-ministros_original_imagen.jpg?resize=1536%2C864&amp;ssl=1 1536w, https:\/\/i0.wp.com\/staging.asufin.com\/staging\/wp-content\/uploads\/2020\/07\/20200114100750_consejo-ministros_original_imagen.jpg?w=1920&amp;ssl=1 1920w, https:\/\/i0.wp.com\/staging.asufin.com\/staging\/wp-content\/uploads\/2020\/07\/20200114100750_consejo-ministros_original_imagen.jpg?w=1600&amp;ssl=1 1600w\" sizes=\"(max-width: 497px) 100vw, 497px\" \/><\/figure>\n<\/center>\n\n\n<p><strong>Para conseguir sacar este proyecto adelante, se pide la colaboraci\u00f3n de toda la sociedad.<\/strong> Adem\u00e1s, la estrategia espera que sean los <a href=\"https:\/\/staging.asufin.com\/staging\/\">consumidores<\/a> los que jueguen un papel fundamental en la consecuci\u00f3n de este reto, con sus decisiones a la hora de comprar productos, as\u00ed como su compromiso con el reciclaje de residuos.<\/p>\n\n\n\n<p>Este proyecto se enfrenta a grandes retos, ya que <strong>debe realizarse de forma que permita a las empresas ser eficientes sin caer en cargas excesivas,<\/strong> mejorando su productividad, capacidad de contratar, inversiones y oportunidades de internacionalizaci\u00f3n.<\/p>\n\n\n\n<p class=\"has-background has-text-align-center has-very-light-gray-background-color\"><strong><a href=\"https:\/\/www.facebook.com\/asufin.org\/\" target=\"_blank\" rel=\"noopener\">\u00a1S\u00cdGUENOS EN FACEBOOK PARA NO PERDERTE NADA!<\/a><\/strong><\/p>\n\n\n\n<h3 class=\"wp-block-heading\">Estructura<\/h3>\n\n\n\n<p>Para poder abarcar todos los problemas que cubre esta iniciativa se ha planteado un modelo organizativo conformado por varios comit\u00e9s:<\/p>\n\n\n\n<p><strong>Una Comisi\u00f3n Interministerial de Econom\u00eda Circular,<\/strong> a la que le corresponder\u00e1 evaluar y hacer las propuestas sobre las pol\u00edticas y medidas a incorporar en las pol\u00edticas sectoriales, entre otras y <strong>un Consejo de Econom\u00eda Circular, <\/strong>como espacio de colaboraci\u00f3n p\u00fablico-privada con todos los agentes econ\u00f3micos y sociales y otros sectores involucrados en el cambio de modelo.<\/p>\n\n\n\n<p>En definitiva, Espa\u00f1a Circular 2030 se forma como <strong>un proyecto a medio plazo que permitir\u00e1 a nuestro pa\u00eds avanzar hacia una <a href=\"https:\/\/eco.asufin.com\/proyecto\/\" target=\"_blank\" rel=\"noopener\">econom\u00eda circular <\/a>a trav\u00e9s de la puesta en marcha de distintos planes de acci\u00f3n<\/strong>.<\/p>\n\n\n\n<p>&nbsp;<\/p>\n\t\t\t\t\t\t\t\t<\/div>\n\t\t\t\t<\/div>\n\t\t\t\t\t<\/div>\n\t\t<\/div>\n\t\t\t\t\t<\/div>\n\t\t<\/section>\n\t\t\t\t<section class=\"elementor-section elementor-top-section elementor-element elementor-element-b8a42f6 elementor-section-boxed elementor-section-height-default elementor-section-height-default\" data-id=\"b8a42f6\" data-element_type=\"section\">\n\t\t\t\t\t\t<div class=\"elementor-container elementor-column-gap-default\">\n\t\t\t\t\t<div class=\"elementor-column elementor-col-100 elementor-top-column elementor-element elementor-element-91106f5\" data-id=\"91106f5\" data-element_type=\"column\">\n\t\t\t<div class=\"elementor-widget-wrap\">\n\t\t\t\t\t\t\t<\/div>\n\t\t<\/div>\n\t\t\t\t\t<\/div>\n\t\t<\/section>\n\t\t\t\t<\/div>\n\t\t","protected":false},"excerpt":{"rendered":"<p>\u201cEspa\u00f1a Circular 2030\u201d, que sienta las bases para dejar atr\u00e1s la econom\u00eda lineal del producir-consumir-tirar.<\/p>\n","protected":false},"author":279,"featured_media":0,"comment_status":"open","ping_status":"closed","sticky":false,"template":"","format":"standard","meta":{"_acf_changed":false,"_jetpack_newsletter_access":"","_jetpack_dont_email_post_to_subs":false,"_jetpack_newsletter_tier_id":0,"_jetpack_memberships_contains_paywalled_content":false,"_jetpack_memberships_contains_paid_content":false,"footnotes":""},"categories":[7444],"tags":[7454,7452],"class_list":["post-1179","post","type-post","status-publish","format-standard","hentry","category-noticias-eco","tag-eco","tag-reciclar"],"acf":[],"jetpack_featured_media_url":"","jetpack_shortlink":"https:\/\/wp.me\/peayLa-j1","jetpack_likes_enabled":false,"jetpack_sharing_enabled":true,"_links":{"self":[{"href":"https:\/\/staging.asufin.com\/staging\/wp-json\/wp\/v2\/posts\/1179","targetHints":{"allow":["GET"]}}],"collection":[{"href":"https:\/\/staging.asufin.com\/staging\/wp-json\/wp\/v2\/posts"}],"about":[{"href":"https:\/\/staging.asufin.com\/staging\/wp-json\/wp\/v2\/types\/post"}],"author":[{"embeddable":true,"href":"https:\/\/staging.asufin.com\/staging\/wp-json\/wp\/v2\/users\/279"}],"replies":[{"embeddable":true,"href":"https:\/\/staging.asufin.com\/staging\/wp-json\/wp\/v2\/comments?post=1179"}],"version-history":[{"count":0,"href":"https:\/\/staging.asufin.com\/staging\/wp-json\/wp\/v2\/posts\/1179\/revisions"}],"wp:attachment":[{"href":"https:\/\/staging.asufin.com\/staging\/wp-json\/wp\/v2\/media?parent=1179"}],"wp:term":[{"taxonomy":"category","embeddable":true,"href":"https:\/\/staging.asufin.com\/staging\/wp-json\/wp\/v2\/categories?post=1179"},{"taxonomy":"post_tag","embeddable":true,"href":"https:\/\/staging.asufin.com\/staging\/wp-json\/wp\/v2\/tags?post=1179"}],"curies":[{"name":"wp","href":"https:\/\/api.w.org\/{rel}","templated":true}]}}