{"id":1207,"date":"2020-08-05T12:43:20","date_gmt":"2020-08-05T10:43:20","guid":{"rendered":"https:\/\/eco.asufin.com\/?p=1207"},"modified":"2020-08-05T12:43:20","modified_gmt":"2020-08-05T10:43:20","slug":"el-gobierno-aprueba-una-ley-que-obligara-al-reciclaje-de-los-neumaticos-en-desuso","status":"publish","type":"post","link":"https:\/\/staging.asufin.com\/staging\/el-gobierno-aprueba-una-ley-que-obligara-al-reciclaje-de-los-neumaticos-en-desuso\/","title":{"rendered":"El gobierno aprueba una ley que obligar\u00e1 al reciclaje de los neum\u00e1ticos en desuso"},"content":{"rendered":"\n<h3 class=\"wp-block-heading\">Incorpora un modelo de econom\u00eda circular y ampl\u00eda la responsabilidad de los productores<\/h3>\n\n\n\n<p><strong>05.08.2020<\/strong>&#8211; El Consejo de Ministros, a propuesta del Ministerio para la Transici\u00f3n Ecol\u00f3gica y el Reto Demogr\u00e1fico, <strong>aprob\u00f3 ayer un Real Decreto que proh\u00edbe que los neum\u00e1ticos de gran tama\u00f1o vayan al vertedero<\/strong> y tengan que ser reciclados por ley. <\/p>\n\n\n\n<p>El Decreto acelerar\u00e1 la transici\u00f3n del sector de los neum\u00e1ticos fuera de uso hacia un modelo de <a href=\"https:\/\/eco.asufin.com\/proyecto\/\" target=\"_blank\" rel=\"noopener\">econom\u00eda circular<\/a>. <strong>La norma modifica el Real Decreto 1619\/2005 para lograr una gesti\u00f3n m\u00e1s eficaz de este residuo<\/strong> y consolidar los progresos de su gesti\u00f3n a lo largo de los pr\u00f3ximos 15 a\u00f1os de vigencia de la normativa.<\/p>\n\n\n\n<p class=\"has-background has-text-align-center has-very-light-gray-background-color\"><a href=\"https:\/\/eco.asufin.com\/noticias\/\" target=\"_blank\" rel=\"noopener\"><strong>NOTICIAS RELACIONADAS<\/strong><\/a> <\/p>\n\n\n\n<p>Esta norma contiene varias medidas encaminadas a mejorar la eficiencia y los resultados del sistema de gesti\u00f3n de los neum\u00e1ticos en desusos. Entre ellas, destaca la prohibici\u00f3n del dep\u00f3sito en vertederos de los neum\u00e1ticos, y su incorporaci\u00f3n al sistema de gesti\u00f3n bajo la responsabilidad ampliada del productor. <strong>Tambi\u00e9n define las condiciones que deben reunir los neum\u00e1ticos <\/strong>(tanto los de segundo uso como los recauchutados) <strong>para su posterior comercializaci\u00f3n, adem\u00e1s de la informaci\u00f3n que debe proporcionarse al usuario.<\/strong><\/p>\n\n\n\n<p><strong>En ella est\u00e1n reunidas las responsabilidades de recogida y gesti\u00f3n para cada a\u00f1o y comunidad aut\u00f3noma<\/strong> lo que aseguran que evitar\u00e1 problemas de acumulaci\u00f3n y retrasos.<\/p>\n\n\n\n<h3 class=\"wp-block-heading\">Obligaciones productores<\/h3>\n\n\n\n<p>El Real Decreto <strong>ampl\u00eda las obligaciones de los productores de neum\u00e1ticos, <\/strong>entre ellas que estos quedar\u00e1n&nbsp;obligados a gestionarlos cuantas veces sea necesario&nbsp;hasta su completa valorizaci\u00f3n. Tambi\u00e9n se incluye la gesti\u00f3n del neum\u00e1tico si vuelve a ser comercializado como producto de segunda mano o recauchutado. Quedan excluidos de la norma los neum\u00e1ticos de bicicleta, que son de peque\u00f1o tama\u00f1o.  <\/p>\n\n\n\n<p class=\"has-background has-text-align-center has-very-light-gray-background-color\"><strong><a href=\"https:\/\/es-es.facebook.com\/asufin.org\" target=\"_blank\" rel=\"noopener\">\u00a1S\u00cdGUENOS EN FACEBOOK PARA NO PERDERTE NADA!<\/a><\/strong><\/p>\n\n\n\n<p><strong>Esta norma habilita al&nbsp;<a href=\"https:\/\/www.miteco.gob.es\/es\/\" target=\"_blank\" rel=\"noopener\">Ministerio para la Transici\u00f3n Ecol\u00f3gica<\/a>&nbsp;a definir los criterios que permitan asignar la responsabilidad<\/strong> que corresponde a cada sistema colectivo <strong>y a que sean publicados en antes del 15 de marzo de cada a\u00f1o en su Web. <\/strong>Con estas medidas, el Real Decreto, seg\u00fan el Gobierno, quiere resolver los problemas de gesti\u00f3n cuando se sobrepasan las cuotas asignadas a cada sistema colectivo de responsabilidad. <\/p>\n\n\n\n<p>Finalmente <strong>regula tambi\u00e9n el procedimiento excepcional de&nbsp;recogida en los puntos limpios&nbsp;de los neum\u00e1ticos fuera de uso,<\/strong> as\u00ed como la relaci\u00f3n entre los puntos limpios y productores para costear la recogida y tratamiento de dichos neum\u00e1ticos. <\/p>\n\n\n\n<p class=\"has-background has-text-align-center has-very-light-gray-background-color\"><strong><a href=\"https:\/\/eco.asufin.com\/\" target=\"_blank\" rel=\"noopener\">SUSCR\u00cdBETE A NUESTRA <em>NEWSLETTER<\/em> <\/a><\/strong><\/p>\n","protected":false},"excerpt":{"rendered":"<p>Incorpora un modelo de econom\u00eda circular y ampl\u00eda la responsabilidad de los productores.<\/p>\n","protected":false},"author":279,"featured_media":83051,"comment_status":"open","ping_status":"closed","sticky":false,"template":"","format":"standard","meta":{"_acf_changed":false,"_jetpack_newsletter_access":"","_jetpack_dont_email_post_to_subs":false,"_jetpack_newsletter_tier_id":0,"_jetpack_memberships_contains_paywalled_content":false,"_jetpack_memberships_contains_paid_content":false,"footnotes":""},"categories":[7442,7444],"tags":[7454,7452],"class_list":["post-1207","post","type-post","status-publish","format-standard","has-post-thumbnail","hentry","category-economia-circular","category-noticias-eco","tag-eco","tag-reciclar"],"acf":[],"jetpack_featured_media_url":"https:\/\/i0.wp.com\/staging.asufin.com\/staging\/wp-content\/uploads\/2020\/08\/edit-1-1.jpg?fit=1902%2C939&ssl=1","jetpack_shortlink":"https:\/\/wp.me\/peayLa-jt","jetpack_likes_enabled":false,"jetpack_sharing_enabled":true,"_links":{"self":[{"href":"https:\/\/staging.asufin.com\/staging\/wp-json\/wp\/v2\/posts\/1207","targetHints":{"allow":["GET"]}}],"collection":[{"href":"https:\/\/staging.asufin.com\/staging\/wp-json\/wp\/v2\/posts"}],"about":[{"href":"https:\/\/staging.asufin.com\/staging\/wp-json\/wp\/v2\/types\/post"}],"author":[{"embeddable":true,"href":"https:\/\/staging.asufin.com\/staging\/wp-json\/wp\/v2\/users\/279"}],"replies":[{"embeddable":true,"href":"https:\/\/staging.asufin.com\/staging\/wp-json\/wp\/v2\/comments?post=1207"}],"version-history":[{"count":0,"href":"https:\/\/staging.asufin.com\/staging\/wp-json\/wp\/v2\/posts\/1207\/revisions"}],"wp:featuredmedia":[{"embeddable":true,"href":"https:\/\/staging.asufin.com\/staging\/wp-json\/wp\/v2\/media\/83051"}],"wp:attachment":[{"href":"https:\/\/staging.asufin.com\/staging\/wp-json\/wp\/v2\/media?parent=1207"}],"wp:term":[{"taxonomy":"category","embeddable":true,"href":"https:\/\/staging.asufin.com\/staging\/wp-json\/wp\/v2\/categories?post=1207"},{"taxonomy":"post_tag","embeddable":true,"href":"https:\/\/staging.asufin.com\/staging\/wp-json\/wp\/v2\/tags?post=1207"}],"curies":[{"name":"wp","href":"https:\/\/api.w.org\/{rel}","templated":true}]}}