{"id":1222,"date":"2020-08-25T11:32:03","date_gmt":"2020-08-25T09:32:03","guid":{"rendered":"https:\/\/eco.asufin.com\/?p=1222"},"modified":"2022-03-05T20:19:56","modified_gmt":"2022-03-05T20:19:56","slug":"la-contaminacion-podria-aumentar-el-riego-de-mortalidad-por-covid-19","status":"publish","type":"post","link":"https:\/\/staging.asufin.com\/staging\/la-contaminacion-podria-aumentar-el-riego-de-mortalidad-por-covid-19\/","title":{"rendered":"La contaminaci\u00f3n podr\u00eda aumentar el riesgo de mortalidad por Covid-19"},"content":{"rendered":"\t\t<div data-elementor-type=\"wp-post\" data-elementor-id=\"1222\" class=\"elementor elementor-1222\">\n\t\t\t\t\t\t<section class=\"elementor-section elementor-top-section elementor-element elementor-element-759047c1 elementor-section-boxed elementor-section-height-default elementor-section-height-default\" data-id=\"759047c1\" data-element_type=\"section\">\n\t\t\t\t\t\t<div class=\"elementor-container elementor-column-gap-default\">\n\t\t\t\t\t<div class=\"elementor-column elementor-col-100 elementor-top-column elementor-element elementor-element-2c4926fb\" data-id=\"2c4926fb\" data-element_type=\"column\">\n\t\t\t<div class=\"elementor-widget-wrap elementor-element-populated\">\n\t\t\t\t\t\t<div class=\"elementor-element elementor-element-ac046ef elementor-widget elementor-widget-text-editor\" data-id=\"ac046ef\" data-element_type=\"widget\" data-widget_type=\"text-editor.default\">\n\t\t\t\t<div class=\"elementor-widget-container\">\n\t\t\t\t\t\t\t\t\t<p><\/p>\n<h3 class=\"wp-block-heading\">La ONS estudia si la poluci\u00f3n puede ser determinante para explicar la diferencia de casos por Covid-19 entre las ciudades y las \u00e1reas menos expuestas<\/h3>\n<p><\/p>\n<p><\/p>\n<h3 class=\"wp-block-heading\">Espa\u00f1a\u00a0incumple desde hace 8 a\u00f1os los umbrales m\u00e1ximos de emisiones atmosf\u00e9ricas de amoniaco<\/h3>\n<p><\/p>\n<p><\/p>\n<p>Seg\u00fan un <a href=\"https:\/\/www.ons.gov.uk\/economy\/environmentalaccounts\/articles\/doesexposuretoairpollutionincreasetheriskofdyingfromthecoronaviruscovid19\/2020-08-13\" target=\"_blank\" rel=\"noopener\">estudio<\/a> realizado por la Oficina Nacional de Estad\u00edstica (ONS) brit\u00e1nica la suma de tan solo un miligramo por metro c\u00fabico de las part\u00edculas contaminadas en suspensi\u00f3n <strong>podr\u00eda incrementar hasta en un 6% la tasa de mortalidad.<\/strong> Y de una sola unidad en el di\u00f3xido de nitr\u00f3geno, aumentar\u00eda en un 2% dicha tasa.<\/p>\n<p><\/p>\n<p><\/p>\n<p>Aunque la a pandemia ha provocado una gran ca\u00edda en los niveles de las emisiones globales de carbono (de hasta un 17% menos que el a\u00f1o anterior), algunos estudios han sugerido que la <strong>exposici\u00f3n prolongada al aire contaminado en los meses anteriores al confinamiento se asocia con s\u00edntomas graves y un mayor riesgo de muerte.<\/strong><\/p>\n<p><\/p>\n<p><\/p>\n<p class=\"has-background has-text-align-center has-very-light-gray-background-color\"><strong><a href=\"https:\/\/staging.asufin.com\/staging\/suscribete-gratis-a-nuestra-newsletter-de-asufin-eco\/\">\u00a1SUSCR\u00cdBETE A NUESTRA NEWSLETTER PARA NO PERDERTE NADA!<\/a><\/strong><\/p>\n<p><\/p>\n<p><\/p>\n<p>Los estudios en los Estados Unidos e Italia encontraron que un peque\u00f1o aumento en la exposici\u00f3n a la contaminaci\u00f3n aumenta el n\u00famero de muertes por <a href=\"https:\/\/staging.asufin.com\/staging\/?s=covid\">COVID-19<\/a>, y el estudio m\u00e1s reciente en los Pa\u00edses Bajos apunta a un aumento en la tasa de mortalidad de hasta al 21%. <strong>Esto explicar\u00eda las elevadas tasas de mortalidad experimentadas en ciudades como Madrid o Nueva York, o en \u00e1reas metropolitanas como Lombard\u00eda,<\/strong> durante la fase cr\u00edtica de la pandemia.<\/p>\n<p><\/p>\n<p><\/p>\n<p>La exposici\u00f3n constante a la contaminaci\u00f3n del aire es una causa conocida de dificultades respiratorias y otras afecciones a largo plazo en los pulmones y el coraz\u00f3n. Y este estudio demuestra que <strong>el 35% de las muertes por COVID-19 en Inglaterra padec\u00edan una enfermedad respiratoria o cardiovascular.<\/strong><\/p>\n<p><\/p>\n<p><\/p>\n<p class=\"has-background has-text-align-center has-very-light-gray-background-color\"><strong><a href=\"https:\/\/www.facebook.com\/asufin.org\/\" target=\"_blank\" rel=\"noopener\">\u00a1S\u00cdGUENOS EN FACEBOOK!<\/a><\/strong><\/p>\n<p><\/p>\n<p><\/p>\n<p>Tambi\u00e9n se descubri\u00f3 que la contaminaci\u00f3n del aire podr\u00eda ser un factor que explicase <strong>por qu\u00e9 las personas de minor\u00edas \u00e9tnicas\u00a0(BAME) sufren m\u00e1s de coronavirus<\/strong>. Los resultados hicieron a los expertos concluir que son m\u00e1s vulnerables por vivir en las zonas con mayor poluci\u00f3n de las ciudades.<\/p>\n<p><\/p>\n<p><\/p>\n<p><strong>Finalmente la<a href=\"https:\/\/www.ons.gov.uk\/\" target=\"_blank\" rel=\"noopener\"> ONS<\/a> afirma que este informe no es concluyente<\/strong>, y que se necesita un modelo individualizado claramente detallado para que lo sea.<\/p>\n<p><\/p>\n<p><\/p>\n<p><\/p>\t\t\t\t\t\t\t\t<\/div>\n\t\t\t\t<\/div>\n\t\t\t\t\t<\/div>\n\t\t<\/div>\n\t\t\t\t\t<\/div>\n\t\t<\/section>\n\t\t\t\t<section class=\"elementor-section elementor-top-section elementor-element elementor-element-448b5b9 elementor-section-boxed elementor-section-height-default elementor-section-height-default\" data-id=\"448b5b9\" data-element_type=\"section\">\n\t\t\t\t\t\t<div class=\"elementor-container elementor-column-gap-default\">\n\t\t\t\t\t<div class=\"elementor-column elementor-col-100 elementor-top-column elementor-element elementor-element-19e8bf7\" data-id=\"19e8bf7\" data-element_type=\"column\">\n\t\t\t<div class=\"elementor-widget-wrap\">\n\t\t\t\t\t\t\t<\/div>\n\t\t<\/div>\n\t\t\t\t\t<\/div>\n\t\t<\/section>\n\t\t\t\t<\/div>\n\t\t","protected":false},"excerpt":{"rendered":"<p>La ONS estudia si poluci\u00f3n puede ser determinante para explicar la diferencia de casos por Covid-19 entre las ciudades y las \u00e1reas menos expuestas.<\/p>\n","protected":false},"author":279,"featured_media":83054,"comment_status":"open","ping_status":"closed","sticky":false,"template":"","format":"standard","meta":{"_acf_changed":false,"_jetpack_newsletter_access":"","_jetpack_dont_email_post_to_subs":false,"_jetpack_newsletter_tier_id":0,"_jetpack_memberships_contains_paywalled_content":false,"_jetpack_memberships_contains_paid_content":false,"footnotes":""},"categories":[7444],"tags":[3416,7454],"class_list":["post-1222","post","type-post","status-publish","format-standard","has-post-thumbnail","hentry","category-noticias-eco","tag-covid","tag-eco"],"acf":[],"jetpack_featured_media_url":"https:\/\/i0.wp.com\/staging.asufin.com\/staging\/wp-content\/uploads\/2020\/08\/mouth-mask-5326343_1920.jpg?fit=1920%2C1275&ssl=1","jetpack_shortlink":"https:\/\/wp.me\/peayLa-jI","jetpack_likes_enabled":false,"jetpack_sharing_enabled":true,"_links":{"self":[{"href":"https:\/\/staging.asufin.com\/staging\/wp-json\/wp\/v2\/posts\/1222","targetHints":{"allow":["GET"]}}],"collection":[{"href":"https:\/\/staging.asufin.com\/staging\/wp-json\/wp\/v2\/posts"}],"about":[{"href":"https:\/\/staging.asufin.com\/staging\/wp-json\/wp\/v2\/types\/post"}],"author":[{"embeddable":true,"href":"https:\/\/staging.asufin.com\/staging\/wp-json\/wp\/v2\/users\/279"}],"replies":[{"embeddable":true,"href":"https:\/\/staging.asufin.com\/staging\/wp-json\/wp\/v2\/comments?post=1222"}],"version-history":[{"count":4,"href":"https:\/\/staging.asufin.com\/staging\/wp-json\/wp\/v2\/posts\/1222\/revisions"}],"predecessor-version":[{"id":88611,"href":"https:\/\/staging.asufin.com\/staging\/wp-json\/wp\/v2\/posts\/1222\/revisions\/88611"}],"wp:featuredmedia":[{"embeddable":true,"href":"https:\/\/staging.asufin.com\/staging\/wp-json\/wp\/v2\/media\/83054"}],"wp:attachment":[{"href":"https:\/\/staging.asufin.com\/staging\/wp-json\/wp\/v2\/media?parent=1222"}],"wp:term":[{"taxonomy":"category","embeddable":true,"href":"https:\/\/staging.asufin.com\/staging\/wp-json\/wp\/v2\/categories?post=1222"},{"taxonomy":"post_tag","embeddable":true,"href":"https:\/\/staging.asufin.com\/staging\/wp-json\/wp\/v2\/tags?post=1222"}],"curies":[{"name":"wp","href":"https:\/\/api.w.org\/{rel}","templated":true}]}}