{"id":12645,"date":"2013-06-02T07:44:55","date_gmt":"2013-06-02T07:44:55","guid":{"rendered":"http:\/\/asuapedefin.com\/?p=12645"},"modified":"2017-11-03T11:01:57","modified_gmt":"2017-11-03T10:01:57","slug":"manos-arriba-proyeccion-y-debate-en-el-centro-de-cultura-contemporanea-de-barcelona","status":"publish","type":"post","link":"https:\/\/staging.asufin.com\/staging\/manos-arriba-proyeccion-y-debate-en-el-centro-de-cultura-contemporanea-de-barcelona\/","title":{"rendered":"MANOS ARRIBA: Proyecci\u00f3n y debate en el Centro de Cultura Contempor\u00e1nea de Barcelona"},"content":{"rendered":"<h4>La \u00e9tica bancaria a debate con la participaci\u00f3n del director del documental, Javier Gasc\u00f3n, el Magistrado Jos\u00e9 Maria Fern\u00e1ndez Seijo y la presidenta de Asuapedefin, Patricia Su\u00e1rez<\/h4>\n<p style=\"text-align: center;\">\n<p align=\"center\"><b>FUERA DE PROGRAMA <\/b><b>PRESENTA EL DOCUMENTAL<\/b><\/p>\n<p align=\"center\"><b>Manos<\/b><b> arriba, esto es un contrato<\/b><\/p>\n<p align=\"center\"><b>Mi\u00e9rcoles 5 de junio, 18.30 h<\/b><b><\/b><\/p>\n<p>\u00bfSe aplica un c\u00f3digo \u00e9tico en las actuaciones del sector bancario? Algunas entidades hablan de ello en su p\u00e1gina de presentaci\u00f3n. Los acontecimientos que estamos viviendo en los \u00faltimos a\u00f1os nos han abierto los ojos. Que no se ha actuado con \u00e9tica en muchos casos es un hecho. La cuesti\u00f3n es: \u00bfpuede la justicia corregir estas situaciones de abuso?<\/p>\n<p>El documental <b><i>Manos arriba, esto es un contrato<\/i><\/b><i>,<b> <\/b><\/i>realizado por <b>Javier Gasc\u00f3n<\/b>, nos muestra de forma testimonial los m\u00faltiples casos que se est\u00e1n produciendo en todo del pa\u00eds, siguiendo la peregrinaci\u00f3n de Jos\u00e9 Luis Burgos, que qued\u00f3 postrado en una silla de ruedas a los 49 a\u00f1os y descubri\u00f3 entonces que el seguro que le oblig\u00f3 a contratar su entidad financiera para la hipoteca no cubr\u00eda dicha situaci\u00f3n.<\/p>\n<p><a href=\"http:\/\/asuapedefin.com\/wp-content\/uploads\/2013\/06\/Tarjeto_EticaBancs_Juny.pdf\" target=\"_blank\" rel=\"noopener\">+ INFO (pdf en catal\u00e1n)<\/a><\/p>\n<div>\n<p><b>18.30 h Proyecci\u00f3n<\/b><b><\/b><\/p>\n<\/div>\n<p><i>Manos arriba, esto es un contrato<\/i>, Javier Gasc\u00f3n, 90&#8242;<\/p>\n<div>\n<p><b>20 h Debate<\/b><b><\/b><\/p>\n<\/div>\n<p><b>La \u00e9tica bancaria a examen.<\/b><b> <\/b>Con la participaci\u00f3n de Javier Gasc\u00f3n, Director del documental; Patricia Su\u00e1rez, Presidenta de ASUAPEDEFIN (<a href=\"http:\/\/asuapedefin.com\/\" target=\"_blank\" rel=\"noopener\">http:\/\/asuapedefin.com \/<\/a>), y Jos\u00e9 Mar\u00eda Fern\u00e1ndez Seijo, Magistrado del Juzgado Mercantil n\u00fam. 3 de Barcelona.<\/p>\n<p><b>\u00a0<\/b><\/p>\n<h2>Entrada libre\u00a0\u00a0\u00a0\u00a0\u00a0\u00a0\u00a0\u00a0\u00a0\u00a0 Aforo limitado<\/h2>\n<p><b>Organiza:<\/b><\/p>\n<p><b>\u00a0<a href=\"http:\/\/www.cccb.org\/es\/audiovisual-fora_de_programa_presenta_manos_arriba_esto_es_un_contrato-43419\" target=\"_blank\" rel=\"noopener\"><img data-recalc-dims=\"1\" decoding=\"async\" data-attachment-id=\"12653\" data-permalink=\"https:\/\/staging.asufin.com\/staging\/logo-cccb-nou\/\" data-orig-file=\"https:\/\/i0.wp.com\/staging.asufin.com\/staging\/wp-content\/uploads\/2013\/06\/logo-cccb-nou.jpg?fit=336%2C61&amp;ssl=1\" data-orig-size=\"336,61\" data-comments-opened=\"1\" data-image-meta=\"{&quot;aperture&quot;:&quot;0&quot;,&quot;credit&quot;:&quot;&quot;,&quot;camera&quot;:&quot;&quot;,&quot;caption&quot;:&quot;&quot;,&quot;created_timestamp&quot;:&quot;0&quot;,&quot;copyright&quot;:&quot;&quot;,&quot;focal_length&quot;:&quot;0&quot;,&quot;iso&quot;:&quot;0&quot;,&quot;shutter_speed&quot;:&quot;0&quot;,&quot;title&quot;:&quot;&quot;,&quot;orientation&quot;:&quot;0&quot;}\" data-image-title=\"logo-cccb-nou\" data-image-description=\"\" data-image-caption=\"\" data-large-file=\"https:\/\/i0.wp.com\/staging.asufin.com\/staging\/wp-content\/uploads\/2013\/06\/logo-cccb-nou.jpg?fit=336%2C61&amp;ssl=1\" class=\"aligncenter size-full wp-image-12653\" alt=\"logo-cccb-nou\" src=\"https:\/\/i0.wp.com\/asuapedefin.com\/wp-content\/uploads\/2013\/06\/logo-cccb-nou.jpg?resize=336%2C61\" width=\"336\" height=\"61\" title=\"\" srcset=\"https:\/\/i0.wp.com\/staging.asufin.com\/staging\/wp-content\/uploads\/2013\/06\/logo-cccb-nou.jpg?w=336&amp;ssl=1 336w, https:\/\/i0.wp.com\/staging.asufin.com\/staging\/wp-content\/uploads\/2013\/06\/logo-cccb-nou.jpg?resize=300%2C54&amp;ssl=1 300w\" sizes=\"(max-width: 336px) 100vw, 336px\" \/><\/a><\/b><\/p>\n<p><strong>C\u00f3mo llegar:<\/strong><\/p>\n<p>C\/ Montalegre 5, 08001 Barcelona Tel. 93 306 41 00 Fax 93 306 41 01<\/p>\n<p>Metro: l\u00ednies 1, 2 i 3 (Catalunya i Universitat) FGC i RENFE.<\/p>\n<p>Bus: 7, 9, 14, 16, 17, 24, 38, 41, 50, 54, 55, 56, 58, 59, 64, 66, 67, 68, 91, 120, 141, L94, L95, Tomb\u00fas, Aerob\u00fas.<\/p>\n<p>Parkings: Pl. Castella, Carrer dels \u00c0ngels, Pl. Catalunya.<\/p>\n","protected":false},"excerpt":{"rendered":"<p>La \u00e9tica bancaria a debate con la participaci\u00f3n del director del documental, Javier Gasc\u00f3n, el Magistrado Jos\u00e9 Maria Fern\u00e1ndez Seijo y la presidenta de Asuapedefin, Patricia Su\u00e1rez FUERA DE PROGRAMA PRESENTA EL DOCUMENTAL Manos arriba, esto es un contrato Mi\u00e9rcoles 5 de junio, 18.30 h \u00bfSe aplica un c\u00f3digo \u00e9tico en las actuaciones del sector [&hellip;]<\/p>\n","protected":false},"author":2,"featured_media":12646,"comment_status":"open","ping_status":"closed","sticky":false,"template":"page-asufin-noticia.php","format":"standard","meta":{"_acf_changed":false,"_jetpack_newsletter_access":"","_jetpack_dont_email_post_to_subs":false,"_jetpack_newsletter_tier_id":0,"_jetpack_memberships_contains_paywalled_content":false,"_jetpack_memberships_contains_paid_content":false,"footnotes":""},"categories":[191],"tags":[1504,481,1505,1448,33],"class_list":["post-12645","post","type-post","status-publish","format-standard","has-post-thumbnail","hentry","category-eventos","tag-cccb","tag-javier-gascon","tag-jose-ma-fernandez-seijo","tag-manos-arriba","tag-patricia-suarez"],"acf":[],"jetpack_featured_media_url":"https:\/\/i0.wp.com\/staging.asufin.com\/staging\/wp-content\/uploads\/2013\/06\/etica1_1.jpg?fit=1024%2C576&ssl=1","jetpack_shortlink":"https:\/\/wp.me\/peayLa-3hX","jetpack_likes_enabled":false,"jetpack_sharing_enabled":true,"_links":{"self":[{"href":"https:\/\/staging.asufin.com\/staging\/wp-json\/wp\/v2\/posts\/12645","targetHints":{"allow":["GET"]}}],"collection":[{"href":"https:\/\/staging.asufin.com\/staging\/wp-json\/wp\/v2\/posts"}],"about":[{"href":"https:\/\/staging.asufin.com\/staging\/wp-json\/wp\/v2\/types\/post"}],"author":[{"embeddable":true,"href":"https:\/\/staging.asufin.com\/staging\/wp-json\/wp\/v2\/users\/2"}],"replies":[{"embeddable":true,"href":"https:\/\/staging.asufin.com\/staging\/wp-json\/wp\/v2\/comments?post=12645"}],"version-history":[{"count":0,"href":"https:\/\/staging.asufin.com\/staging\/wp-json\/wp\/v2\/posts\/12645\/revisions"}],"wp:featuredmedia":[{"embeddable":true,"href":"https:\/\/staging.asufin.com\/staging\/wp-json\/wp\/v2\/media\/12646"}],"wp:attachment":[{"href":"https:\/\/staging.asufin.com\/staging\/wp-json\/wp\/v2\/media?parent=12645"}],"wp:term":[{"taxonomy":"category","embeddable":true,"href":"https:\/\/staging.asufin.com\/staging\/wp-json\/wp\/v2\/categories?post=12645"},{"taxonomy":"post_tag","embeddable":true,"href":"https:\/\/staging.asufin.com\/staging\/wp-json\/wp\/v2\/tags?post=12645"}],"curies":[{"name":"wp","href":"https:\/\/api.w.org\/{rel}","templated":true}]}}