{"id":1269,"date":"2020-09-15T08:58:52","date_gmt":"2020-09-15T06:58:52","guid":{"rendered":"https:\/\/eco.asufin.com\/?p=1269"},"modified":"2020-09-15T08:58:52","modified_gmt":"2020-09-15T06:58:52","slug":"podran-las-plantas-generar-electricidad","status":"publish","type":"post","link":"https:\/\/staging.asufin.com\/staging\/podran-las-plantas-generar-electricidad\/","title":{"rendered":"\u00bfPodr\u00e1n las plantas generar electricidad?"},"content":{"rendered":"\t\t<div data-elementor-type=\"wp-post\" data-elementor-id=\"1269\" class=\"elementor elementor-1269\">\n\t\t\t\t\t\t<section class=\"elementor-section elementor-top-section elementor-element elementor-element-34d3b7d elementor-section-boxed elementor-section-height-default elementor-section-height-default\" data-id=\"34d3b7d\" data-element_type=\"section\">\n\t\t\t\t\t\t<div class=\"elementor-container elementor-column-gap-default\">\n\t\t\t\t\t<div class=\"elementor-column elementor-col-100 elementor-top-column elementor-element elementor-element-4b190ae9\" data-id=\"4b190ae9\" data-element_type=\"column\">\n\t\t\t<div class=\"elementor-widget-wrap elementor-element-populated\">\n\t\t\t\t\t\t<div class=\"elementor-element elementor-element-3d38005a elementor-widget elementor-widget-text-editor\" data-id=\"3d38005a\" data-element_type=\"widget\" data-widget_type=\"text-editor.default\">\n\t\t\t\t<div class=\"elementor-widget-container\">\n\t\t\t\t\t\t\t\t\t<p><\/p>\n<h3 class=\"wp-block-heading\"><strong>El invento que puede cambiar el mundo y mejorar la vida de millones de familias<\/strong><\/h3>\n<p><\/p>\n<p>Ser\u00e1 uno de los proyectos de innovaci\u00f3n social m\u00e1s importantes de los pr\u00f3ximos a\u00f1os. La viabilidad del proyecto se <strong>discutir\u00e1 en el congreso de Magallanes-Elcano de Sevilla<\/strong>, entre los d\u00edas 18 y 20 de septiembre.<\/p>\n<p><\/p>\n<p>El congreso se centrar\u00e1 en el emprendimiento y en la creaci\u00f3n de valores en espacios emergentes, se podr\u00e1 seguir&nbsp;<a href=\"https:\/\/platform.eventboost.com\/e\/congreso-internacional-innovacion-social-v-centenario-magallanes-elcano-\/24330\" target=\"_blank\" rel=\"noopener\">v\u00eda online<\/a>&nbsp;y tendr\u00e1 un alcance de m\u00e1s de 100 pa\u00edses. Seg\u00fan el cofundador de este congreso, es posible utilizar <strong>la fotos\u00edntesis para obtener energ\u00eda<\/strong>&nbsp;sin da\u00f1ar los organismos vivos.<\/p>\n<p><\/p>\n<p class=\"has-background has-text-align-center has-very-light-gray-background-color\"><a href=\"https:\/\/eco.asufin.com\/2020\/08\/24\/suscribete-gratis-a-nuestra-newsletter-de-asufin-eco\/\" target=\"_blank\" rel=\"noopener\"><strong>\u00a1SUSCR\u00cdBETE A LA NEWSLETTER DE ASUFIN ECO!<\/strong><\/a><\/p>\n<p><\/p>\n<h3 class=\"wp-block-heading\"><strong>La &#8220;plantal\u00e1mpara&#8221;<\/strong><\/h3>\n<p><\/p>\n<p>La &#8220;plantal\u00e1mpara&#8221; es la idea principal sobre la que se sostiene el proyecto. Se trata de un dispositivo que, <strong>gracias al proceso de fotos\u00edntesis, genera electricidad para proveer de energ\u00eda a una l\u00e1mpara LED de 300 lumens<\/strong>, lo que equivale a una iluminaci\u00f3n de una bombilla de 50 vatios, que puede dar luz a una habitaci\u00f3n durante dos horas.<\/p>\n<p><\/p>\n<p>Se debe cargar durante un d\u00eda entero aprovechando el proceso de fotos\u00edntesis, <strong>mediante el traspaso de los electrodos de la energ\u00eda generada a una bater\u00eda. <\/strong><\/p>\n<p><\/p>\n<p class=\"has-background has-text-align-center has-very-light-gray-background-color\"><a href=\"https:\/\/twitter.com\/asufin_\" target=\"_blank\" rel=\"noopener\"><strong>S\u00cdGUENOS EN NUESTRO TWITTER<\/strong><\/a><\/p>\n<p><\/p>\n<h3 class=\"wp-block-heading\"><strong>Ventajas<\/strong><\/h3>\n<p><\/p>\n<p><strong>La &#8220;plantal\u00e1mpara&#8221; es una fuente de <a href=\"https:\/\/eco.asufin.com\/proyecto\/\" target=\"_blank\" rel=\"noopener\">energ\u00eda eficiente y renovable<\/a><\/strong>,&nbsp;con la que se evita que se tenga que quemar biomasa&nbsp;o recurrir a las l\u00e1mparas de queroseno para poder contar con luz artificial cuando cae la noche.<\/p>\n<p><\/p>\n<p>Adem\u00e1s, a diferencia de la energ\u00eda e\u00f3lica o solar, <strong>la energ\u00eda generada por plantas&nbsp;no se interrumpe en ning\u00fan caso,<\/strong> ni cuando es de noche o est\u00e1 nublado, ni tampoco cuando el viento deja de soplar.<\/p>\n<p><\/p>\n<p><\/p>\t\t\t\t\t\t\t\t<\/div>\n\t\t\t\t<\/div>\n\t\t\t\t\t<\/div>\n\t\t<\/div>\n\t\t\t\t\t<\/div>\n\t\t<\/section>\n\t\t\t\t<section class=\"elementor-section elementor-top-section elementor-element elementor-element-9a6e4f9 elementor-section-boxed elementor-section-height-default elementor-section-height-default\" data-id=\"9a6e4f9\" data-element_type=\"section\">\n\t\t\t\t\t\t<div class=\"elementor-container elementor-column-gap-default\">\n\t\t\t\t\t<div class=\"elementor-column elementor-col-100 elementor-top-column elementor-element elementor-element-6104c9d\" data-id=\"6104c9d\" data-element_type=\"column\">\n\t\t\t<div class=\"elementor-widget-wrap elementor-element-populated\">\n\t\t\t\t\t\t<div class=\"elementor-element elementor-element-53fd475 elementor-widget-divider--view-line elementor-widget elementor-widget-divider\" data-id=\"53fd475\" data-element_type=\"widget\" data-widget_type=\"divider.default\">\n\t\t\t\t<div class=\"elementor-widget-container\">\n\t\t\t\t\t\t\t<div class=\"elementor-divider\">\n\t\t\t<span class=\"elementor-divider-separator\">\n\t\t\t\t\t\t<\/span>\n\t\t<\/div>\n\t\t\t\t\t\t<\/div>\n\t\t\t\t<\/div>\n\t\t\t\t\t<\/div>\n\t\t<\/div>\n\t\t\t\t\t<\/div>\n\t\t<\/section>\n\t\t\t\t<section class=\"elementor-section elementor-top-section elementor-element elementor-element-50c04fe elementor-section-boxed elementor-section-height-default elementor-section-height-default\" data-id=\"50c04fe\" data-element_type=\"section\">\n\t\t\t\t\t\t<div class=\"elementor-container elementor-column-gap-default\">\n\t\t\t\t\t<div class=\"elementor-column elementor-col-100 elementor-top-column elementor-element elementor-element-2b47132\" data-id=\"2b47132\" data-element_type=\"column\">\n\t\t\t<div class=\"elementor-widget-wrap\">\n\t\t\t\t\t\t\t<\/div>\n\t\t<\/div>\n\t\t\t\t\t<\/div>\n\t\t<\/section>\n\t\t\t\t<\/div>\n\t\t","protected":false},"excerpt":{"rendered":"<p>El invento que puede cambiar el mundo, mejorando la vida de millones de familias.<\/p>\n","protected":false},"author":279,"featured_media":1273,"comment_status":"open","ping_status":"closed","sticky":false,"template":"","format":"standard","meta":{"_acf_changed":false,"_jetpack_newsletter_access":"","_jetpack_dont_email_post_to_subs":false,"_jetpack_newsletter_tier_id":0,"_jetpack_memberships_contains_paywalled_content":false,"_jetpack_memberships_contains_paid_content":false,"footnotes":""},"categories":[7444],"tags":[7454,7448],"class_list":["post-1269","post","type-post","status-publish","format-standard","has-post-thumbnail","hentry","category-noticias-eco","tag-eco","tag-renovables"],"acf":[],"jetpack_featured_media_url":"https:\/\/i0.wp.com\/staging.asufin.com\/staging\/wp-content\/uploads\/2020\/09\/planta-creciendo-bombilla_1232-194.jpg?fit=626%2C670&ssl=1","jetpack_shortlink":"https:\/\/wp.me\/peayLa-kt","jetpack_likes_enabled":false,"jetpack_sharing_enabled":true,"_links":{"self":[{"href":"https:\/\/staging.asufin.com\/staging\/wp-json\/wp\/v2\/posts\/1269","targetHints":{"allow":["GET"]}}],"collection":[{"href":"https:\/\/staging.asufin.com\/staging\/wp-json\/wp\/v2\/posts"}],"about":[{"href":"https:\/\/staging.asufin.com\/staging\/wp-json\/wp\/v2\/types\/post"}],"author":[{"embeddable":true,"href":"https:\/\/staging.asufin.com\/staging\/wp-json\/wp\/v2\/users\/279"}],"replies":[{"embeddable":true,"href":"https:\/\/staging.asufin.com\/staging\/wp-json\/wp\/v2\/comments?post=1269"}],"version-history":[{"count":0,"href":"https:\/\/staging.asufin.com\/staging\/wp-json\/wp\/v2\/posts\/1269\/revisions"}],"wp:featuredmedia":[{"embeddable":true,"href":"https:\/\/staging.asufin.com\/staging\/wp-json\/wp\/v2\/media\/1273"}],"wp:attachment":[{"href":"https:\/\/staging.asufin.com\/staging\/wp-json\/wp\/v2\/media?parent=1269"}],"wp:term":[{"taxonomy":"category","embeddable":true,"href":"https:\/\/staging.asufin.com\/staging\/wp-json\/wp\/v2\/categories?post=1269"},{"taxonomy":"post_tag","embeddable":true,"href":"https:\/\/staging.asufin.com\/staging\/wp-json\/wp\/v2\/tags?post=1269"}],"curies":[{"name":"wp","href":"https:\/\/api.w.org\/{rel}","templated":true}]}}