{"id":13064,"date":"2013-07-12T08:16:38","date_gmt":"2013-07-12T08:16:38","guid":{"rendered":"http:\/\/asuapedefin.com\/?p=13064"},"modified":"2017-11-03T10:33:36","modified_gmt":"2017-11-03T09:33:36","slug":"preferentes-mesa-redonda-en-arenys-del-mar","status":"publish","type":"post","link":"https:\/\/staging.asufin.com\/staging\/preferentes-mesa-redonda-en-arenys-del-mar\/","title":{"rendered":"Preferentes: Mesa Redonda en Arenys del Mar"},"content":{"rendered":"<h5>La La Comisi\u00f3n de Cultura y Formaci\u00f3n del Ilustre Colegio de Abogados de Barcelona presenta una mesa de debate sobre las preferentes con la participaci\u00f3n de abogados tanto de banca como defensores del cliente bancario y representantes del Poder Judicial.<\/h5>\n<p>\u00bb <a href=\"http:\/\/asuapedefin.com\/wp-content\/uploads\/2013\/07\/130717_CULTURA-Delegacio-Arenys.pdf\" target=\"_blank\" rel=\"noopener\">PROGRAMA Y FICHA DE INSCRIPCI\u00d3N<\/a><\/p>\n<p>&nbsp;<\/p>\n<blockquote>\n<ul>\n<li><strong>Fechas<\/strong> Del\u00a0 17\/07\/2013 \u00a0al\u00a0 17\/07\/2013<\/li>\n<li><strong>Horario<\/strong> De 18.30 a 21 hores<\/li>\n<li><strong>Lugar de celebraci\u00f3n<\/strong> Sala Noble de l&#8217;edifici Calisay. c\/ Esgl\u00e9sia, 28, 2N. Arenys de Mar<\/li>\n<li><strong>Organizador<\/strong> Comissi\u00f3 de Cultura<\/li>\n<\/ul>\n<ul>\n<li>PONENTES:<br \/>\n\u00b7<strong> Ignasi Fern\u00e1ndez de Senespleda<\/strong>. Abogado<br \/>\n\u00b7<strong> N\u00faria Moreno Romero<\/strong>. Abogada<br \/>\n\u00b7<strong>Sandra Nogueras Capilla<\/strong>. Magistrada titular Juzgado Primera Instancia n\u00fam. 6 Arenys de Mar<\/li>\n<li>MODERA:<br \/>\n. <strong>Jordi Masnou Ridaura<\/strong>, Advocat i Regidor<br \/>\nd&#8217;Urbanisme de Pineda de Mar<\/li>\n<li><strong>Inscripciones<\/strong> <a href=\"http:\/\/www.icab.cat\/?go=eaf9d1a0ec5f1dc58757ad6cffdacedb1a58854a600312cc723e20a05b7bd8e42654061ace97ef8cc8594797df0299870d2b803d30657a67c96ed9db9aa4217535413b4ae389b15325a79d22fb5b6b37038c668b104746478b39fa33b8aed592\" target=\"_blank\" rel=\"noopener\">ON-LINE<\/a><\/li>\n<li><strong>Categor\u00eda<\/strong> Mesa Redonda<\/li>\n<li><strong>Precio<\/strong> GRATUITO<\/li>\n<\/ul>\n<\/blockquote>\n","protected":false},"excerpt":{"rendered":"<p>La La Comisi\u00f3n de Cultura y Formaci\u00f3n del Ilustre Colegio de Abogados de Barcelona presenta una mesa de debate sobre las preferentes con la participaci\u00f3n de abogados tanto de banca como defensores del cliente bancario y representantes del Poder Judicial. \u00bb PROGRAMA Y FICHA DE INSCRIPCI\u00d3N &nbsp; Fechas Del\u00a0 17\/07\/2013 \u00a0al\u00a0 17\/07\/2013 Horario De 18.30 [&hellip;]<\/p>\n","protected":false},"author":2,"featured_media":9153,"comment_status":"open","ping_status":"closed","sticky":false,"template":"page-asufin-noticia.php","format":"standard","meta":{"_acf_changed":false,"_jetpack_newsletter_access":"","_jetpack_dont_email_post_to_subs":false,"_jetpack_newsletter_tier_id":0,"_jetpack_memberships_contains_paywalled_content":false,"_jetpack_memberships_contains_paid_content":false,"footnotes":""},"categories":[191],"tags":[1564,604,332],"class_list":["post-13064","post","type-post","status-publish","format-standard","has-post-thumbnail","hentry","category-eventos","tag-arenys-del-mar","tag-preferentes-2","tag-seminarios-2"],"acf":[],"jetpack_featured_media_url":"https:\/\/i0.wp.com\/staging.asufin.com\/staging\/wp-content\/uploads\/2012\/09\/preferentes.jpg?fit=1600%2C1200&ssl=1","jetpack_shortlink":"https:\/\/wp.me\/peayLa-3oI","jetpack_likes_enabled":false,"jetpack_sharing_enabled":true,"_links":{"self":[{"href":"https:\/\/staging.asufin.com\/staging\/wp-json\/wp\/v2\/posts\/13064","targetHints":{"allow":["GET"]}}],"collection":[{"href":"https:\/\/staging.asufin.com\/staging\/wp-json\/wp\/v2\/posts"}],"about":[{"href":"https:\/\/staging.asufin.com\/staging\/wp-json\/wp\/v2\/types\/post"}],"author":[{"embeddable":true,"href":"https:\/\/staging.asufin.com\/staging\/wp-json\/wp\/v2\/users\/2"}],"replies":[{"embeddable":true,"href":"https:\/\/staging.asufin.com\/staging\/wp-json\/wp\/v2\/comments?post=13064"}],"version-history":[{"count":0,"href":"https:\/\/staging.asufin.com\/staging\/wp-json\/wp\/v2\/posts\/13064\/revisions"}],"wp:featuredmedia":[{"embeddable":true,"href":"https:\/\/staging.asufin.com\/staging\/wp-json\/wp\/v2\/media\/9153"}],"wp:attachment":[{"href":"https:\/\/staging.asufin.com\/staging\/wp-json\/wp\/v2\/media?parent=13064"}],"wp:term":[{"taxonomy":"category","embeddable":true,"href":"https:\/\/staging.asufin.com\/staging\/wp-json\/wp\/v2\/categories?post=13064"},{"taxonomy":"post_tag","embeddable":true,"href":"https:\/\/staging.asufin.com\/staging\/wp-json\/wp\/v2\/tags?post=13064"}],"curies":[{"name":"wp","href":"https:\/\/api.w.org\/{rel}","templated":true}]}}