{"id":1368,"date":"2020-10-05T12:00:34","date_gmt":"2020-10-05T10:00:34","guid":{"rendered":"https:\/\/eco.asufin.com\/?p=1368"},"modified":"2022-02-28T19:43:12","modified_gmt":"2022-02-28T19:43:12","slug":"asufin-eco-union-europea-emisiones","status":"publish","type":"post","link":"https:\/\/staging.asufin.com\/staging\/asufin-eco-union-europea-emisiones\/","title":{"rendered":"La Uni\u00f3n Europea tiene nuevos objetivos para reducir las emisiones de gases"},"content":{"rendered":"\t\t<div data-elementor-type=\"wp-post\" data-elementor-id=\"1368\" class=\"elementor elementor-1368\">\n\t\t\t\t\t\t<section class=\"elementor-section elementor-top-section elementor-element elementor-element-08ff6f2 elementor-section-boxed elementor-section-height-default elementor-section-height-default\" data-id=\"08ff6f2\" data-element_type=\"section\">\n\t\t\t\t\t\t<div class=\"elementor-container elementor-column-gap-default\">\n\t\t\t\t\t<div class=\"elementor-column elementor-col-100 elementor-top-column elementor-element elementor-element-e485cae\" data-id=\"e485cae\" data-element_type=\"column\">\n\t\t\t<div class=\"elementor-widget-wrap elementor-element-populated\">\n\t\t\t\t\t\t<div class=\"elementor-element elementor-element-6bfbf50 elementor-widget elementor-widget-text-editor\" data-id=\"6bfbf50\" data-element_type=\"widget\" data-widget_type=\"text-editor.default\">\n\t\t\t\t<div class=\"elementor-widget-container\">\n\t\t\t\t\t\t\t\t\t<h4>La reducci\u00f3n de emisiones y la b\u00fasqueda de la digitalizaci\u00f3n son objetivos que se refuerzan mutuamente<\/h4>\t\t\t\t\t\t\t\t<\/div>\n\t\t\t\t<\/div>\n\t\t\t\t\t<\/div>\n\t\t<\/div>\n\t\t\t\t\t<\/div>\n\t\t<\/section>\n\t\t\t\t<section class=\"elementor-section elementor-top-section elementor-element elementor-element-e28d1d9 elementor-section-boxed elementor-section-height-default elementor-section-height-default\" data-id=\"e28d1d9\" data-element_type=\"section\">\n\t\t\t\t\t\t<div class=\"elementor-container elementor-column-gap-default\">\n\t\t\t\t\t<div class=\"elementor-column elementor-col-100 elementor-top-column elementor-element elementor-element-704ee0f\" data-id=\"704ee0f\" data-element_type=\"column\">\n\t\t\t<div class=\"elementor-widget-wrap elementor-element-populated\">\n\t\t\t\t\t\t<div class=\"elementor-element elementor-element-703b17c elementor-widget elementor-widget-text-editor\" data-id=\"703b17c\" data-element_type=\"widget\" data-widget_type=\"text-editor.default\">\n\t\t\t\t<div class=\"elementor-widget-container\">\n\t\t\t\t\t\t\t\t\t<p>La presidenta de la Comisi\u00f3n Europea, en su primer discurso sobre el estado de la UE la semana pasada, dej\u00f3 claro que la Uni\u00f3n Europea va en serio con las reducciones de gases de efecto invernadero. Adem\u00e1s, <strong>present\u00f3 un objetivo nuevo m\u00e1s ambicioso,\u00a0 una reducci\u00f3n general del 55% en las emisiones en 10 a\u00f1os para lograr la \u201cneutralidad clim\u00e1tica\u201d para el a\u00f1o 2030.<\/strong><\/p>\t\t\t\t\t\t\t\t<\/div>\n\t\t\t\t<\/div>\n\t\t\t\t\t<\/div>\n\t\t<\/div>\n\t\t\t\t\t<\/div>\n\t\t<\/section>\n\t\t\t\t<section class=\"elementor-section elementor-top-section elementor-element elementor-element-14b0f82 elementor-section-boxed elementor-section-height-default elementor-section-height-default\" data-id=\"14b0f82\" data-element_type=\"section\">\n\t\t\t\t\t\t<div class=\"elementor-container elementor-column-gap-default\">\n\t\t\t\t\t<div class=\"elementor-column elementor-col-100 elementor-top-column elementor-element elementor-element-d6a3856\" data-id=\"d6a3856\" data-element_type=\"column\">\n\t\t\t<div class=\"elementor-widget-wrap elementor-element-populated\">\n\t\t\t\t\t\t<div class=\"elementor-element elementor-element-6ded275 elementor-widget elementor-widget-text-editor\" data-id=\"6ded275\" data-element_type=\"widget\" data-widget_type=\"text-editor.default\">\n\t\t\t\t<div class=\"elementor-widget-container\">\n\t\t\t\t\t\t\t\t\t<p>P<strong>ara conseguir esos nuevos objetivos van a implantar nuevas medidas entre las que se encuentran las energ\u00edas renovables<\/strong>, cuya adopci\u00f3n a gran escala es la forma m\u00e1s efectiva de conseguir reducci\u00f3n significativa en las emisiones.<\/p><p>El objetivo actual de la UE es que las energ\u00edas renovables sean un 30% del total,\u00a0 y mientras que el 70% restante cuente con una eficiencia energ\u00e9tica mejorada.\u00a0<\/p>\t\t\t\t\t\t\t\t<\/div>\n\t\t\t\t<\/div>\n\t\t\t\t\t<\/div>\n\t\t<\/div>\n\t\t\t\t\t<\/div>\n\t\t<\/section>\n\t\t\t\t<section class=\"elementor-section elementor-top-section elementor-element elementor-element-bb69dcc elementor-section-boxed elementor-section-height-default elementor-section-height-default\" data-id=\"bb69dcc\" data-element_type=\"section\">\n\t\t\t\t\t\t<div class=\"elementor-container elementor-column-gap-default\">\n\t\t\t\t\t<div class=\"elementor-column elementor-col-100 elementor-top-column elementor-element elementor-element-ef5edff\" data-id=\"ef5edff\" data-element_type=\"column\">\n\t\t\t<div class=\"elementor-widget-wrap elementor-element-populated\">\n\t\t\t\t\t\t<div class=\"elementor-element elementor-element-caa5073 elementor-widget elementor-widget-text-editor\" data-id=\"caa5073\" data-element_type=\"widget\" data-widget_type=\"text-editor.default\">\n\t\t\t\t<div class=\"elementor-widget-container\">\n\t\t\t\t\t\t\t\t\t<h5><a href=\"https:\/\/staging.asufin.com\/staging\/suscribete-gratis-a-nuestra-newsletter-de-asufin-eco\/\" target=\"_blank\" rel=\"noopener\">\u00a1SUSCR\u00cdBETE A NUESTRA <em>NEWSLETTER<\/em> PARA ESTAR INFORMADO!<\/a><\/h5>\t\t\t\t\t\t\t\t<\/div>\n\t\t\t\t<\/div>\n\t\t\t\t\t<\/div>\n\t\t<\/div>\n\t\t\t\t\t<\/div>\n\t\t<\/section>\n\t\t\t\t<section class=\"elementor-section elementor-top-section elementor-element elementor-element-de395bf elementor-section-boxed elementor-section-height-default elementor-section-height-default\" data-id=\"de395bf\" data-element_type=\"section\">\n\t\t\t\t\t\t<div class=\"elementor-container elementor-column-gap-default\">\n\t\t\t\t\t<div class=\"elementor-column elementor-col-100 elementor-top-column elementor-element elementor-element-7b65aed\" data-id=\"7b65aed\" data-element_type=\"column\">\n\t\t\t<div class=\"elementor-widget-wrap elementor-element-populated\">\n\t\t\t\t\t\t<div class=\"elementor-element elementor-element-56a55de elementor-widget elementor-widget-text-editor\" data-id=\"56a55de\" data-element_type=\"widget\" data-widget_type=\"text-editor.default\">\n\t\t\t\t<div class=\"elementor-widget-container\">\n\t\t\t\t\t\t\t\t\t<p><strong>Otro reto de la Comisi\u00f3n Europea es la digitalizaci\u00f3n. <\/strong>En todo el mundo, la transici\u00f3n a una econom\u00eda digital se considera un frente clave en la lucha por la reducci\u00f3n global de CO2, y<strong> la pandemia por coronavirus ha hecho que la necesidad de cambios hacia un estilo de vida m\u00e1s digital sea a\u00fan m\u00e1s evidente.<\/strong><\/p><p>Los reg\u00edmenes de confinamiento obligaron a grandes \u00e1reas de la UE a ingresar en un mundo digital para seguir trabajando. <strong>Nunca antes se hab\u00eda visto tan f\u00e1cilmente la importancia del desarrollo tecnol\u00f3gico y la innovaci\u00f3n en el sector digital.<\/strong><\/p><p>Sin embargo, la pandemia tambi\u00e9n ha revelado profundas desigualdades en t\u00e9rminos de acceso a esas tecnolog\u00edas y de su aplicaci\u00f3n<strong>. Seg\u00fan el relato de la Comisi\u00f3n, estas desigualdades han ralentizado tanto la digitalizaci\u00f3n econ\u00f3mica de Europa como la adopci\u00f3n de pr\u00e1cticas m\u00e1s ecol\u00f3gicas.<\/strong><\/p>\t\t\t\t\t\t\t\t<\/div>\n\t\t\t\t<\/div>\n\t\t\t\t\t<\/div>\n\t\t<\/div>\n\t\t\t\t\t<\/div>\n\t\t<\/section>\n\t\t\t\t<section class=\"elementor-section elementor-top-section elementor-element elementor-element-82ccc3f elementor-section-boxed elementor-section-height-default elementor-section-height-default\" data-id=\"82ccc3f\" data-element_type=\"section\">\n\t\t\t\t\t\t<div class=\"elementor-container elementor-column-gap-default\">\n\t\t\t\t\t<div class=\"elementor-column elementor-col-100 elementor-top-column elementor-element elementor-element-d757c8a\" data-id=\"d757c8a\" data-element_type=\"column\">\n\t\t\t<div class=\"elementor-widget-wrap elementor-element-populated\">\n\t\t\t\t\t\t<div class=\"elementor-element elementor-element-4591ee2 elementor-widget elementor-widget-text-editor\" data-id=\"4591ee2\" data-element_type=\"widget\" data-widget_type=\"text-editor.default\">\n\t\t\t\t<div class=\"elementor-widget-container\">\n\t\t\t\t\t\t\t\t\t<h5><a href=\"https:\/\/twitter.com\/asufin_?ref_src=twsrc%5Egoogle%7Ctwcamp%5Eserp%7Ctwgr%5Eauthor\" target=\"_blank\" rel=\"noopener\">S\u00edGUENOS EN NUESTRAS REDES SOCIALES PARA NO PERDERTE NADA\u00a0<\/a><\/h5>\t\t\t\t\t\t\t\t<\/div>\n\t\t\t\t<\/div>\n\t\t\t\t\t<\/div>\n\t\t<\/div>\n\t\t\t\t\t<\/div>\n\t\t<\/section>\n\t\t\t\t<section class=\"elementor-section elementor-top-section elementor-element elementor-element-35a789f elementor-section-boxed elementor-section-height-default elementor-section-height-default\" data-id=\"35a789f\" data-element_type=\"section\">\n\t\t\t\t\t\t<div class=\"elementor-container elementor-column-gap-default\">\n\t\t\t\t\t<div class=\"elementor-column elementor-col-100 elementor-top-column elementor-element elementor-element-5b0240b\" data-id=\"5b0240b\" data-element_type=\"column\">\n\t\t\t<div class=\"elementor-widget-wrap elementor-element-populated\">\n\t\t\t\t\t\t<div class=\"elementor-element elementor-element-1e2e24e elementor-widget elementor-widget-text-editor\" data-id=\"1e2e24e\" data-element_type=\"widget\" data-widget_type=\"text-editor.default\">\n\t\t\t\t<div class=\"elementor-widget-container\">\n\t\t\t\t\t\t\t\t\t<p>La brecha digital entre el norte y el sur de Europa se ha vuelto particularmente evidente. Seg\u00fan un <a href=\"https:\/\/www.weforum.org\/agenda\/2020\/08\/the-potential-for-teleworking-in-europe-and-the-risk-of-a-new-digital-divide\/\" target=\"_blank\" rel=\"noopener\">estudio reciente<\/a> del Centro Com\u00fan de Investigaci\u00f3n de la Comisi\u00f3n Europea y Euro, el pa\u00eds con la tasa m\u00e1s alta de empleo en teletrabajo fue Luxemburgo (54%), y el que tuvo la tasa m\u00e1s baja fue Ruman\u00eda con solo el 27%. <strong>Italia, Espa\u00f1a y Portugal obtuvieron buenos resultados, pero a\u00fan est\u00e1n por debajo de la media europea.<\/strong><\/p>\t\t\t\t\t\t\t\t<\/div>\n\t\t\t\t<\/div>\n\t\t\t\t\t<\/div>\n\t\t<\/div>\n\t\t\t\t\t<\/div>\n\t\t<\/section>\n\t\t\t\t<section class=\"elementor-section elementor-top-section elementor-element elementor-element-e89f897 elementor-section-boxed elementor-section-height-default elementor-section-height-default\" data-id=\"e89f897\" data-element_type=\"section\">\n\t\t\t\t\t\t<div class=\"elementor-container elementor-column-gap-default\">\n\t\t\t\t\t<div class=\"elementor-column elementor-col-100 elementor-top-column elementor-element elementor-element-dd58444\" data-id=\"dd58444\" data-element_type=\"column\">\n\t\t\t<div class=\"elementor-widget-wrap elementor-element-populated\">\n\t\t\t\t\t\t<div class=\"elementor-element elementor-element-4b651af elementor-widget elementor-widget-text-editor\" data-id=\"4b651af\" data-element_type=\"widget\" data-widget_type=\"text-editor.default\">\n\t\t\t\t<div class=\"elementor-widget-container\">\n\t\t\t\t\t\t\t\t\t<p>Estas tendencias tambi\u00e9n se reflejan en los resultados del \u00cdndice de Econom\u00eda y Sociedad Digitales, que resume los indicadores relacionados con el rendimiento digital y los utiliza para medir la evoluci\u00f3n de la competitividad digital de los estados miembros de la UE. <strong>El \u00edndice deja claro que varias econom\u00edas de Europa como Italia, Ruman\u00eda y Bulgaria tienen un largo camino que recorrer en t\u00e9rminos de digitalizaci\u00f3n.<\/strong><\/p>\t\t\t\t\t\t\t\t<\/div>\n\t\t\t\t<\/div>\n\t\t\t\t\t<\/div>\n\t\t<\/div>\n\t\t\t\t\t<\/div>\n\t\t<\/section>\n\t\t\t\t<section class=\"elementor-section elementor-top-section elementor-element elementor-element-9efab42 elementor-section-boxed elementor-section-height-default elementor-section-height-default\" data-id=\"9efab42\" data-element_type=\"section\">\n\t\t\t\t\t\t<div class=\"elementor-container elementor-column-gap-default\">\n\t\t\t\t\t<div class=\"elementor-column elementor-col-100 elementor-top-column elementor-element elementor-element-bd9fcff\" data-id=\"bd9fcff\" data-element_type=\"column\">\n\t\t\t<div class=\"elementor-widget-wrap elementor-element-populated\">\n\t\t\t\t\t\t<div class=\"elementor-element elementor-element-02f39a7 elementor-widget elementor-widget-text-editor\" data-id=\"02f39a7\" data-element_type=\"widget\" data-widget_type=\"text-editor.default\">\n\t\t\t\t<div class=\"elementor-widget-container\">\n\t\t\t\t\t\t\t\t\t<p>Al final, <strong>la Comisi\u00f3n ha determinado claramente que la reducci\u00f3n de emisiones y la b\u00fasqueda de la digitalizaci\u00f3n son objetivos que se refuerzan mutuamente<\/strong>.\u00a0<\/p>\t\t\t\t\t\t\t\t<\/div>\n\t\t\t\t<\/div>\n\t\t\t\t\t<\/div>\n\t\t<\/div>\n\t\t\t\t\t<\/div>\n\t\t<\/section>\n\t\t\t\t<section class=\"elementor-section elementor-top-section elementor-element elementor-element-b5058e1 elementor-section-boxed elementor-section-height-default elementor-section-height-default\" data-id=\"b5058e1\" data-element_type=\"section\">\n\t\t\t\t\t\t<div class=\"elementor-container elementor-column-gap-default\">\n\t\t\t\t\t<div class=\"elementor-column elementor-col-100 elementor-top-column elementor-element elementor-element-6d47b9b\" data-id=\"6d47b9b\" data-element_type=\"column\">\n\t\t\t<div class=\"elementor-widget-wrap elementor-element-populated\">\n\t\t\t\t\t\t<div class=\"elementor-element elementor-element-e3e4387 elementor-widget elementor-widget-text-editor\" data-id=\"e3e4387\" data-element_type=\"widget\" data-widget_type=\"text-editor.default\">\n\t\t\t\t<div class=\"elementor-widget-container\">\n\t\t\t\t\t\t\t\t\t<h5><a href=\"https:\/\/staging.asufin.com\/staging\/eco\/noticias\/\" target=\"_blank\" rel=\"noopener\">VER NOTICIAS RELACIONADAS\u00a0<\/a><\/h5>\t\t\t\t\t\t\t\t<\/div>\n\t\t\t\t<\/div>\n\t\t\t\t\t<\/div>\n\t\t<\/div>\n\t\t\t\t\t<\/div>\n\t\t<\/section>\n\t\t\t\t<\/div>\n\t\t","protected":false},"excerpt":{"rendered":"<p>La Uni\u00f3n Europea present\u00f3 un objetivo nuevo m\u00e1s radical,  una reducci\u00f3n general del 55% en las emisiones en 10 a\u00f1os para lograr la \u201cneutralidad clim\u00e1tica\u201d para el a\u00f1o 2030.<\/p>\n","protected":false},"author":279,"featured_media":1374,"comment_status":"open","ping_status":"closed","sticky":false,"template":"","format":"standard","meta":{"_acf_changed":false,"_jetpack_newsletter_access":"","_jetpack_dont_email_post_to_subs":false,"_jetpack_newsletter_tier_id":0,"_jetpack_memberships_contains_paywalled_content":false,"_jetpack_memberships_contains_paid_content":false,"footnotes":""},"categories":[7456],"tags":[7454,2203],"class_list":["post-1368","post","type-post","status-publish","format-standard","has-post-thumbnail","hentry","category-sin-categoria","tag-eco","tag-europa"],"acf":[],"jetpack_featured_media_url":"https:\/\/i0.wp.com\/staging.asufin.com\/staging\/wp-content\/uploads\/2020\/10\/flag-3370970_960_720-1.jpg?fit=1500%2C850&ssl=1","jetpack_shortlink":"https:\/\/wp.me\/peayLa-m4","jetpack_likes_enabled":false,"jetpack_sharing_enabled":true,"_links":{"self":[{"href":"https:\/\/staging.asufin.com\/staging\/wp-json\/wp\/v2\/posts\/1368","targetHints":{"allow":["GET"]}}],"collection":[{"href":"https:\/\/staging.asufin.com\/staging\/wp-json\/wp\/v2\/posts"}],"about":[{"href":"https:\/\/staging.asufin.com\/staging\/wp-json\/wp\/v2\/types\/post"}],"author":[{"embeddable":true,"href":"https:\/\/staging.asufin.com\/staging\/wp-json\/wp\/v2\/users\/279"}],"replies":[{"embeddable":true,"href":"https:\/\/staging.asufin.com\/staging\/wp-json\/wp\/v2\/comments?post=1368"}],"version-history":[{"count":4,"href":"https:\/\/staging.asufin.com\/staging\/wp-json\/wp\/v2\/posts\/1368\/revisions"}],"predecessor-version":[{"id":87049,"href":"https:\/\/staging.asufin.com\/staging\/wp-json\/wp\/v2\/posts\/1368\/revisions\/87049"}],"wp:featuredmedia":[{"embeddable":true,"href":"https:\/\/staging.asufin.com\/staging\/wp-json\/wp\/v2\/media\/1374"}],"wp:attachment":[{"href":"https:\/\/staging.asufin.com\/staging\/wp-json\/wp\/v2\/media?parent=1368"}],"wp:term":[{"taxonomy":"category","embeddable":true,"href":"https:\/\/staging.asufin.com\/staging\/wp-json\/wp\/v2\/categories?post=1368"},{"taxonomy":"post_tag","embeddable":true,"href":"https:\/\/staging.asufin.com\/staging\/wp-json\/wp\/v2\/tags?post=1368"}],"curies":[{"name":"wp","href":"https:\/\/api.w.org\/{rel}","templated":true}]}}