{"id":13704,"date":"2013-11-03T22:25:30","date_gmt":"2013-11-03T22:25:30","guid":{"rendered":"http:\/\/asuapedefin.com\/?p=13704"},"modified":"2017-11-03T08:42:28","modified_gmt":"2017-11-03T08:42:28","slug":"mesa-redonda-tasas-judiciales-icam","status":"publish","type":"post","link":"https:\/\/staging.asufin.com\/staging\/mesa-redonda-tasas-judiciales-icam\/","title":{"rendered":"Mesa Redonda: Tasas Judiciales ICAM"},"content":{"rendered":"<p>El pasado 31 de octubre el Colegio de Abogados de Madrid organiz\u00f3 una Mesa Redonda con profesionales que desde su actividad diaria pueden constatar el da\u00f1o que las referidas tasas est\u00e1 produciendo a diario a la ciudadan\u00eda por la efectiva limitaci\u00f3n del acceso a la justicia como consecuencia de la aprobaci\u00f3n de la normativa sobre tasas judiciales. La jornada se desarroll\u00f3 bajo el formato de Mesa redonda para permitir una mayor participaci\u00f3n de los interesados.<\/p>\n<p>En el turno del debate, la presidenta de Asuapedefin, <strong>Patricia Su\u00e1rez<\/strong>, intervino para mostrar su agradecimiento a los abogados por la defensa de los intereses generales as\u00ed como su frontal oposici\u00f3n a las tasas judiciales. (v\u00edd. v\u00eddeo a partir de minuto 2.21)<\/p>\n<p>&nbsp;<\/p>\n<p><iframe src=\"\/\/www.youtube.com\/embed\/TCdzD3w7YIA\" width=\"560\" height=\"315\" frameborder=\"0\" allowfullscreen=\"allowfullscreen\"><\/iframe><\/p>\n","protected":false},"excerpt":{"rendered":"<p>El pasado 31 de octubre el Colegio de Abogados de Madrid organiz\u00f3 una Mesa Redonda con profesionales que desde su actividad diaria pueden constatar el da\u00f1o que las referidas tasas est\u00e1 produciendo a diario a la ciudadan\u00eda por la efectiva limitaci\u00f3n del acceso a la justicia como consecuencia de la aprobaci\u00f3n de la normativa sobre [&hellip;]<\/p>\n","protected":false},"author":2,"featured_media":20207,"comment_status":"open","ping_status":"closed","sticky":false,"template":"page-asufin-noticia.php","format":"standard","meta":{"_acf_changed":false,"_jetpack_newsletter_access":"","_jetpack_dont_email_post_to_subs":false,"_jetpack_newsletter_tier_id":0,"_jetpack_memberships_contains_paywalled_content":false,"_jetpack_memberships_contains_paid_content":false,"footnotes":""},"categories":[191,19],"tags":[805,1240],"class_list":["post-13704","post","type-post","status-publish","format-standard","has-post-thumbnail","hentry","category-eventos","category-asufin-en-los-medios","tag-icam","tag-tasas-judiciales"],"acf":[],"jetpack_featured_media_url":"https:\/\/i0.wp.com\/staging.asufin.com\/staging\/wp-content\/uploads\/2013\/11\/icam-tasas-judiciales.jpg?fit=800%2C409&ssl=1","jetpack_shortlink":"https:\/\/wp.me\/peayLa-3z2","jetpack_likes_enabled":false,"jetpack_sharing_enabled":true,"_links":{"self":[{"href":"https:\/\/staging.asufin.com\/staging\/wp-json\/wp\/v2\/posts\/13704","targetHints":{"allow":["GET"]}}],"collection":[{"href":"https:\/\/staging.asufin.com\/staging\/wp-json\/wp\/v2\/posts"}],"about":[{"href":"https:\/\/staging.asufin.com\/staging\/wp-json\/wp\/v2\/types\/post"}],"author":[{"embeddable":true,"href":"https:\/\/staging.asufin.com\/staging\/wp-json\/wp\/v2\/users\/2"}],"replies":[{"embeddable":true,"href":"https:\/\/staging.asufin.com\/staging\/wp-json\/wp\/v2\/comments?post=13704"}],"version-history":[{"count":0,"href":"https:\/\/staging.asufin.com\/staging\/wp-json\/wp\/v2\/posts\/13704\/revisions"}],"wp:featuredmedia":[{"embeddable":true,"href":"https:\/\/staging.asufin.com\/staging\/wp-json\/wp\/v2\/media\/20207"}],"wp:attachment":[{"href":"https:\/\/staging.asufin.com\/staging\/wp-json\/wp\/v2\/media?parent=13704"}],"wp:term":[{"taxonomy":"category","embeddable":true,"href":"https:\/\/staging.asufin.com\/staging\/wp-json\/wp\/v2\/categories?post=13704"},{"taxonomy":"post_tag","embeddable":true,"href":"https:\/\/staging.asufin.com\/staging\/wp-json\/wp\/v2\/tags?post=13704"}],"curies":[{"name":"wp","href":"https:\/\/api.w.org\/{rel}","templated":true}]}}