{"id":1398,"date":"2020-10-13T12:00:54","date_gmt":"2020-10-13T10:00:54","guid":{"rendered":"https:\/\/eco.asufin.com\/?p=1398"},"modified":"2020-10-13T12:00:54","modified_gmt":"2020-10-13T10:00:54","slug":"asufin-eco-contaminacion-3","status":"publish","type":"post","link":"https:\/\/staging.asufin.com\/staging\/asufin-eco-contaminacion-3\/","title":{"rendered":"La contaminaci\u00f3n atmosf\u00e9rica puede tener un efecto negativo en el cerebro humano"},"content":{"rendered":"\t\t<div data-elementor-type=\"wp-post\" data-elementor-id=\"1398\" class=\"elementor elementor-1398\">\n\t\t\t\t\t\t<section class=\"elementor-section elementor-top-section elementor-element elementor-element-338bcbc elementor-section-boxed elementor-section-height-default elementor-section-height-default\" data-id=\"338bcbc\" data-element_type=\"section\">\n\t\t\t\t\t\t<div class=\"elementor-container elementor-column-gap-default\">\n\t\t\t\t\t<div class=\"elementor-column elementor-col-100 elementor-top-column elementor-element elementor-element-74bb8e5\" data-id=\"74bb8e5\" data-element_type=\"column\">\n\t\t\t<div class=\"elementor-widget-wrap elementor-element-populated\">\n\t\t\t\t\t\t<div class=\"elementor-element elementor-element-4bc67c1 elementor-widget elementor-widget-text-editor\" data-id=\"4bc67c1\" data-element_type=\"widget\" data-widget_type=\"text-editor.default\">\n\t\t\t\t<div class=\"elementor-widget-container\">\n\t\t\t\t\t\t\t\t\t<h3>La poluci\u00f3n puede causar da\u00f1os neurol\u00f3gicos relacionados con enfermedades como el Alzheimer, Parkinson y la enfermedad de la neurona motora<\/h3>\t\t\t\t\t\t\t\t<\/div>\n\t\t\t\t<\/div>\n\t\t\t\t\t<\/div>\n\t\t<\/div>\n\t\t\t\t\t<\/div>\n\t\t<\/section>\n\t\t\t\t<section class=\"elementor-section elementor-top-section elementor-element elementor-element-affb2d2 elementor-section-boxed elementor-section-height-default elementor-section-height-default\" data-id=\"affb2d2\" data-element_type=\"section\">\n\t\t\t\t\t\t<div class=\"elementor-container elementor-column-gap-default\">\n\t\t\t\t\t<div class=\"elementor-column elementor-col-100 elementor-top-column elementor-element elementor-element-671f9f0\" data-id=\"671f9f0\" data-element_type=\"column\">\n\t\t\t<div class=\"elementor-widget-wrap elementor-element-populated\">\n\t\t\t\t\t\t<div class=\"elementor-element elementor-element-e3ed0a5 elementor-widget elementor-widget-text-editor\" data-id=\"e3ed0a5\" data-element_type=\"widget\" data-widget_type=\"text-editor.default\">\n\t\t\t\t<div class=\"elementor-widget-container\">\n\t\t\t\t\t\t\t\t\t<p>Investigaciones anteriores hab\u00edan vinculado la exposici\u00f3n a\u00a0<strong>la contaminaci\u00f3n atmosf\u00e9rica<\/strong>\u00a0con la enfermedad de Alzheimer.<\/p><p>No obstante, despu\u00e9s de examinar los troncos encef\u00e1licos de casi 200 j\u00f3venes mexicanos de entre uno y 27 a\u00f1os. Los cient\u00edficos ingleses de la universidad de Landcaster <strong>han encontrado marcadores que afirman que no solo aumentan la posibilidad de padecer Alzheimer, sino tambi\u00e9n Parkinson y la enfermedad de la neurona motora.<\/strong><\/p>\t\t\t\t\t\t\t\t<\/div>\n\t\t\t\t<\/div>\n\t\t\t\t\t<\/div>\n\t\t<\/div>\n\t\t\t\t\t<\/div>\n\t\t<\/section>\n\t\t\t\t<section class=\"elementor-section elementor-top-section elementor-element elementor-element-9ec645b elementor-section-boxed elementor-section-height-default elementor-section-height-default\" data-id=\"9ec645b\" data-element_type=\"section\" data-settings=\"{&quot;background_background&quot;:&quot;classic&quot;}\">\n\t\t\t\t\t\t<div class=\"elementor-container elementor-column-gap-default\">\n\t\t\t\t\t<div class=\"elementor-column elementor-col-100 elementor-top-column elementor-element elementor-element-18e08ca\" data-id=\"18e08ca\" data-element_type=\"column\">\n\t\t\t<div class=\"elementor-widget-wrap elementor-element-populated\">\n\t\t\t\t\t\t<div class=\"elementor-element elementor-element-94fa922 elementor-widget elementor-widget-text-editor\" data-id=\"94fa922\" data-element_type=\"widget\" data-widget_type=\"text-editor.default\">\n\t\t\t\t<div class=\"elementor-widget-container\">\n\t\t\t\t\t\t\t\t\t<h5><a href=\"https:\/\/twitter.com\/asufin_\" target=\"_blank\" rel=\"noopener\">S\u00cdGUENOS EN TWITTER PARA SER EL PRIMERO EN ETERARTE DE TODO<\/a>\u00a0<\/h5>\t\t\t\t\t\t\t\t<\/div>\n\t\t\t\t<\/div>\n\t\t\t\t\t<\/div>\n\t\t<\/div>\n\t\t\t\t\t<\/div>\n\t\t<\/section>\n\t\t\t\t<section class=\"elementor-section elementor-top-section elementor-element elementor-element-992f923 elementor-section-boxed elementor-section-height-default elementor-section-height-default\" data-id=\"992f923\" data-element_type=\"section\">\n\t\t\t\t\t\t<div class=\"elementor-container elementor-column-gap-default\">\n\t\t\t\t\t<div class=\"elementor-column elementor-col-100 elementor-top-column elementor-element elementor-element-026cc4f\" data-id=\"026cc4f\" data-element_type=\"column\">\n\t\t\t<div class=\"elementor-widget-wrap elementor-element-populated\">\n\t\t\t\t\t\t<div class=\"elementor-element elementor-element-677f3df elementor-widget elementor-widget-text-editor\" data-id=\"677f3df\" data-element_type=\"widget\" data-widget_type=\"text-editor.default\">\n\t\t\t\t<div class=\"elementor-widget-container\">\n\t\t\t\t\t\t\t\t\t<p><strong>Estos marcadores se unen a las nanopart\u00edculas dentro del tronco encef\u00e1lico<\/strong>, que regula el sistema nervioso central, controla los ritmos card\u00edacos y respiratorios, y la forma en que se percibe la posici\u00f3n y el movimiento del cuerpo.<\/p><p>A estos j\u00f3venes <strong>tambi\u00e9n se les encontraron altas de nanopart\u00edculas ricas en hierro, aluminio y titanio<\/strong> en el tronco cerebral, principalmente en la sustancia negra y el cerebelo.<\/p>\t\t\t\t\t\t\t\t<\/div>\n\t\t\t\t<\/div>\n\t\t\t\t\t<\/div>\n\t\t<\/div>\n\t\t\t\t\t<\/div>\n\t\t<\/section>\n\t\t\t\t<section class=\"elementor-section elementor-top-section elementor-element elementor-element-2696bdb elementor-section-boxed elementor-section-height-default elementor-section-height-default\" data-id=\"2696bdb\" data-element_type=\"section\">\n\t\t\t\t\t\t<div class=\"elementor-container elementor-column-gap-default\">\n\t\t\t\t\t<div class=\"elementor-column elementor-col-100 elementor-top-column elementor-element elementor-element-14584fb\" data-id=\"14584fb\" data-element_type=\"column\">\n\t\t\t<div class=\"elementor-widget-wrap elementor-element-populated\">\n\t\t\t\t\t\t<div class=\"elementor-element elementor-element-9664434 elementor-widget elementor-widget-text-editor\" data-id=\"9664434\" data-element_type=\"widget\" data-widget_type=\"text-editor.default\">\n\t\t\t\t<div class=\"elementor-widget-container\">\n\t\t\t\t\t\t\t\t\t<h5><a href=\"https:\/\/tech.asufin.com\/\" target=\"_blank\" rel=\"noopener\">\u00bf CONOCES NUESTRA P\u00c1GINA DE TECNOLOG\u00cdA EN LAS FINANZAS?<\/a><\/h5>\t\t\t\t\t\t\t\t<\/div>\n\t\t\t\t<\/div>\n\t\t\t\t\t<\/div>\n\t\t<\/div>\n\t\t\t\t\t<\/div>\n\t\t<\/section>\n\t\t\t\t<section class=\"elementor-section elementor-top-section elementor-element elementor-element-264b030 elementor-section-boxed elementor-section-height-default elementor-section-height-default\" data-id=\"264b030\" data-element_type=\"section\">\n\t\t\t\t\t\t<div class=\"elementor-container elementor-column-gap-default\">\n\t\t\t\t\t<div class=\"elementor-column elementor-col-100 elementor-top-column elementor-element elementor-element-1037efa\" data-id=\"1037efa\" data-element_type=\"column\">\n\t\t\t<div class=\"elementor-widget-wrap elementor-element-populated\">\n\t\t\t\t\t\t<div class=\"elementor-element elementor-element-eda1ffb elementor-widget elementor-widget-text-editor\" data-id=\"eda1ffb\" data-element_type=\"widget\" data-widget_type=\"text-editor.default\">\n\t\t\t\t<div class=\"elementor-widget-container\">\n\t\t\t\t\t\t\t\t\t<p>Estos nuevos hallazgos muestran que\u00a0<strong>las nanopart\u00edculas derivadas de la contaminaci\u00f3n<\/strong> y ricas en metales pueden llegar al tronco cerebral, tanto por inhalaci\u00f3n o ingesti\u00f3n, y generan da\u00f1os a componentes clave de las c\u00e9lulas nerviosas del tronco cerebral.<\/p><p>Este estudio indica la posibilidad de una &#8220;<strong>pandemia de enfermedades neurol\u00f3gicas&#8221;<\/strong> en ciudades muy contaminadas de todo el mundo en un futuro muy pr\u00f3ximo.\u00a0<\/p>\t\t\t\t\t\t\t\t<\/div>\n\t\t\t\t<\/div>\n\t\t\t\t\t<\/div>\n\t\t<\/div>\n\t\t\t\t\t<\/div>\n\t\t<\/section>\n\t\t\t\t<section class=\"elementor-section elementor-top-section elementor-element elementor-element-4c7b3ec elementor-section-boxed elementor-section-height-default elementor-section-height-default\" data-id=\"4c7b3ec\" data-element_type=\"section\">\n\t\t\t\t\t\t<div class=\"elementor-container elementor-column-gap-default\">\n\t\t\t\t\t<div class=\"elementor-column elementor-col-100 elementor-top-column elementor-element elementor-element-0415cec\" data-id=\"0415cec\" data-element_type=\"column\">\n\t\t\t<div class=\"elementor-widget-wrap elementor-element-populated\">\n\t\t\t\t\t\t<div class=\"elementor-element elementor-element-23132cd elementor-widget elementor-widget-text-editor\" data-id=\"23132cd\" data-element_type=\"widget\" data-widget_type=\"text-editor.default\">\n\t\t\t\t<div class=\"elementor-widget-container\">\n\t\t\t\t\t\t\t\t\t<h5>NOTICIAS RELACIONADAS\u00a0<\/h5>\t\t\t\t\t\t\t\t<\/div>\n\t\t\t\t<\/div>\n\t\t\t\t\t<\/div>\n\t\t<\/div>\n\t\t\t\t\t<\/div>\n\t\t<\/section>\n\t\t\t\t<\/div>\n\t\t","protected":false},"excerpt":{"rendered":"<p>La poluci\u00f3n puede causar da\u00f1os neurol\u00f3gicos relacionados con enfermedades como el Alzheimer, Parkinson y la enfermedad de la neurona motora, seg\u00fan un estudio una Universidad Reino Unido.<\/p>\n","protected":false},"author":279,"featured_media":83063,"comment_status":"open","ping_status":"closed","sticky":false,"template":"","format":"standard","meta":{"_acf_changed":false,"_jetpack_newsletter_access":"","_jetpack_dont_email_post_to_subs":false,"_jetpack_newsletter_tier_id":0,"_jetpack_memberships_contains_paywalled_content":false,"_jetpack_memberships_contains_paid_content":false,"footnotes":""},"categories":[7444],"tags":[7454],"class_list":["post-1398","post","type-post","status-publish","format-standard","has-post-thumbnail","hentry","category-noticias-eco","tag-eco"],"acf":[],"jetpack_featured_media_url":"https:\/\/i0.wp.com\/staging.asufin.com\/staging\/wp-content\/uploads\/2020\/10\/personas-ninos-pequenos-usan-mascaras-cara-debido-contaminacion-ciudad-que-es-perjudicial-salud_10045-506-1.jpg?fit=626%2C400&ssl=1","jetpack_shortlink":"https:\/\/wp.me\/peayLa-my","jetpack_likes_enabled":false,"jetpack_sharing_enabled":true,"_links":{"self":[{"href":"https:\/\/staging.asufin.com\/staging\/wp-json\/wp\/v2\/posts\/1398","targetHints":{"allow":["GET"]}}],"collection":[{"href":"https:\/\/staging.asufin.com\/staging\/wp-json\/wp\/v2\/posts"}],"about":[{"href":"https:\/\/staging.asufin.com\/staging\/wp-json\/wp\/v2\/types\/post"}],"author":[{"embeddable":true,"href":"https:\/\/staging.asufin.com\/staging\/wp-json\/wp\/v2\/users\/279"}],"replies":[{"embeddable":true,"href":"https:\/\/staging.asufin.com\/staging\/wp-json\/wp\/v2\/comments?post=1398"}],"version-history":[{"count":0,"href":"https:\/\/staging.asufin.com\/staging\/wp-json\/wp\/v2\/posts\/1398\/revisions"}],"wp:featuredmedia":[{"embeddable":true,"href":"https:\/\/staging.asufin.com\/staging\/wp-json\/wp\/v2\/media\/83063"}],"wp:attachment":[{"href":"https:\/\/staging.asufin.com\/staging\/wp-json\/wp\/v2\/media?parent=1398"}],"wp:term":[{"taxonomy":"category","embeddable":true,"href":"https:\/\/staging.asufin.com\/staging\/wp-json\/wp\/v2\/categories?post=1398"},{"taxonomy":"post_tag","embeddable":true,"href":"https:\/\/staging.asufin.com\/staging\/wp-json\/wp\/v2\/tags?post=1398"}],"curies":[{"name":"wp","href":"https:\/\/api.w.org\/{rel}","templated":true}]}}