{"id":1415,"date":"2020-10-16T12:00:56","date_gmt":"2020-10-16T10:00:56","guid":{"rendered":"https:\/\/eco.asufin.com\/?p=1415"},"modified":"2020-10-16T12:00:56","modified_gmt":"2020-10-16T10:00:56","slug":"asufin-eco-economia-circular","status":"publish","type":"post","link":"https:\/\/staging.asufin.com\/staging\/asufin-eco-economia-circular\/","title":{"rendered":"\u00bfPodr\u00e1 la econom\u00eda circular mejorar los servicios de salud p\u00fablica?"},"content":{"rendered":"\t\t<div data-elementor-type=\"wp-post\" data-elementor-id=\"1415\" class=\"elementor elementor-1415\">\n\t\t\t\t\t\t<section class=\"elementor-section elementor-top-section elementor-element elementor-element-e56c707 elementor-section-boxed elementor-section-height-default elementor-section-height-default\" data-id=\"e56c707\" data-element_type=\"section\">\n\t\t\t\t\t\t<div class=\"elementor-container elementor-column-gap-default\">\n\t\t\t\t\t<div class=\"elementor-column elementor-col-100 elementor-top-column elementor-element elementor-element-d2aebba\" data-id=\"d2aebba\" data-element_type=\"column\">\n\t\t\t<div class=\"elementor-widget-wrap elementor-element-populated\">\n\t\t\t\t\t\t<div class=\"elementor-element elementor-element-071af86 elementor-widget elementor-widget-text-editor\" data-id=\"071af86\" data-element_type=\"widget\" data-widget_type=\"text-editor.default\">\n\t\t\t\t<div class=\"elementor-widget-container\">\n\t\t\t\t\t\t\t\t\t<h4>El sector de la salud produce cerca del 5% de las emisiones de gases de efecto invernadero en el mundo, que contribuyen de manera negativa al cambio clim\u00e1tico<\/h4>\t\t\t\t\t\t\t\t<\/div>\n\t\t\t\t<\/div>\n\t\t\t\t\t<\/div>\n\t\t<\/div>\n\t\t\t\t\t<\/div>\n\t\t<\/section>\n\t\t\t\t<section class=\"elementor-section elementor-top-section elementor-element elementor-element-cff9fc3 elementor-section-boxed elementor-section-height-default elementor-section-height-default\" data-id=\"cff9fc3\" data-element_type=\"section\">\n\t\t\t\t\t\t<div class=\"elementor-container elementor-column-gap-default\">\n\t\t\t\t\t<div class=\"elementor-column elementor-col-100 elementor-top-column elementor-element elementor-element-4f63670\" data-id=\"4f63670\" data-element_type=\"column\">\n\t\t\t<div class=\"elementor-widget-wrap elementor-element-populated\">\n\t\t\t\t\t\t<div class=\"elementor-element elementor-element-f8d2fcf elementor-widget elementor-widget-text-editor\" data-id=\"f8d2fcf\" data-element_type=\"widget\" data-widget_type=\"text-editor.default\">\n\t\t\t\t<div class=\"elementor-widget-container\">\n\t\t\t\t\t\t\t\t\t<p>En la realidad actual nos ha tocado vivir dos grandes emergencias, la clim\u00e1tica que llevamos combatiendo desde el a\u00f1o 2019 y la sanitaria ocasionada por la Covid.<\/p><p>La cumbre de la ONU, realizada en Madrid logr\u00f3 que la mayor\u00eda de pa\u00edses europeos se uniesen con <strong>una estrategia com\u00fan de endurecimiento de las pol\u00edticas y medidas de combate al calentamiento global,<\/strong> para luchar conta el cambio clim\u00e1tico, que culmin\u00f3 con la declaraci\u00f3n de <strong><a href=\"https:\/\/www.miteco.gob.es\/es\/prensa\/ultimas-noticias\/el-gobierno-declara-la-emergencia-clim%C3%A1tica-\/tcm:30-506550\" target=\"_blank\" rel=\"noopener\">\u201cEmergencia Clim\u00e1tica\u201d.<\/a><\/strong><\/p>\t\t\t\t\t\t\t\t<\/div>\n\t\t\t\t<\/div>\n\t\t\t\t<div class=\"elementor-element elementor-element-1ef696e elementor-widget elementor-widget-text-editor\" data-id=\"1ef696e\" data-element_type=\"widget\" data-widget_type=\"text-editor.default\">\n\t\t\t\t<div class=\"elementor-widget-container\">\n\t\t\t\t\t\t\t\t\t<p>El cambio clim\u00e1tico es un problema de salud p\u00fablica tan importante como la Covid, debido a su gran influencia en los factores sociales y medioambientales. Principalmente influye en<strong> el aire limpio, el agua potable, los alimentos\u00a0 \u2026<\/strong> Y su impacto en la \u00faltima d\u00e9cada ha sido excesivamente negativo.<\/p>\t\t\t\t\t\t\t\t<\/div>\n\t\t\t\t<\/div>\n\t\t\t\t<div class=\"elementor-element elementor-element-461fd66 elementor-widget elementor-widget-text-editor\" data-id=\"461fd66\" data-element_type=\"widget\" data-widget_type=\"text-editor.default\">\n\t\t\t\t<div class=\"elementor-widget-container\">\n\t\t\t\t\t\t\t\t\t<h5><a href=\"https:\/\/tech.asufin.com\/\" target=\"_blank\" rel=\"noopener\">VISITA NUESTRA WEB DE FINTECH\u00a0<\/a><\/h5>\t\t\t\t\t\t\t\t<\/div>\n\t\t\t\t<\/div>\n\t\t\t\t<div class=\"elementor-element elementor-element-6c42466 elementor-widget elementor-widget-text-editor\" data-id=\"6c42466\" data-element_type=\"widget\" data-widget_type=\"text-editor.default\">\n\t\t\t\t<div class=\"elementor-widget-container\">\n\t\t\t\t\t\t\t\t\t<p><strong>ALGUNOS EJEMPLOS SON:<\/strong><\/p><ul><li>Aumento de temperaturas y contaminaci\u00f3n del aire:\u00a0 Las temperaturas altas provocan un aumento de los niveles de ozono y de otros gases contaminantes que influyen en las <strong>enfermedades cardiovasculares y respiratorias<\/strong>.\u00a0 Adem\u00e1s, los niveles de polen y otros al\u00e9rgenos tambi\u00e9n se ven afectados por el calor, lo que incrementa la incidencia de asma.<\/li><li>Aumento del nivel del mar:\u00a0 Alrededor\u00a0 de la mitad de la poblaci\u00f3n mundial vive a menos de 60 km del oc\u00e9ano, y<strong> muchas de esas familias se van a ver obligadas a desplazarse si el nivel sigue subiendo. <\/strong><\/li><li>La nueva variabilidad de las precipitaciones afecta al suministro de agua dulce, y <strong>la escasez de esta puede poner en peligro la higiene y aumentar el riesgo de enfermedades diarreicas.<\/strong> Adem\u00e1s la falta de agua dulce es la principal causa de sequ\u00eda y hambruna en la Tierra.\u00a0<\/li><\/ul>\t\t\t\t\t\t\t\t<\/div>\n\t\t\t\t<\/div>\n\t\t\t\t<div class=\"elementor-element elementor-element-70bbeaf elementor-widget elementor-widget-text-editor\" data-id=\"70bbeaf\" data-element_type=\"widget\" data-widget_type=\"text-editor.default\">\n\t\t\t\t<div class=\"elementor-widget-container\">\n\t\t\t\t\t\t\t\t\t<h5><a href=\"https:\/\/twitter.com\/asufin_\" target=\"_blank\" rel=\"noopener\">SIGUENOS EN REDES SOCIALES PARA SER EL PRIMERO EN ENTERARTE DE TODO\u00a0<\/a><\/h5>\t\t\t\t\t\t\t\t<\/div>\n\t\t\t\t<\/div>\n\t\t\t\t<div class=\"elementor-element elementor-element-3e67f50 elementor-widget elementor-widget-text-editor\" data-id=\"3e67f50\" data-element_type=\"widget\" data-widget_type=\"text-editor.default\">\n\t\t\t\t<div class=\"elementor-widget-container\">\n\t\t\t\t\t\t\t\t\t<p>Para poder combatir todas estas enfermedades se necesita una\u00a0<strong>buena inversi\u00f3n en salud<\/strong>, que debe ir m\u00e1s all\u00e1 de\u00a0<strong>dotar los servicios recursos destinados necesarios para salvar vidas, sino que tambi\u00e9n debe apoyar el dise\u00f1o e implementaci\u00f3n de estrategias<\/strong>\u00a0y <a href=\"https:\/\/eco.asufin.com\/proyecto\/\" target=\"_blank\" rel=\"noopener\">medidas\u00a0<strong>circulares<\/strong><\/a>.<\/p>\t\t\t\t\t\t\t\t<\/div>\n\t\t\t\t<\/div>\n\t\t\t\t<div class=\"elementor-element elementor-element-1bb4ec6 elementor-widget elementor-widget-text-editor\" data-id=\"1bb4ec6\" data-element_type=\"widget\" data-widget_type=\"text-editor.default\">\n\t\t\t\t<div class=\"elementor-widget-container\">\n\t\t\t\t\t\t\t\t\t<p><em>La Econom\u00eda Circular, nos da la oportunidad de enfrentarnos a retos <strong>que aseguren la sostenibilidad,<\/strong> ya que est\u00e1 enfocada en la necesidad urgente de cambiar el modelo lineal de uso\/consumo de los recursos, por un <strong>nuevo modelo en el que se cierren los ciclos de recursos,<\/strong> productos, servicios, residuos y materiales, <strong>potenciando el rendimiento de las cadenas de valor del sector.<\/strong><\/em><\/p>\t\t\t\t\t\t\t\t<\/div>\n\t\t\t\t<\/div>\n\t\t\t\t<div class=\"elementor-element elementor-element-5056a7c elementor-widget elementor-widget-text-editor\" data-id=\"5056a7c\" data-element_type=\"widget\" data-widget_type=\"text-editor.default\">\n\t\t\t\t<div class=\"elementor-widget-container\">\n\t\t\t\t\t\t\t\t\t<h5><a href=\"https:\/\/eco.asufin.com\/2020\/08\/25\/bienvenido-a-la-newsletter-de-asufin-eco\/\" target=\"_blank\" rel=\"noopener\">\u00a1SUSCR\u00cdBETE A NUESTRA NEWSLETTER PARA VER NOTICIAS RELACIONADAS!<\/a><\/h5>\t\t\t\t\t\t\t\t<\/div>\n\t\t\t\t<\/div>\n\t\t\t\t<div class=\"elementor-element elementor-element-d694e59 elementor-widget elementor-widget-text-editor\" data-id=\"d694e59\" data-element_type=\"widget\" data-widget_type=\"text-editor.default\">\n\t\t\t\t<div class=\"elementor-widget-container\">\n\t\t\t\t\t\t\t\t\t<p>Algunas de las estrategias de Econom\u00eda Circular que ya se est\u00e1n adoptando en la salud son:<\/p><ul><li>Desarrollo de nuevos modelos de negocio, con los que las empresas de tecnolog\u00edas m\u00e9dicas y farmac\u00e9uticas <strong>evolucionan de la venta de productos y adquisici\u00f3n de bienes a la oferta de servicios y soluciones integrales.<\/strong> Esto implica por ejemplo hospitales paguen por el uso de equipos que son mantenidos y actualizados por el fabricante.\u00a0<\/li><li>Revalorizaci\u00f3n de equipos m\u00e9dicos, que se recuperan al final de su vida \u00fatil para ser<strong> reparados, reutilizados o remanufacturados.\u00a0<\/strong><\/li><li>Nuevas formas de compra verde e innovadora, como los contratos de riesgo compartido entre la administraci\u00f3n p\u00fablica y las farmac\u00e9uticas. <strong>Estas formas de compra ahorran recursos e impulsan mejoras en la prestaci\u00f3n de servicios<\/strong>, adem\u00e1s de\u00a0 ayudan a agilizar la incorporaci\u00f3n de productos innovadores en el sector.\u00a0<\/li><\/ul>\t\t\t\t\t\t\t\t<\/div>\n\t\t\t\t<\/div>\n\t\t\t\t\t<\/div>\n\t\t<\/div>\n\t\t\t\t\t<\/div>\n\t\t<\/section>\n\t\t\t\t<\/div>\n\t\t","protected":false},"excerpt":{"rendered":"<p>El sector de la salud produce cerca del 5% de las emisiones de gases de efecto invernadero en el mundo, que contribuyen de manera negativa al cambio clim\u00e1tico. <\/p>\n","protected":false},"author":279,"featured_media":1417,"comment_status":"open","ping_status":"closed","sticky":false,"template":"","format":"standard","meta":{"_acf_changed":false,"_jetpack_newsletter_access":"","_jetpack_dont_email_post_to_subs":false,"_jetpack_newsletter_tier_id":0,"_jetpack_memberships_contains_paywalled_content":false,"_jetpack_memberships_contains_paid_content":false,"footnotes":""},"categories":[7442,7444],"tags":[7454],"class_list":["post-1415","post","type-post","status-publish","format-standard","has-post-thumbnail","hentry","category-economia-circular","category-noticias-eco","tag-eco"],"acf":[],"jetpack_featured_media_url":"https:\/\/i0.wp.com\/staging.asufin.com\/staging\/wp-content\/uploads\/2020\/10\/farmaceutico-que-surte-receta-farmacia-farmacia_67340-245.jpg?fit=626%2C417&ssl=1","jetpack_shortlink":"https:\/\/wp.me\/peayLa-mP","jetpack_likes_enabled":false,"jetpack_sharing_enabled":true,"_links":{"self":[{"href":"https:\/\/staging.asufin.com\/staging\/wp-json\/wp\/v2\/posts\/1415","targetHints":{"allow":["GET"]}}],"collection":[{"href":"https:\/\/staging.asufin.com\/staging\/wp-json\/wp\/v2\/posts"}],"about":[{"href":"https:\/\/staging.asufin.com\/staging\/wp-json\/wp\/v2\/types\/post"}],"author":[{"embeddable":true,"href":"https:\/\/staging.asufin.com\/staging\/wp-json\/wp\/v2\/users\/279"}],"replies":[{"embeddable":true,"href":"https:\/\/staging.asufin.com\/staging\/wp-json\/wp\/v2\/comments?post=1415"}],"version-history":[{"count":0,"href":"https:\/\/staging.asufin.com\/staging\/wp-json\/wp\/v2\/posts\/1415\/revisions"}],"wp:featuredmedia":[{"embeddable":true,"href":"https:\/\/staging.asufin.com\/staging\/wp-json\/wp\/v2\/media\/1417"}],"wp:attachment":[{"href":"https:\/\/staging.asufin.com\/staging\/wp-json\/wp\/v2\/media?parent=1415"}],"wp:term":[{"taxonomy":"category","embeddable":true,"href":"https:\/\/staging.asufin.com\/staging\/wp-json\/wp\/v2\/categories?post=1415"},{"taxonomy":"post_tag","embeddable":true,"href":"https:\/\/staging.asufin.com\/staging\/wp-json\/wp\/v2\/tags?post=1415"}],"curies":[{"name":"wp","href":"https:\/\/api.w.org\/{rel}","templated":true}]}}