{"id":16463,"date":"2014-05-02T00:05:38","date_gmt":"2014-05-01T22:05:38","guid":{"rendered":"http:\/\/asuapedefin.com\/?p=16463"},"modified":"2017-10-31T12:35:16","modified_gmt":"2017-10-31T12:35:16","slug":"los-afectados-por-un-swap-en-jaen-encuentran-justicia-en-la-audiencia-provincial","status":"publish","type":"post","link":"https:\/\/staging.asufin.com\/staging\/los-afectados-por-un-swap-en-jaen-encuentran-justicia-en-la-audiencia-provincial\/","title":{"rendered":"Los afectados por un swap en Ja\u00e9n encuentran justicia en la Audiencia Provincial"},"content":{"rendered":"<h4>Banco Popular les hab\u00eda colocado el producto sin informarles debidamente. Los afectados, vecinos de la localidad jienense de Villacarrillo, hab\u00edan demandado ya a la entidad en primera instancia, sin \u00e9xito.\u00a0Ahora la secci\u00f3n segunda de la Audiencia Provincial de Ja\u00e9n les reconoce el\u00a0derecho a recuperar su dinero.<\/h4>\n<p>Los afectados hab\u00edan contratado este swap -producto del que no hab\u00edan o\u00eddo hablar hasta entonces- a ra\u00edz de un pr\u00e9stamos hipotecario con Banco Popular. La entidad les ofreci\u00f3 este producto como un seguro de cobertura de subidas del eur\u00edbor, pero nada dijo de lo que pasar\u00eda en caso de bajada. Fue s\u00f3lo cuando llegaron los devengos negativos que\u00a0se dieron cuenta que tambi\u00e9n exist\u00eda riesgo de p\u00e9rdidas, y acudieron a la entidad para pedir explicaciones.<\/p>\n<p>Se\u00f1ala la sentencia que a pesar de apariencia de producto sencillo, no lo es en absoluto; y que exige un &#8220;elevado nivel t\u00e9cnico de conocimiento de productos de inversi\u00f3n&#8221;. Tambi\u00e9n establece que, casi siempre, en esta clase de negocios es la empresa financiera la que se encuentra en una situaci\u00f3n de superioridad respecto de sus clientes, al &#8220;disponer de mayor informaci\u00f3n para la gesti\u00f3n de sus intereses en el mercado&#8221;.<\/p>\n<p>Con todos estos argumentos viene a revocar la sentencia de primera instancia que desestimaba el recurso de los afectados por las p\u00e9rdidas producidas a ra\u00edz de este producto. La Audiencia Provincial de Ja\u00e9n entiende\u00a0que se trata de un producto de elevada complejidad que se ha vendido a un perfil de cliente inadecuado, sin haberle proporcionado la suficiente informaci\u00f3n sobre el mismo. Y que solo es desconocimiento sobre el producto (colado adem\u00e1s como complemento del pr\u00e9stamo) les llev\u00f3 a firmarlo. Por todo ello, revoca la sentencia del juzgado de primera instancia y admite \u00edntegramente el recurso de los afectados que dio origen al litigio. Condena adem\u00e1s a la entidad financiera a asumir las costas judiciales.<\/p>\n<hr \/>\n<p><strong>Banco:\u00a0Banco Popular<\/strong><br \/>\n<strong>Producto: Swap<\/strong><br \/>\n<strong>Perfil: Particular<\/strong><br \/>\n<strong>Direcci\u00f3n letrada: D. Francisco Luis Garc\u00eda Cerrillo<\/strong><br \/>\n<b>PDF:\u00a0<a href=\"http:\/\/asuapedefin.com\/sentencias\/S_131213_BPOPULAR_AP2_JAEN_REVOCA%20_JPI2_VILLACARRILLO_ACUM_PART_SIN.pdf\" target=\"_blank\" rel=\"noopener\">S_131213_BPOPULAR_AP2_JAEN_REVOCA _JPI2_VILLACARRILLO_ACUM_PART_SIN.pdf<\/a><\/b><\/p>\n","protected":false},"excerpt":{"rendered":"<p>Banco Popular les hab\u00eda colocado el producto sin informarles debidamente. Los afectados, vecinos de la localidad jienense de Villacarrillo, hab\u00edan demandado ya a la entidad en primera instancia, sin \u00e9xito.\u00a0Ahora la secci\u00f3n segunda de la Audiencia Provincial de Ja\u00e9n les reconoce el\u00a0derecho a recuperar su dinero. Los afectados hab\u00edan contratado este swap -producto del que [&hellip;]<\/p>\n","protected":false},"author":2,"featured_media":5824,"comment_status":"open","ping_status":"closed","sticky":false,"template":"page-asufin-noticia.php","format":"standard","meta":{"_acf_changed":false,"_jetpack_newsletter_access":"","_jetpack_dont_email_post_to_subs":false,"_jetpack_newsletter_tier_id":0,"_jetpack_memberships_contains_paywalled_content":false,"_jetpack_memberships_contains_paid_content":false,"footnotes":""},"categories":[146,17,25],"tags":[1260,131,197,1030,30],"class_list":["post-16463","post","type-post","status-publish","format-standard","has-post-thumbnail","hentry","category-bpopular","category-sentencias","category-swaps","tag-audiencia-provincial-de-jaen","tag-banco-popular","tag-particulares","tag-revoca","tag-swaps"],"acf":[],"jetpack_featured_media_url":"https:\/\/i0.wp.com\/staging.asufin.com\/staging\/wp-content\/uploads\/2012\/01\/popular_oficna3.jpg?fit=504%2C549&ssl=1","jetpack_shortlink":"https:\/\/wp.me\/peayLa-4hx","jetpack_likes_enabled":false,"jetpack_sharing_enabled":true,"_links":{"self":[{"href":"https:\/\/staging.asufin.com\/staging\/wp-json\/wp\/v2\/posts\/16463","targetHints":{"allow":["GET"]}}],"collection":[{"href":"https:\/\/staging.asufin.com\/staging\/wp-json\/wp\/v2\/posts"}],"about":[{"href":"https:\/\/staging.asufin.com\/staging\/wp-json\/wp\/v2\/types\/post"}],"author":[{"embeddable":true,"href":"https:\/\/staging.asufin.com\/staging\/wp-json\/wp\/v2\/users\/2"}],"replies":[{"embeddable":true,"href":"https:\/\/staging.asufin.com\/staging\/wp-json\/wp\/v2\/comments?post=16463"}],"version-history":[{"count":0,"href":"https:\/\/staging.asufin.com\/staging\/wp-json\/wp\/v2\/posts\/16463\/revisions"}],"wp:featuredmedia":[{"embeddable":true,"href":"https:\/\/staging.asufin.com\/staging\/wp-json\/wp\/v2\/media\/5824"}],"wp:attachment":[{"href":"https:\/\/staging.asufin.com\/staging\/wp-json\/wp\/v2\/media?parent=16463"}],"wp:term":[{"taxonomy":"category","embeddable":true,"href":"https:\/\/staging.asufin.com\/staging\/wp-json\/wp\/v2\/categories?post=16463"},{"taxonomy":"post_tag","embeddable":true,"href":"https:\/\/staging.asufin.com\/staging\/wp-json\/wp\/v2\/tags?post=16463"}],"curies":[{"name":"wp","href":"https:\/\/api.w.org\/{rel}","templated":true}]}}