{"id":16864,"date":"2014-05-26T15:46:05","date_gmt":"2014-05-26T13:46:05","guid":{"rendered":"http:\/\/asuapedefin.com\/?p=16864"},"modified":"2019-12-21T12:25:19","modified_gmt":"2019-12-21T11:25:19","slug":"exito-del-seminario-celebrado-en-jerez","status":"publish","type":"post","link":"https:\/\/staging.asufin.com\/staging\/exito-del-seminario-celebrado-en-jerez\/","title":{"rendered":"\u00c9xito del Seminario celebrado en Jerez"},"content":{"rendered":"<h4>La <a href=\"http:\/\/asuapedefin.com\/2014\/05\/16\/ciclo-de-jornadas-sobre-defensa-frente-a-los-abusos-de-las-entidades-financieras\/\" target=\"_blank\" rel=\"noopener noreferrer\">primera jornada del ciclo sobre defensa frente a los abusos de las entidades financieras<\/a> que tuvo lugar el pasado 21 de mayo cont\u00f3 con una alta participaci\u00f3n as\u00ed como una alta presencia en los medios de comunicaci\u00f3n locales.<\/h4>\n<p>Desde Asuapedefin agradecemos una vez m\u00e1s al <a title=\"Colegio Abogados Jer\u00e9z\" href=\"http:\/\/www.icabjerez.es\/\" target=\"_blank\" rel=\"noopener noreferrer\">Colegio de Abogados de Jerez<\/a> que nos haya tenido en cuenta para la organizaci\u00f3n de este seminario as\u00ed como su compromiso con la defensa de los consumidores bancarios.<\/p>\n<h4><a title=\"IR A LA NOTICIA\" href=\"http:\/\/www.diariodejerez.es\/jerez\/detail.php?id=1780648\" target=\"_blank\" rel=\"noopener noreferrer\"><img data-recalc-dims=\"1\" fetchpriority=\"high\" decoding=\"async\" data-attachment-id=\"16868\" data-permalink=\"https:\/\/staging.asufin.com\/staging\/140526_asuapedefin_entrevista_patricia_suarez_diario_de_jerez\/\" data-orig-file=\"https:\/\/i0.wp.com\/staging.asufin.com\/staging\/wp-content\/uploads\/2014\/05\/140526_Asuapedefin_entrevista_Patricia_Suarez_Diario_de_Jerez.jpg?fit=1200%2C1456&amp;ssl=1\" data-orig-size=\"1200,1456\" data-comments-opened=\"1\" data-image-meta=\"{&quot;aperture&quot;:&quot;0&quot;,&quot;credit&quot;:&quot;&quot;,&quot;camera&quot;:&quot;&quot;,&quot;caption&quot;:&quot;&quot;,&quot;created_timestamp&quot;:&quot;0&quot;,&quot;copyright&quot;:&quot;&quot;,&quot;focal_length&quot;:&quot;0&quot;,&quot;iso&quot;:&quot;0&quot;,&quot;shutter_speed&quot;:&quot;0&quot;,&quot;title&quot;:&quot;&quot;,&quot;orientation&quot;:&quot;0&quot;}\" data-image-title=\"140526_Asuapedefin_entrevista_Patricia_Suarez_Diario_de_Jerez\" data-image-description=\"\" data-image-caption=\"\" data-large-file=\"https:\/\/i0.wp.com\/staging.asufin.com\/staging\/wp-content\/uploads\/2014\/05\/140526_Asuapedefin_entrevista_Patricia_Suarez_Diario_de_Jerez.jpg?fit=800%2C971&amp;ssl=1\" class=\"wp-image-16868 alignleft\" src=\"https:\/\/i0.wp.com\/asuapedefin.com\/wp-content\/uploads\/2014\/05\/140526_Asuapedefin_entrevista_Patricia_Suarez_Diario_de_Jerez-843x1024.jpg?resize=560%2C680\" alt=\"140526_Asuapedefin_entrevista_Patricia_Suarez_Diario_de_Jerez\" width=\"560\" height=\"680\" title=\"\"><\/a><\/h4>\n","protected":false},"excerpt":{"rendered":"<p>La primera jornada del ciclo sobre defensa frente a los abusos de las entidades financieras que tuvo lugar el pasado 21 de mayo cont\u00f3 con una alta participaci\u00f3n as\u00ed como una alta presencia en los medios de comunicaci\u00f3n locales. Desde Asuapedefin agradecemos una vez m\u00e1s al Colegio de Abogados de Jerez que nos haya tenido [&hellip;]<\/p>\n","protected":false},"author":2,"featured_media":16872,"comment_status":"open","ping_status":"closed","sticky":false,"template":"","format":"standard","meta":{"_acf_changed":false,"_jetpack_newsletter_access":"","_jetpack_dont_email_post_to_subs":false,"_jetpack_newsletter_tier_id":0,"_jetpack_memberships_contains_paywalled_content":false,"_jetpack_memberships_contains_paid_content":false,"footnotes":""},"categories":[277,82,191,19],"tags":[1869,192],"class_list":["post-16864","post","type-post","status-publish","format-standard","has-post-thumbnail","hentry","category-apymifid","category-asufin-cat","category-eventos","category-asufin-en-los-medios","tag-prensa-2","tag-seminario"],"acf":[],"jetpack_featured_media_url":"https:\/\/i0.wp.com\/staging.asufin.com\/staging\/wp-content\/uploads\/2014\/05\/Colegio-Abogados.jpg?fit=2261%2C1186&ssl=1","jetpack_shortlink":"https:\/\/wp.me\/peayLa-4o0","jetpack_likes_enabled":false,"jetpack_sharing_enabled":true,"_links":{"self":[{"href":"https:\/\/staging.asufin.com\/staging\/wp-json\/wp\/v2\/posts\/16864","targetHints":{"allow":["GET"]}}],"collection":[{"href":"https:\/\/staging.asufin.com\/staging\/wp-json\/wp\/v2\/posts"}],"about":[{"href":"https:\/\/staging.asufin.com\/staging\/wp-json\/wp\/v2\/types\/post"}],"author":[{"embeddable":true,"href":"https:\/\/staging.asufin.com\/staging\/wp-json\/wp\/v2\/users\/2"}],"replies":[{"embeddable":true,"href":"https:\/\/staging.asufin.com\/staging\/wp-json\/wp\/v2\/comments?post=16864"}],"version-history":[{"count":0,"href":"https:\/\/staging.asufin.com\/staging\/wp-json\/wp\/v2\/posts\/16864\/revisions"}],"wp:featuredmedia":[{"embeddable":true,"href":"https:\/\/staging.asufin.com\/staging\/wp-json\/wp\/v2\/media\/16872"}],"wp:attachment":[{"href":"https:\/\/staging.asufin.com\/staging\/wp-json\/wp\/v2\/media?parent=16864"}],"wp:term":[{"taxonomy":"category","embeddable":true,"href":"https:\/\/staging.asufin.com\/staging\/wp-json\/wp\/v2\/categories?post=16864"},{"taxonomy":"post_tag","embeddable":true,"href":"https:\/\/staging.asufin.com\/staging\/wp-json\/wp\/v2\/tags?post=16864"}],"curies":[{"name":"wp","href":"https:\/\/api.w.org\/{rel}","templated":true}]}}