{"id":17686,"date":"2014-09-24T22:02:22","date_gmt":"2014-09-24T20:02:22","guid":{"rendered":"http:\/\/asuapedefin.com\/?p=17686"},"modified":"2017-10-31T10:43:41","modified_gmt":"2017-10-31T10:43:41","slug":"tertulia-sobre-la-defensa-de-los-consumidores-y-los-conflictos-de-interes-en-el-ateneo-de-madrid","status":"publish","type":"post","link":"https:\/\/staging.asufin.com\/staging\/tertulia-sobre-la-defensa-de-los-consumidores-y-los-conflictos-de-interes-en-el-ateneo-de-madrid\/","title":{"rendered":"Tertulia sobre la defensa de los consumidores y los conflictos de inter\u00e9s en el Ateneo de Madrid"},"content":{"rendered":"<h4>La presidenta de Asuapedefin, Patricia Su\u00e1rez Ram\u00edrez, participar\u00e1 en la tertulia organizada en el Ateneo de Madrid acerca de los conflictos de inter\u00e9s y la defensa de los consumidores el pr\u00f3ximo s\u00e1bado 27 de septiembre a las 19.30h<\/h4>\n<h6><strong><a href=\"http:\/\/www.ateneodemadrid.com\/\" target=\"_blank\" rel=\"noopener\">ATENEO CIENT\u00cdFICO, LITERARIO Y ART\u00cdSTICO DE MADRID<\/a><\/strong><\/h6>\n<h6><strong>Tertulia de las tres tertulias<\/strong><br \/>\n<strong> Reflexiones sobre el Ser Tertulia triple bimensual. Segundo y \u00faltimo s\u00e1bado de cada mes.<\/strong><br \/>\n<strong> <a href=\"http:\/\/goo.gl\/maps\/OWP9S\" target=\"_blank\" rel=\"noopener\">Calle del Prado, 21. Madrid 28014.<\/a> Tel\u00e9fono\u00a0914 29 62 51. Metro Sevilla<\/strong><br \/>\n<strong> S\u00e1bado 27 de septiembre de 2014 a las 19:30<\/strong><\/h6>\n<p>[divider]<\/p>\n<h3>\u00bfCu\u00e1les son los \u0093conflictos de intereses\u0094 que existen entre Universidades P\u00fablicas y los bufetes de abogados? La doctrina del CESCO en los tribunales de Justicia.<\/h3>\n<p>Presenta:<strong> Mar\u00eda Victoria Caro Bernal<\/strong><\/p>\n<p>Con la participaci\u00f3n de:<\/p>\n<p><strong>Jos\u00e9 Antonio Ballesteros<\/strong>. Doctor en derecho y especialista en consumo, colabora y asesora activamente a varias\u00a0 asociaciones de consumidores. Autor y colaborador en revistas jur\u00eddicas de consumo. Ponente en mesas redondas sobre consumo y divulgador de dichas materias. Editor del <a href=\"http:\/\/www.rankia.com\/blog\/consumerista\" target=\"_blank\" rel=\"noopener\">Blog Consumerista<\/a>.<\/p>\n<p><strong>Patricia Su\u00e1rez Ram\u00edrez<\/strong>. Fil\u00f3loga. Socia-fundadora y presidenta de ASUAPEDEFIN (2009), asociaci\u00f3n de consumidores fundada con afectados de abusos bancarios, pionera en la creaci\u00f3n de la base de datos jur\u00eddica libre m\u00e1s importante de Espa\u00f1a. Editora en el portal asuapedefin.com con un impacto de 2000 visitas al d\u00eda. Colabora en publicaciones prestigiosas revistas jur\u00eddicas como Aranzadi. Coordina y organiza\u00a0 jornadas y eventos sobre consumo, conferenciante, ponente de mesas jur\u00eddicas tambi\u00e9n sobre consumo.<\/p>\n<p><strong>Roberto Serrano Lluch<\/strong>. Licenciado. MBA Universidad Oviedo. Socio-fundador y presidente de AdaBankia (2013), asociaci\u00f3n creada con accionistas y damnificados de preferentes de Bankia. Activista por los derechos de los consumidores en abusos bancarios. Ha participado en proyectos de divulgaci\u00f3n y sensibilizaci\u00f3n sobre malas pr\u00e1cticas bancarias. Ha participado y organizado mesas sobre materia de abusos bancarios. Colabora en el blog <a href=\"http:\/\/www.adabankia.es\" target=\"_blank\" rel=\"noopener\">adabankia.es<\/a><\/p>\n","protected":false},"excerpt":{"rendered":"<p>La presidenta de Asuapedefin, Patricia Su\u00e1rez Ram\u00edrez, participar\u00e1 en la tertulia organizada en el Ateneo de Madrid acerca de los conflictos de inter\u00e9s y la defensa de los consumidores el pr\u00f3ximo s\u00e1bado 27 de septiembre a las 19.30h ATENEO CIENT\u00cdFICO, LITERARIO Y ART\u00cdSTICO DE MADRID Tertulia de las tres tertulias Reflexiones sobre el Ser Tertulia [&hellip;]<\/p>\n","protected":false},"author":2,"featured_media":17687,"comment_status":"open","ping_status":"closed","sticky":false,"template":"page-asufin-noticia.php","format":"standard","meta":{"_acf_changed":false,"_jetpack_newsletter_access":"","_jetpack_dont_email_post_to_subs":false,"_jetpack_newsletter_tier_id":0,"_jetpack_memberships_contains_paywalled_content":false,"_jetpack_memberships_contains_paid_content":false,"footnotes":""},"categories":[82,191],"tags":[83,366,55,1972,1973],"class_list":["post-17686","post","type-post","status-publish","format-standard","has-post-thumbnail","hentry","category-asufin-cat","category-eventos","tag-consumidores","tag-jose-antonio-ballesteros","tag-patricia-suarez-ramirez","tag-roberto-serrano-lluch","tag-tertulia"],"acf":[],"jetpack_featured_media_url":"https:\/\/i0.wp.com\/staging.asufin.com\/staging\/wp-content\/uploads\/2014\/09\/Ateneo-de-Madrid.png?fit=678%2C538&ssl=1","jetpack_shortlink":"https:\/\/wp.me\/peayLa-4Bg","jetpack_likes_enabled":false,"jetpack_sharing_enabled":true,"_links":{"self":[{"href":"https:\/\/staging.asufin.com\/staging\/wp-json\/wp\/v2\/posts\/17686","targetHints":{"allow":["GET"]}}],"collection":[{"href":"https:\/\/staging.asufin.com\/staging\/wp-json\/wp\/v2\/posts"}],"about":[{"href":"https:\/\/staging.asufin.com\/staging\/wp-json\/wp\/v2\/types\/post"}],"author":[{"embeddable":true,"href":"https:\/\/staging.asufin.com\/staging\/wp-json\/wp\/v2\/users\/2"}],"replies":[{"embeddable":true,"href":"https:\/\/staging.asufin.com\/staging\/wp-json\/wp\/v2\/comments?post=17686"}],"version-history":[{"count":0,"href":"https:\/\/staging.asufin.com\/staging\/wp-json\/wp\/v2\/posts\/17686\/revisions"}],"wp:featuredmedia":[{"embeddable":true,"href":"https:\/\/staging.asufin.com\/staging\/wp-json\/wp\/v2\/media\/17687"}],"wp:attachment":[{"href":"https:\/\/staging.asufin.com\/staging\/wp-json\/wp\/v2\/media?parent=17686"}],"wp:term":[{"taxonomy":"category","embeddable":true,"href":"https:\/\/staging.asufin.com\/staging\/wp-json\/wp\/v2\/categories?post=17686"},{"taxonomy":"post_tag","embeddable":true,"href":"https:\/\/staging.asufin.com\/staging\/wp-json\/wp\/v2\/tags?post=17686"}],"curies":[{"name":"wp","href":"https:\/\/api.w.org\/{rel}","templated":true}]}}