{"id":19882,"date":"2015-05-07T12:59:33","date_gmt":"2015-05-07T10:59:33","guid":{"rendered":"http:\/\/asuapedefin.com\/?p=19882"},"modified":"2019-12-21T12:25:17","modified_gmt":"2019-12-21T11:25:17","slug":"asuapedefin-en-el-tercer-aniversario-de-15mparato","status":"publish","type":"post","link":"https:\/\/staging.asufin.com\/staging\/asuapedefin-en-el-tercer-aniversario-de-15mparato\/","title":{"rendered":"Asuapedefin en el Tercer Aniversario de 15MpaRato"},"content":{"rendered":"<h6>ASUAPEDEFIN PARTICIPAR\u00c1 EN EL TERCER ANIVERSARIO DEL 15MPARATO. NUESTRA ASOCIACI\u00d3N APOYA LA ENORME LABOR DE ESTE COLECTIVO QUE TANTO HA HECHO POR LOS AFECTADOS POR BANKIA Y AGRADECEMOS QUE NOR PERMITAN PARTICIPAR EN SUS ACCIONES FUTURAS.<\/h6>\n<h5>15MpaRato convoca el pr\u00f3ximo 11 de mayo, rueda de prensa\/encuentro ciudadano dentro del cuarto aniversario del 15M y con motivo del tercer aniversario de 15MpaRato, que surgi\u00f3 en la plaza Catalunya de Barcelona en el primer aniversario del 15M, en 2012.<\/h5>\n<p>En la rueda de prensa trataremos nuevas l\u00edneas de acci\u00f3n conjuntas con otros grupos, entre ellos, Asuapedefin.<\/p>\n<p>&#8212;&#8212;&#8212;&#8212;&#8212;&#8212;&#8212;&#8212;&#8212;&#8212;&#8212;&#8212;&#8212;&#8212;&#8212;&#8212;&#8212;&#8212;&#8212;&#8212;&#8212;&#8212;&#8212;&#8212;&#8212;&#8212;&#8212;&#8212;&#8212;&#8212;<\/p>\n<p>El 11 de Mayo a las 11:30 a.m.<\/p>\n<p>en C\/ Duque de Alba,13 &#8211; Tirso de Molina, Madrid en y con Madrilonia y Traficantes de Sue\u00f1os.<\/p>\n<p>Con la participaci\u00f3n de:<\/p>\n<p>&#8211; Portavoces de <a href=\"https:\/\/15mparato.wordpress.com\/\" target=\"_blank\" rel=\"noopener noreferrer\">15MpaRato<\/a> y miembros de su equipo jur\u00eddico (Colectivo Ronda)<br \/>\n&#8211; Plataforma Auditor\u00eda Ciudadana de la Deuda (<a href=\"http:\/\/auditoriaciudadana.net\/tag\/pacd\/\" target=\"_blank\" rel=\"noopener noreferrer\">PACD<\/a>)<br \/>\n&#8211; <a href=\"http:\/\/asuapedefin.com\/\" target=\"_blank\" rel=\"noopener noreferrer\">Asuapedefin<\/a> y <a href=\"http:\/\/www.adabankia.com\" target=\"_blank\" rel=\"noopener noreferrer\">Adabankia<\/a>, asociaciones de consumidores representantes de afectados por Bankia<br \/>\n&#8211; CGT en representaci\u00f3n de los trabajadores afectados por el ERE de Bankia<br \/>\n&#8211; <a href=\"http:\/\/aadiberia.blogspot.com.es\/\" target=\"_blank\" rel=\"noopener noreferrer\">AADIberia<\/a> (afectados por el desmantelamiento de Iberia)<\/p>\n<p>&#8212;&#8212;&#8212;&#8212;&#8212;&#8212;&#8212;&#8212;&#8212;&#8212;&#8212;&#8212;&#8212;&#8212;&#8212;&#8212;&#8212;&#8212;&#8212;&#8212;&#8212;&#8212;&#8212;&#8212;&#8212;&#8212;&#8212;&#8212;&#8212;&#8212;<br \/>\nCreemos que el 15M fue un momento de encuentro de la sociedad civil en el que desbordamos a los actores tradicionales y a los partidos, demostrando que sab\u00edamos que si queremos que algo cambie, tenemos que hacerlo nosotros mismos y por nuestros propios medios.<\/p>\n<p>Creemos que 4 a\u00f1os despu\u00e9s, el 15M es lo que seguimos haciendo desde entonces.<\/p>\n<p>Esta rueda de prensa con ocasi\u00f3n del aniversario del 15M quiere ser ejemplo de c\u00f3mo su esp\u00edritu sigue vivo en la gente que nos encontramos en aquel momento y en los dispositivos de la sociedad civil organizada que han surgido de \u00e9l.<\/p>\n<p>15MpaRato es uno de los espacios civiles surgidos en el 15M. Como ya hemos comentado en otras ocasiones, 15MpaRato no es un asunto personal con Rato. 15MpaRato trabaja todo lo que ha significado y significa Bankia en cuanto a pobreza y humillaci\u00f3n para toda la poblaci\u00f3n. Es tambi\u00e9n un espacio de encuentro para organizarse y ganar.<\/p>\n<p>Por eso en esta rueda de prensa participar\u00e1n:<\/p>\n<p>&#8211; Plataforma Auditoria Ciudadana de la Deuda (PACD), grupo hermano con el que hay una estrecha colaboraci\u00f3n desde el principio ya que muchos objetivos son compartidos; auditar a los responsables de la &#8220;crisis&#8221;.<br \/>\nEn la rueda de prensa explicar\u00e1n la fase en la que se encuentra Bankia y la voluntad de la misma y del gobierno de venderla en rebajas a grandes especuladores tras sanearla con nuestro dinero.<\/p>\n<p>&#8211; 15MpaRato est\u00e1 trabajando en el frente europeo: Roma no paga a traidores. Las instituciones europeas han iniciado una investigaci\u00f3n sobre los regalos a la banca privada por parte del gobierno espa\u00f1ol a trav\u00e9s del rescate bancario. C\u00f3mo debemos leer los ciudadanos estos movimientos.<\/p>\n<p>&#8211; <a href=\"http:\/\/www.adabankia.com\" target=\"_blank\" rel=\"noopener noreferrer\">Adabankia<\/a> + Asuapedefin los propios estafados que se han organizado ante el abandono institucional nos explicar\u00e1n c\u00f3mo el sistema judicial est\u00e1 dise\u00f1ado para proteger a los estafadores y garantizar su impunidad y que hay cambios que son necesarios para que deje de ser as\u00ed. Comenzaremos una campa\u00f1a conjunta en este sentido.<\/p>\n<p>&#8211; Empleados de Bankia: sobre la situaci\u00f3n interna de la entidad y as consecuencias para los empelados (que a\u00fan sufren el ERE m\u00e1s grande de la historia de la banca espa\u00f1ola con irregularidades y firmado por representantes sindicales a golpe de tarjeta black) nos hablar\u00e1n algunos trabajadores organizados en CGT Bankia.<\/p>\n<p>&#8211; La asociaci\u00f3n <a href=\"http:\/\/aadiberia.blogspot.com.es\/\" target=\"_blank\" rel=\"noopener noreferrer\">AADIBERIA<\/a> (afectados por el desmantelamiento de Iberia) llevan a\u00f1os denunciando, pero su querella est\u00e1 bloqueada. Gracias a algunas diligencias solicitadas por 15MpaRato, es posible que se haya encontrado el camino para desbloquearlas. Empezaremos una colaboraci\u00f3n con nueva informaci\u00f3n relacionada con cuanto se ha descubierto gracias a Los correos de Blesa sobre las ramificaciones societarias de Iberia.<\/p>\n<p>&#8211; Colectivo Ronda, las abogadas de 15MpaRato responder\u00e1n a las dudas legales sobre todas estas cuestiones.<\/p>\n<p>&nbsp;<\/p>\n<h4>Repositorio<\/h4>\n<p>Muchos de nosotros venimos de la lucha por la Cultura Libre y observamos estupefactos desde un principio tanto la dificultad para acceder a textos y documentos legales, como el negocio privado para grandes empresas que genera esta escasez provocada por una administraci\u00f3n de justicia cerrada y obsoleta.<\/p>\n<p>Muchas de las pruebas e informes que hemos conseguido gracias a la colaboraci\u00f3n ciudadana, adem\u00e1s de ayudar en nuestra lucha contra la impunidad por la v\u00eda penal, han servido y est\u00e1n sirviendo a miles de preferentistas y estafados por acciones de Bankia para recuperar sus ahorros por la v\u00eda civil.<\/p>\n<p>Para facilitar la b\u00fasqueda de todos los documentos que tenemos en la web, el lunes lanzaremos un repositorio de todos los documentos.<\/p>\n<p>&nbsp;<\/p>\n<h4>Crowdfunding<\/h4>\n<p>Hace casi 3 a\u00f1os lanzamos el primer crowdfunding pol\u00edtico de la historia. Ahora es un m\u00e9todo muy utilizado, pero fuimos pioneros y los primeros en aplicar una estructura de cuentas claras con presupuestos, facturas y comprobantes de pago.<\/p>\n<p>Dijimos que los causantes de esta crisis tienen nombre y apellidos y que \u00edbamos a ir a por ellos uno por uno, empezando por Rato.<\/p>\n<p>Conseguimos en menos de 24 horas las aportaciones necesarias que nos han servido para dar enormes avances en el caso Bankia que iniciamos, destapando sus tramas de corrupci\u00f3n y consiguiendo recuperar el dinero de decenas de miles de estafados. Todo esto en tres a\u00f1os de duro trabajo y con tan solo 18.359,00 \u0080 euros.<\/p>\n<p>Para esta nueva etapa del proyecto volveremos a pedir el esfuerzo de todos para continuar y explicar c\u00f3mo Rato no actu\u00f3 solo y conseguir que no caiga solo.<\/p>\n","protected":false},"excerpt":{"rendered":"<p>ASUAPEDEFIN PARTICIPAR\u00c1 EN EL TERCER ANIVERSARIO DEL 15MPARATO. NUESTRA ASOCIACI\u00d3N APOYA LA ENORME LABOR DE ESTE COLECTIVO QUE TANTO HA HECHO POR LOS AFECTADOS POR BANKIA Y AGRADECEMOS QUE NOR PERMITAN PARTICIPAR EN SUS ACCIONES FUTURAS. 15MpaRato convoca el pr\u00f3ximo 11 de mayo, rueda de prensa\/encuentro ciudadano dentro del cuarto aniversario del 15M y con [&hellip;]<\/p>\n","protected":false},"author":2,"featured_media":19884,"comment_status":"open","ping_status":"closed","sticky":false,"template":"","format":"standard","meta":{"_acf_changed":false,"_jetpack_newsletter_access":"","_jetpack_dont_email_post_to_subs":false,"_jetpack_newsletter_tier_id":0,"_jetpack_memberships_contains_paywalled_content":false,"_jetpack_memberships_contains_paid_content":false,"footnotes":""},"categories":[82,19,149],"tags":[2217,2218,1548,396,1191,2219],"class_list":["post-19882","post","type-post","status-publish","format-standard","has-post-thumbnail","hentry","category-asufin-cat","category-asufin-en-los-medios","category-bankia","tag-15mparato","tag-aadiberia","tag-adabankia","tag-bankia","tag-collectiu-ronda","tag-pacd"],"acf":[],"jetpack_featured_media_url":"https:\/\/i0.wp.com\/staging.asufin.com\/staging\/wp-content\/uploads\/2015\/05\/15MPARATO2.jpg?fit=1180%2C448&ssl=1","jetpack_shortlink":"https:\/\/wp.me\/peayLa-5aG","jetpack_likes_enabled":false,"jetpack_sharing_enabled":true,"_links":{"self":[{"href":"https:\/\/staging.asufin.com\/staging\/wp-json\/wp\/v2\/posts\/19882","targetHints":{"allow":["GET"]}}],"collection":[{"href":"https:\/\/staging.asufin.com\/staging\/wp-json\/wp\/v2\/posts"}],"about":[{"href":"https:\/\/staging.asufin.com\/staging\/wp-json\/wp\/v2\/types\/post"}],"author":[{"embeddable":true,"href":"https:\/\/staging.asufin.com\/staging\/wp-json\/wp\/v2\/users\/2"}],"replies":[{"embeddable":true,"href":"https:\/\/staging.asufin.com\/staging\/wp-json\/wp\/v2\/comments?post=19882"}],"version-history":[{"count":0,"href":"https:\/\/staging.asufin.com\/staging\/wp-json\/wp\/v2\/posts\/19882\/revisions"}],"wp:featuredmedia":[{"embeddable":true,"href":"https:\/\/staging.asufin.com\/staging\/wp-json\/wp\/v2\/media\/19884"}],"wp:attachment":[{"href":"https:\/\/staging.asufin.com\/staging\/wp-json\/wp\/v2\/media?parent=19882"}],"wp:term":[{"taxonomy":"category","embeddable":true,"href":"https:\/\/staging.asufin.com\/staging\/wp-json\/wp\/v2\/categories?post=19882"},{"taxonomy":"post_tag","embeddable":true,"href":"https:\/\/staging.asufin.com\/staging\/wp-json\/wp\/v2\/tags?post=19882"}],"curies":[{"name":"wp","href":"https:\/\/api.w.org\/{rel}","templated":true}]}}