{"id":20039,"date":"2015-06-14T21:23:53","date_gmt":"2015-06-14T19:23:53","guid":{"rendered":"http:\/\/asuapedefin.com\/?p=20039"},"modified":"2017-10-30T16:41:33","modified_gmt":"2017-10-30T16:41:33","slug":"hipotecas-multidivisa-los-consumidores-europeos-nos-unimos","status":"publish","type":"post","link":"https:\/\/staging.asufin.com\/staging\/hipotecas-multidivisa-los-consumidores-europeos-nos-unimos\/","title":{"rendered":"Hipotecas Multidivisa: Los consumidores europeos nos unimos"},"content":{"rendered":"<h5>Asuapedefin particip\u00f3 con \u00e9xito en la <a href=\"http:\/\/asuapedefin.com\/2015\/06\/asuapedefin-participara-en-la-2a-conferencia-europea-sobre-hipotecas-multidivisa-en-atenas\/\" target=\"_blank\" rel=\"noopener\">2\u00aa Conferencia Europea sobre Hipotecas Multidivisa<\/a> celebrada en Atenas los d\u00edas 8, 9 y 10 de junio de 2015.<\/h5>\n<h5>Importante la presencia de \u00c1rpad K\u00e1sler, el afectado por hipoteca multidivisa h\u00fangaro al que debemos la <a href=\"http:\/\/asuapedefin.com\/sentencias\/S_140430_TJUE_asunto_C26-13_HMD_clausulas_abusivas.pdf\" target=\"_blank\" rel=\"noopener\">sentencia del Tribunal de Justicia Europeo (Asunto C26-13)<\/a> .<\/h5>\n<p>La semana pasada tuvo lugar la <a href=\"http:\/\/asuapedefin.com\/2015\/06\/asuapedefin-participara-en-la-2a-conferencia-europea-sobre-hipotecas-multidivisa-en-atenas\/\" target=\"_blank\" rel=\"noopener\">2\u00aa Conferencia Europea sobre Hipotecas Multidivisa en Atenas<\/a> en la que abogados, asociaciones de consumidores y activistas pusieron en com\u00fan la situaci\u00f3n de sus pa\u00edses: Gran Breta\u00f1a, Grecia, Chipre, Hungr\u00eda, Francia, Bulgaria, Serbia, Bosnia-Herzegovina, Montenegro, Austria, Islandia y Espa\u00f1a. (v\u00edd. programa completo en <a href=\"http:\/\/www.fxloans.org\/swiss-franc-loans-european-conference-athens-2015\/\" target=\"_blank\" rel=\"noopener\">http:\/\/www.fxloans.org\/<\/a>).<\/p>\n<p>Asuapedefin tuvo presencia en esta conferencia a la que acudi\u00f3 nuestra presidenta, <a href=\"https:\/\/twitter.com\/WonderWomanPSR\" target=\"_blank\" rel=\"noopener\">Patricia Su\u00e1rez Ram\u00edrez<\/a>, para compartir experiencias con el resto de asistentes adem\u00e1s de exponer la comercializaci\u00f3n en Espa\u00f1a de productos complejos en general y de las hipotecas multidivisa en particular.<\/p>\n<p>Nuestra presidenta explic\u00f3 c\u00f3mo a partir del 2007-2008 las entidades financieras de nuestro pa\u00eds se encargaron de asegurar sus posiciones con la comercializaci\u00f3n de swaps y clausulas suelo en las hipotecas. Adem\u00e1s, proliferaron las hipotecas multidivisas como una manera m\u00e1s barata de acceder al cr\u00e9dito, con los mismos argumentos que en el resto de Europa: una cuota m\u00e1s baja, intereses m\u00e1s bajos, amortizaci\u00f3n m\u00e1s r\u00e1pida. Presentamos ejemplos publicitarios y animamos a los presentes a compartir con nosotros la publicidad de otros pa\u00edses para demostrar que el enga\u00f1o ha sido generalizado.<\/p>\n<p>La presentaci\u00f3n de las pantallas con las previsiones de la paridad EUR\/JPY y EUR\/CHF llamaron la atenci\u00f3n a los presentes que pudieron comprobar c\u00f3mo las entidades financieras conoc\u00edan el riesgo de depreciaci\u00f3n del euro y, a pesar de ello, no tuvieron ning\u00fan pudor al colocar estas hipotecas a miles de familias tanto en Espa\u00f1a como en Europa.<\/p>\n<p>As\u00ed mismo, nuestra presidenta comparti\u00f3 nuestra experiencia en la defensa de los consumidores bancarios: c\u00f3mo nos hab\u00edamos organizado para crear una red de abogados que compartiese de manera desinteresada informaci\u00f3n y estrategias, la celebraci\u00f3n de seminarios jur\u00eddicos y financieros que permitieran a otros abogados el conocimiento de nuevos productos financieros y, sobre todo, la publicaci\u00f3n de sentencias en internet para facilitar la defensa de los consumidores.<\/p>\n<p>Para concluir su ponencia, nuestra presidenta invit\u00f3 a todos los asistentes a seguir luchando contra los abusos bancarios adem\u00e1s de organizarse para compartir informaci\u00f3n, tal y como hab\u00edamos hecho en Espa\u00f1a. Desde la asociaci\u00f3n se puso a disposici\u00f3n de todos los presentes la informaci\u00f3n en nuestro haber para una mejor defensa de los consumidores afectados por las hipotecas multidivisas as\u00ed como nuestra ayuda para mejorar la organizaci\u00f3n y presencia en internet de las Asociaciones de Consumidores.<\/p>\n<p>Posteriormente, el <a href=\"http:\/\/www.fxloans.org\/about-us\/\" target=\"_blank\" rel=\"noopener\">Comit\u00e9 Legal para la Defensa de los Consumidores Europeos<\/a>, organizador de esta conferencia y del que Asuapedefin es miembro representante de Espa\u00f1a, se reuni\u00f3 para sacar conclusiones de las jornadas y definir las estrategias a seguir. Uno de los objetivos m\u00e1s importantes del Comit\u00e9 es conseguir trasladar a Bruselas la problem\u00e1tica causada a miles de familias por la contrataci\u00f3n de este tipo de pr\u00e9stamos. Para ello, se decidi\u00f3 que los juristas continuaran su labor en los respectivos pa\u00edses informando de los avances alcanzados.<\/p>\n<p>As\u00ed mismo, las asociaciones de consumidores expresaron su deseo de trabajar conjuntamente para la difusi\u00f3n del problema v\u00eda internet (<a href=\"http:\/\/www.fxloans.org\/\" target=\"_blank\" rel=\"noopener\">fxloans.org<\/a>, <a href=\"https:\/\/twitter.com\/FxLoans\" target=\"_blank\" rel=\"noopener\">@FxLoans,<\/a> <a href=\"https:\/\/www.facebook.com\/fxloans\" target=\"_blank\" rel=\"noopener\">Facebook<\/a>) adem\u00e1s de crear una base de datos de acceso p\u00fablico con documentaci\u00f3n, sentencias, conferencias, etc&#8230; adem\u00e1s de buscar m\u00e1s pa\u00edses que pudieran unirse a la causa. Dado el \u00e9xito de la ponencia presentada por Asuapedefin y el reconocimiento del trabajo realizado en Espa\u00f1a, se propuso que fuera nuestra presidenta, <a href=\"https:\/\/twitter.com\/WonderWomanPSR\" target=\"_blank\" rel=\"noopener\">Patricia Su\u00e1rez<\/a>, la persona que liderase y coordinase el trabajo de las asociaciones de consumidores europeos.<\/p>\n<p><strong>Es una gran satifacci\u00f3n para esta asociaci\u00f3n el reconocimiento que ha recibido en Atenas y un orgullo liderar a las asociaciones de consumidores que luchan contra las hipotecas multidivisa en toda Europa.<br \/>\n<\/strong><\/p>\n<p>&nbsp;<\/p>\n<figure id=\"attachment_20060\" aria-describedby=\"caption-attachment-20060\" style=\"width: 450px\" class=\"wp-caption aligncenter\"><a href=\"https:\/\/i0.wp.com\/asuapedefin.com\/wp-content\/uploads\/2015\/06\/Athens_day3_Karpad_Patricia_Suarez.jpg\" target=\"_blank\" rel=\"noopener\"><img data-recalc-dims=\"1\" fetchpriority=\"high\" decoding=\"async\" data-attachment-id=\"20060\" data-permalink=\"https:\/\/staging.asufin.com\/staging\/athens_day3_karpad_patricia_suarez\/\" data-orig-file=\"https:\/\/i0.wp.com\/staging.asufin.com\/staging\/wp-content\/uploads\/2015\/06\/Athens_day3_Karpad_Patricia_Suarez.jpg?fit=1849%2C1397&amp;ssl=1\" data-orig-size=\"1849,1397\" data-comments-opened=\"1\" data-image-meta=\"{&quot;aperture&quot;:&quot;0&quot;,&quot;credit&quot;:&quot;&quot;,&quot;camera&quot;:&quot;&quot;,&quot;caption&quot;:&quot;&quot;,&quot;created_timestamp&quot;:&quot;0&quot;,&quot;copyright&quot;:&quot;&quot;,&quot;focal_length&quot;:&quot;0&quot;,&quot;iso&quot;:&quot;0&quot;,&quot;shutter_speed&quot;:&quot;0&quot;,&quot;title&quot;:&quot;&quot;,&quot;orientation&quot;:&quot;0&quot;}\" data-image-title=\"\u00c1rp\u00e1d K\u00e1sler (Hungr\u00eda) y Patricia Su\u00e1rez (Presidenta Asuapedefin &#8211; Espa\u00f1a)\" data-image-description=\"&lt;p&gt;\u00c1rp\u00e1d K\u00e1sler (Hungr\u00eda) y Patricia Su\u00e1rez (Presidenta Asuapedefin &#8211; Espa\u00f1a)&lt;\/p&gt;\n\" data-image-caption=\"&lt;p&gt;Patricia Su\u00e1rez, Presidenta de ASUFIN y Karpad, un afectado h\u00fangaro de multidivisa al que el TJUE dio la raz\u00f3n.&lt;\/p&gt;\n\" data-large-file=\"https:\/\/i0.wp.com\/staging.asufin.com\/staging\/wp-content\/uploads\/2015\/06\/Athens_day3_Karpad_Patricia_Suarez.jpg?fit=800%2C605&amp;ssl=1\" class=\"wp-image-20060\" src=\"https:\/\/i0.wp.com\/asuapedefin.com\/wp-content\/uploads\/2015\/06\/Athens_day3_Karpad_Patricia_Suarez-1024x774.jpg?resize=450%2C340\" alt=\"\u00c1rp\u00e1d K\u00e1sler (Hungr\u00eda) y Patricia Su\u00e1rez (Presidenta Asuapedefin - Espa\u00f1a)\" width=\"450\" height=\"340\" title=\"\" srcset=\"https:\/\/i0.wp.com\/staging.asufin.com\/staging\/wp-content\/uploads\/2015\/06\/Athens_day3_Karpad_Patricia_Suarez.jpg?resize=1024%2C774&amp;ssl=1 1024w, https:\/\/i0.wp.com\/staging.asufin.com\/staging\/wp-content\/uploads\/2015\/06\/Athens_day3_Karpad_Patricia_Suarez.jpg?resize=300%2C227&amp;ssl=1 300w, https:\/\/i0.wp.com\/staging.asufin.com\/staging\/wp-content\/uploads\/2015\/06\/Athens_day3_Karpad_Patricia_Suarez.jpg?resize=768%2C580&amp;ssl=1 768w, https:\/\/i0.wp.com\/staging.asufin.com\/staging\/wp-content\/uploads\/2015\/06\/Athens_day3_Karpad_Patricia_Suarez.jpg?resize=600%2C453&amp;ssl=1 600w, https:\/\/i0.wp.com\/staging.asufin.com\/staging\/wp-content\/uploads\/2015\/06\/Athens_day3_Karpad_Patricia_Suarez.jpg?resize=1320%2C997&amp;ssl=1 1320w, https:\/\/i0.wp.com\/staging.asufin.com\/staging\/wp-content\/uploads\/2015\/06\/Athens_day3_Karpad_Patricia_Suarez.jpg?w=1849&amp;ssl=1 1849w, https:\/\/i0.wp.com\/staging.asufin.com\/staging\/wp-content\/uploads\/2015\/06\/Athens_day3_Karpad_Patricia_Suarez.jpg?w=1600&amp;ssl=1 1600w\" sizes=\"(max-width: 450px) 100vw, 450px\" \/><\/a><figcaption id=\"caption-attachment-20060\" class=\"wp-caption-text\">Patricia Su\u00e1rez (Presidenta Asuapedefin &#8211; Espa\u00f1a) y \u00c1rp\u00e1d K\u00e1sler (Hungr\u00eda)<\/figcaption><\/figure>\n<p>&nbsp;<\/p>\n","protected":false},"excerpt":{"rendered":"<p>Asuapedefin particip\u00f3 con \u00e9xito en la 2\u00aa Conferencia Europea sobre Hipotecas Multidivisa celebrada en Atenas los d\u00edas 8, 9 y 10 de junio de 2015. Importante la presencia de \u00c1rpad K\u00e1sler, el afectado por hipoteca multidivisa h\u00fangaro al que debemos la sentencia del Tribunal de Justicia Europeo (Asunto C26-13) . La semana pasada tuvo lugar [&hellip;]<\/p>\n","protected":false},"author":279,"featured_media":20041,"comment_status":"open","ping_status":"closed","sticky":false,"template":"page-asufin-noticia.php","format":"standard","meta":{"_acf_changed":false,"_jetpack_newsletter_access":"","_jetpack_dont_email_post_to_subs":false,"_jetpack_newsletter_tier_id":0,"_jetpack_memberships_contains_paywalled_content":false,"_jetpack_memberships_contains_paid_content":false,"footnotes":""},"categories":[1975,1137],"tags":[2242,2246,2244,934],"class_list":["post-20039","post","type-post","status-publish","format-standard","has-post-thumbnail","hentry","category-europa","category-hipoteca-multidivisa","tag-atenas","tag-consumidores-europeos","tag-fx-loans","tag-hipoteca-multidivisa"],"acf":[],"jetpack_featured_media_url":"https:\/\/i0.wp.com\/staging.asufin.com\/staging\/wp-content\/uploads\/2015\/06\/Athens_day3_IMG_1739.jpg?fit=640%2C480&ssl=1","jetpack_shortlink":"https:\/\/wp.me\/peayLa-5dd","jetpack_likes_enabled":false,"jetpack_sharing_enabled":true,"_links":{"self":[{"href":"https:\/\/staging.asufin.com\/staging\/wp-json\/wp\/v2\/posts\/20039","targetHints":{"allow":["GET"]}}],"collection":[{"href":"https:\/\/staging.asufin.com\/staging\/wp-json\/wp\/v2\/posts"}],"about":[{"href":"https:\/\/staging.asufin.com\/staging\/wp-json\/wp\/v2\/types\/post"}],"author":[{"embeddable":true,"href":"https:\/\/staging.asufin.com\/staging\/wp-json\/wp\/v2\/users\/279"}],"replies":[{"embeddable":true,"href":"https:\/\/staging.asufin.com\/staging\/wp-json\/wp\/v2\/comments?post=20039"}],"version-history":[{"count":0,"href":"https:\/\/staging.asufin.com\/staging\/wp-json\/wp\/v2\/posts\/20039\/revisions"}],"wp:featuredmedia":[{"embeddable":true,"href":"https:\/\/staging.asufin.com\/staging\/wp-json\/wp\/v2\/media\/20041"}],"wp:attachment":[{"href":"https:\/\/staging.asufin.com\/staging\/wp-json\/wp\/v2\/media?parent=20039"}],"wp:term":[{"taxonomy":"category","embeddable":true,"href":"https:\/\/staging.asufin.com\/staging\/wp-json\/wp\/v2\/categories?post=20039"},{"taxonomy":"post_tag","embeddable":true,"href":"https:\/\/staging.asufin.com\/staging\/wp-json\/wp\/v2\/tags?post=20039"}],"curies":[{"name":"wp","href":"https:\/\/api.w.org\/{rel}","templated":true}]}}