{"id":20144,"date":"2015-07-06T11:29:59","date_gmt":"2015-07-06T09:29:59","guid":{"rendered":"http:\/\/asuapedefin.com\/?p=20144"},"modified":"2017-10-30T16:40:07","modified_gmt":"2017-10-30T16:40:07","slug":"la-presidenta-de-asuapedefin-patricia-suarez-patrono-de-finsalud","status":"publish","type":"post","link":"https:\/\/staging.asufin.com\/staging\/la-presidenta-de-asuapedefin-patricia-suarez-patrono-de-finsalud\/","title":{"rendered":"La presidenta de ASUFIN, Patricia Su\u00e1rez, patrono de Finsalud"},"content":{"rendered":"<ul>\n<li>\n<h5>Patricia Su\u00e1rez, presidenta de ASUFIN (antes Asuapedefin), ha sido invitada para formar parte de la Fundaci\u00f3n <a href=\"http:\/\/finsalud.com\/arranca-el-proyecto-de-investigacion-sobre-fraude-bancario-en-la-salud-de-los-afectados\/\" target=\"_blank\" rel=\"noopener\">Finsalud<\/a> &#8220;<em>por su singular trayectoria dentro del asociacionismo de consumo de productos financieros<\/em> &#8220;<\/h5>\n<\/li>\n<li>\n<h5>La presidenta acept\u00f3 la invitaci\u00f3n y manifest\u00f3 su compromiso y el de Asuapedefin con la defensa de los usuarios financieros para recuperar &#8220;no s\u00f3lo su dinero, sino tambi\u00e9n su salud f\u00edsica y mental&#8221;.<\/h5>\n<\/li>\n<\/ul>\n<p>La fundaci\u00f3n Finsalud, una iniciativa de <a href=\"http:\/\/finsalud.com\/patronos\/fernando-zunzunegui\/\" target=\"_blank\" rel=\"noopener\">Fernando Zunzunegui<\/a> para estudiar el efecto de los fraudes financieros en la salud, cuenta con la participaci\u00f3n de cient\u00edficos de reconocido prestigio y profesionales comprometidos con la defensa de los consumidores. Asuapedefin ya hab\u00eda comenzado a colaborar con esta Fundaci\u00f3n, concretamente en el &#8220;<a href=\"http:\/\/finsalud.com\/el-proyecto\/\" target=\"_blank\" rel=\"noopener\">Proyecto: Fraudes y Salud<\/a>&#8221; que estudiar\u00e1 las consecuencias en la salud de los afectados por las malas pr\u00e1cticas bancarias.<\/p>\n<p>El patronato de la Fundaci\u00f3n propuso la incorporaci\u00f3n de nuestra Presidenta &#8220;<em>por su singular trayectoria dentro del asociacionismo de consumo de productos financieros<\/em> &#8220;. En su presentaci\u00f3n ante el patronato, Patricia Su\u00e1rez manifest\u00f3 que era &#8220;<em>muy consciente del impacto que tiene en la salud de los individuos la colocaci\u00f3n masiva y enga\u00f1osa de productos financieros complejos que ha tenido lugar en nuestro pa\u00eds<\/em>&#8221; por el trabajo desarrollado durante 6 a\u00f1os en Asuapedefin y <a href=\"http:\/\/www.apymifid.com\" target=\"_blank\" rel=\"noopener\">Apymifid<\/a>. As\u00ed mismo, expres\u00f3 que se trataba de &#8220;<em>un proyecto important\u00edsimo que complementaba su trabajo de Asuapedefin, en tanto que pod\u00eda atender las reclamaciones de los afectados en el \u00e1mbito judicial as\u00ed como contribuir a mejorar su salud f\u00edsica y mental.<\/em>&#8221;<\/p>\n<p class=\"pagetitle\">En el proyecto participa tambi\u00e9n <a href=\"http:\/\/www.adabankia.com\" target=\"_blank\" rel=\"noopener\">Adabankia<\/a>, cuyo presidente Roberto Serrano siempre ha mostrado su preocupaci\u00f3n por la relaci\u00f3n entre los fraudes financieros y la salud de las personas. Conscientes de ello, Asuapedefin y Adabankia organizaron junto con <a href=\"https:\/\/twitter.com\/apetidu\" target=\"_blank\" rel=\"noopener\">Apetidu<\/a>\u00a0 la &#8220;<strong><a href=\"http:\/\/asuapedefin.com\/2013\/07\/primera-jornada-sobre-productos-toxicos-defensa-juridica-y-secuelas-psicologicas\/\" target=\"_blank\" rel=\"noopener\">Primera jornada sobre productos t\u00f3xicos: defensa jur\u00eddica y secuelas psicol\u00f3gicas<\/a><\/strong>&#8221; en julio de 2013. De esta iniciativa naci\u00f3n el <strong><a href=\"http:\/\/asuapedefin.com\/2013\/07\/acuerdo-con-psicologos-sin-fronteras-para-defender-la-salud-de-los-afectados-por-productos-toxicos\/\" target=\"_blank\" rel=\"noopener\">Acuerdo con Psic\u00f3logos sin Fronteras<\/a><\/strong> para atender la salud de los afectados por productos t\u00f3xicos.<\/p>\n<p>&nbsp;<\/p>\n<p>&nbsp;<\/p>\n<div class=\"tiled-gallery type-rectangular tiled-gallery-unresized\" data-original-width=\"800\" data-carousel-extra='{&quot;blog_id&quot;:1,&quot;permalink&quot;:&quot;https:\\\/\\\/staging.asufin.com\\\/staging\\\/la-presidenta-de-asuapedefin-patricia-suarez-patrono-de-finsalud\\\/&quot;,&quot;likes_blog_id&quot;:209385604}' itemscope itemtype=\"http:\/\/schema.org\/ImageGallery\" > <div class=\"gallery-row\" style=\"width: 800px; height: 358px;\" data-original-width=\"800\" data-original-height=\"358\" > <div class=\"gallery-group images-2\" style=\"width: 266px; height: 358px;\" data-original-width=\"266\" data-original-height=\"358\" > <div class=\"tiled-gallery-item tiled-gallery-item-large\" itemprop=\"associatedMedia\" itemscope itemtype=\"http:\/\/schema.org\/ImageObject\"> <a href=\"https:\/\/staging.asufin.com\/staging\/_150625_reunion_finsalud_0244\/\" border=\"0\" itemprop=\"url\"> <meta itemprop=\"width\" content=\"262\"> <meta itemprop=\"height\" content=\"175\"> <img loading=\"lazy\" decoding=\"async\" class=\"\" data-attachment-id=\"20147\" data-orig-file=\"https:\/\/staging.asufin.com\/staging\/wp-content\/uploads\/2015\/07\/150625_reunion_finsalud_0244.jpg\" data-orig-size=\"1024,683\" data-comments-opened=\"1\" data-image-meta=\"{&quot;aperture&quot;:&quot;0&quot;,&quot;credit&quot;:&quot;&quot;,&quot;camera&quot;:&quot;&quot;,&quot;caption&quot;:&quot;&quot;,&quot;created_timestamp&quot;:&quot;0&quot;,&quot;copyright&quot;:&quot;&quot;,&quot;focal_length&quot;:&quot;0&quot;,&quot;iso&quot;:&quot;0&quot;,&quot;shutter_speed&quot;:&quot;0&quot;,&quot;title&quot;:&quot;&quot;,&quot;orientation&quot;:&quot;0&quot;}\" data-image-title=\"Patricia Su\u00e1rez. Reuni\u00f3n Finsalud. 25.6.2015\" data-image-description=\"&lt;p&gt;Patricia Su\u00e1rez. Reuni\u00f3n Finsalud. 25.6.2015&lt;\/p&gt; \" data-medium-file=\"https:\/\/i0.wp.com\/staging.asufin.com\/staging\/wp-content\/uploads\/2015\/07\/150625_reunion_finsalud_0244.jpg?fit=300%2C200&#038;ssl=1\" data-large-file=\"https:\/\/i0.wp.com\/staging.asufin.com\/staging\/wp-content\/uploads\/2015\/07\/150625_reunion_finsalud_0244.jpg?fit=800%2C534&#038;ssl=1\" src=\"https:\/\/i0.wp.com\/staging.asufin.com\/staging\/wp-content\/uploads\/2015\/07\/150625_reunion_finsalud_0244.jpg?w=262&#038;h=175&#038;ssl=1\" srcset=\"https:\/\/i0.wp.com\/staging.asufin.com\/staging\/wp-content\/uploads\/2015\/07\/150625_reunion_finsalud_0244.jpg?w=1024&amp;ssl=1 1024w, https:\/\/i0.wp.com\/staging.asufin.com\/staging\/wp-content\/uploads\/2015\/07\/150625_reunion_finsalud_0244.jpg?resize=300%2C200&amp;ssl=1 300w, https:\/\/i0.wp.com\/staging.asufin.com\/staging\/wp-content\/uploads\/2015\/07\/150625_reunion_finsalud_0244.jpg?resize=768%2C512&amp;ssl=1 768w, https:\/\/i0.wp.com\/staging.asufin.com\/staging\/wp-content\/uploads\/2015\/07\/150625_reunion_finsalud_0244.jpg?resize=600%2C400&amp;ssl=1 600w, https:\/\/i0.wp.com\/staging.asufin.com\/staging\/wp-content\/uploads\/2015\/07\/150625_reunion_finsalud_0244.jpg?resize=360%2C240&amp;ssl=1 360w\" width=\"262\" height=\"175\" loading=\"lazy\" data-original-width=\"262\" data-original-height=\"175\" itemprop=\"http:\/\/schema.org\/image\" title=\"Patricia Su\u00e1rez. Reuni\u00f3n Finsalud. 25.6.2015\" alt=\"Patricia Su\u00e1rez. Reuni\u00f3n Finsalud. 25.6.2015\" style=\"width: 262px; height: 175px;\" \/> <\/a> <div class=\"tiled-gallery-caption\" itemprop=\"caption description\"> Patricia Su\u00e1rez en su primera con el Patronato de Finsalud. <\/div> <\/div> <div class=\"tiled-gallery-item tiled-gallery-item-large\" itemprop=\"associatedMedia\" itemscope itemtype=\"http:\/\/schema.org\/ImageObject\"> <a href=\"https:\/\/staging.asufin.com\/staging\/_150625_reunion_finsalud_0226\/\" border=\"0\" itemprop=\"url\"> <meta itemprop=\"width\" content=\"262\"> <meta itemprop=\"height\" content=\"175\"> <img loading=\"lazy\" decoding=\"async\" class=\"\" data-attachment-id=\"20146\" data-orig-file=\"https:\/\/staging.asufin.com\/staging\/wp-content\/uploads\/2015\/07\/150625_reunion_finsalud_0226.jpg\" data-orig-size=\"1024,683\" data-comments-opened=\"1\" data-image-meta=\"{&quot;aperture&quot;:&quot;0&quot;,&quot;credit&quot;:&quot;&quot;,&quot;camera&quot;:&quot;&quot;,&quot;caption&quot;:&quot;&quot;,&quot;created_timestamp&quot;:&quot;0&quot;,&quot;copyright&quot;:&quot;&quot;,&quot;focal_length&quot;:&quot;0&quot;,&quot;iso&quot;:&quot;0&quot;,&quot;shutter_speed&quot;:&quot;0&quot;,&quot;title&quot;:&quot;&quot;,&quot;orientation&quot;:&quot;0&quot;}\" data-image-title=\"Reuni\u00f3n Patronos y Comit\u00e9 Cient\u00edfico Finsalud. 25.6.2015\" data-image-description=\"&lt;p&gt;Reuni\u00f3n Patronos y Comit\u00e9 Cient\u00edfico Finsalud. 25.6.2015&lt;\/p&gt; \" data-medium-file=\"https:\/\/i0.wp.com\/staging.asufin.com\/staging\/wp-content\/uploads\/2015\/07\/150625_reunion_finsalud_0226.jpg?fit=300%2C200&#038;ssl=1\" data-large-file=\"https:\/\/i0.wp.com\/staging.asufin.com\/staging\/wp-content\/uploads\/2015\/07\/150625_reunion_finsalud_0226.jpg?fit=800%2C534&#038;ssl=1\" src=\"https:\/\/i0.wp.com\/staging.asufin.com\/staging\/wp-content\/uploads\/2015\/07\/150625_reunion_finsalud_0226.jpg?w=262&#038;h=175&#038;ssl=1\" srcset=\"https:\/\/i0.wp.com\/staging.asufin.com\/staging\/wp-content\/uploads\/2015\/07\/150625_reunion_finsalud_0226.jpg?w=1024&amp;ssl=1 1024w, https:\/\/i0.wp.com\/staging.asufin.com\/staging\/wp-content\/uploads\/2015\/07\/150625_reunion_finsalud_0226.jpg?resize=300%2C200&amp;ssl=1 300w, https:\/\/i0.wp.com\/staging.asufin.com\/staging\/wp-content\/uploads\/2015\/07\/150625_reunion_finsalud_0226.jpg?resize=768%2C512&amp;ssl=1 768w, https:\/\/i0.wp.com\/staging.asufin.com\/staging\/wp-content\/uploads\/2015\/07\/150625_reunion_finsalud_0226.jpg?resize=600%2C400&amp;ssl=1 600w, https:\/\/i0.wp.com\/staging.asufin.com\/staging\/wp-content\/uploads\/2015\/07\/150625_reunion_finsalud_0226.jpg?resize=360%2C240&amp;ssl=1 360w\" width=\"262\" height=\"175\" loading=\"lazy\" data-original-width=\"262\" data-original-height=\"175\" itemprop=\"http:\/\/schema.org\/image\" title=\"Reuni\u00f3n Patronos y Comit\u00e9 Cient\u00edfico Finsalud. 25.6.2015\" alt=\"Reuni\u00f3n Patronos y Comit\u00e9 Cient\u00edfico Finsalud. 25.6.2015\" style=\"width: 262px; height: 175px;\" \/> <\/a> <div class=\"tiled-gallery-caption\" itemprop=\"caption description\"> Patricia Su\u00e1rez en su presentaci\u00f3n ante el Patronato de Finsalud. <\/div> <\/div> <\/div> <!-- close group --> <div class=\"gallery-group images-1\" style=\"width: 534px; height: 358px;\" data-original-width=\"534\" data-original-height=\"358\" > <div class=\"tiled-gallery-item tiled-gallery-item-large\" itemprop=\"associatedMedia\" itemscope itemtype=\"http:\/\/schema.org\/ImageObject\"> <a href=\"https:\/\/staging.asufin.com\/staging\/_150625_reunion_finsalud_0223\/\" border=\"0\" itemprop=\"url\"> <meta itemprop=\"width\" content=\"530\"> <meta itemprop=\"height\" content=\"354\"> <img loading=\"lazy\" decoding=\"async\" class=\"\" data-attachment-id=\"20145\" data-orig-file=\"https:\/\/staging.asufin.com\/staging\/wp-content\/uploads\/2015\/07\/150625_reunion_finsalud_0223.jpg\" data-orig-size=\"1024,683\" data-comments-opened=\"1\" data-image-meta=\"{&quot;aperture&quot;:&quot;0&quot;,&quot;credit&quot;:&quot;&quot;,&quot;camera&quot;:&quot;&quot;,&quot;caption&quot;:&quot;&quot;,&quot;created_timestamp&quot;:&quot;0&quot;,&quot;copyright&quot;:&quot;&quot;,&quot;focal_length&quot;:&quot;0&quot;,&quot;iso&quot;:&quot;0&quot;,&quot;shutter_speed&quot;:&quot;0&quot;,&quot;title&quot;:&quot;&quot;,&quot;orientation&quot;:&quot;0&quot;}\" data-image-title=\"Patricia Su\u00e1rez nombrada patrono de la Fundaci\u00f3n Finsalud. 25.6.2015\" data-image-description=\"&lt;p&gt;Patricia Su\u00e1rez nombrada patrono de la Fundaci\u00f3n Finsalud. 25.6.2015&lt;\/p&gt; \" data-medium-file=\"https:\/\/i0.wp.com\/staging.asufin.com\/staging\/wp-content\/uploads\/2015\/07\/150625_reunion_finsalud_0223.jpg?fit=300%2C200&#038;ssl=1\" data-large-file=\"https:\/\/i0.wp.com\/staging.asufin.com\/staging\/wp-content\/uploads\/2015\/07\/150625_reunion_finsalud_0223.jpg?fit=800%2C534&#038;ssl=1\" src=\"https:\/\/i0.wp.com\/staging.asufin.com\/staging\/wp-content\/uploads\/2015\/07\/150625_reunion_finsalud_0223.jpg?w=530&#038;h=354&#038;ssl=1\" srcset=\"https:\/\/i0.wp.com\/staging.asufin.com\/staging\/wp-content\/uploads\/2015\/07\/150625_reunion_finsalud_0223.jpg?w=1024&amp;ssl=1 1024w, https:\/\/i0.wp.com\/staging.asufin.com\/staging\/wp-content\/uploads\/2015\/07\/150625_reunion_finsalud_0223.jpg?resize=300%2C200&amp;ssl=1 300w, https:\/\/i0.wp.com\/staging.asufin.com\/staging\/wp-content\/uploads\/2015\/07\/150625_reunion_finsalud_0223.jpg?resize=768%2C512&amp;ssl=1 768w, https:\/\/i0.wp.com\/staging.asufin.com\/staging\/wp-content\/uploads\/2015\/07\/150625_reunion_finsalud_0223.jpg?resize=600%2C400&amp;ssl=1 600w, https:\/\/i0.wp.com\/staging.asufin.com\/staging\/wp-content\/uploads\/2015\/07\/150625_reunion_finsalud_0223.jpg?resize=360%2C240&amp;ssl=1 360w\" width=\"530\" height=\"354\" loading=\"lazy\" data-original-width=\"530\" data-original-height=\"354\" itemprop=\"http:\/\/schema.org\/image\" title=\"Patricia Su\u00e1rez nombrada patrono de la Fundaci\u00f3n Finsalud. 25.6.2015\" alt=\"Patricia Su\u00e1rez nombrada patrono de la Fundaci\u00f3n Finsalud. 25.6.2015\" style=\"width: 530px; height: 354px;\" \/> <\/a> <div class=\"tiled-gallery-caption\" itemprop=\"caption description\"> Patricia Su\u00e1rez se incorpora al Patronato de Finsalud. <\/div> <\/div> <\/div> <!-- close group --> <\/div> <!-- close row --> <\/div>\n","protected":false},"excerpt":{"rendered":"<p>Patricia Su\u00e1rez, presidenta de ASUFIN (antes Asuapedefin), ha sido invitada para formar parte de la Fundaci\u00f3n Finsalud &#8220;por su singular trayectoria dentro del asociacionismo de consumo de productos financieros &#8220; La presidenta acept\u00f3 la invitaci\u00f3n y manifest\u00f3 su compromiso y el de Asuapedefin con la defensa de los usuarios financieros para recuperar &#8220;no s\u00f3lo su [&hellip;]<\/p>\n","protected":false},"author":2,"featured_media":20145,"comment_status":"open","ping_status":"closed","sticky":false,"template":"page-asufin-noticia.php","format":"standard","meta":{"_acf_changed":false,"_jetpack_newsletter_access":"","_jetpack_dont_email_post_to_subs":false,"_jetpack_newsletter_tier_id":0,"_jetpack_memberships_contains_paywalled_content":false,"_jetpack_memberships_contains_paid_content":false,"footnotes":""},"categories":[2251],"tags":[53],"class_list":["post-20144","post","type-post","status-publish","format-standard","has-post-thumbnail","hentry","category-finsalud","tag-finsalud"],"acf":[],"jetpack_featured_media_url":"https:\/\/i0.wp.com\/staging.asufin.com\/staging\/wp-content\/uploads\/2015\/07\/150625_reunion_finsalud_0223.jpg?fit=1024%2C683&ssl=1","jetpack_shortlink":"https:\/\/wp.me\/peayLa-5eU","jetpack_likes_enabled":false,"jetpack_sharing_enabled":true,"_links":{"self":[{"href":"https:\/\/staging.asufin.com\/staging\/wp-json\/wp\/v2\/posts\/20144","targetHints":{"allow":["GET"]}}],"collection":[{"href":"https:\/\/staging.asufin.com\/staging\/wp-json\/wp\/v2\/posts"}],"about":[{"href":"https:\/\/staging.asufin.com\/staging\/wp-json\/wp\/v2\/types\/post"}],"author":[{"embeddable":true,"href":"https:\/\/staging.asufin.com\/staging\/wp-json\/wp\/v2\/users\/2"}],"replies":[{"embeddable":true,"href":"https:\/\/staging.asufin.com\/staging\/wp-json\/wp\/v2\/comments?post=20144"}],"version-history":[{"count":0,"href":"https:\/\/staging.asufin.com\/staging\/wp-json\/wp\/v2\/posts\/20144\/revisions"}],"wp:featuredmedia":[{"embeddable":true,"href":"https:\/\/staging.asufin.com\/staging\/wp-json\/wp\/v2\/media\/20145"}],"wp:attachment":[{"href":"https:\/\/staging.asufin.com\/staging\/wp-json\/wp\/v2\/media?parent=20144"}],"wp:term":[{"taxonomy":"category","embeddable":true,"href":"https:\/\/staging.asufin.com\/staging\/wp-json\/wp\/v2\/categories?post=20144"},{"taxonomy":"post_tag","embeddable":true,"href":"https:\/\/staging.asufin.com\/staging\/wp-json\/wp\/v2\/tags?post=20144"}],"curies":[{"name":"wp","href":"https:\/\/api.w.org\/{rel}","templated":true}]}}