{"id":20689,"date":"2015-10-21T06:00:51","date_gmt":"2015-10-21T04:00:51","guid":{"rendered":"http:\/\/asufin.com\/?p=20689"},"modified":"2019-12-22T13:50:44","modified_gmt":"2019-12-22T12:50:44","slug":"31-10-2015-participamos-en-el-free-culture-forum-2015","status":"publish","type":"post","link":"https:\/\/staging.asufin.com\/staging\/31-10-2015-participamos-en-el-free-culture-forum-2015\/","title":{"rendered":"31.10.2015 &#8211; Participamos en el Free Culture Forum 2015"},"content":{"rendered":"<p>El <strong><a href=\"http:\/\/2015.fcforum.net\/\" target=\"_blank\" rel=\"noopener noreferrer\">Free Culture Forum, Foro internacional para la cultura libre<\/a><\/strong>, responde a la necesidad de un espacio internacional donde construir y coordinar un marco global de acci\u00f3n y una agenda com\u00fan para temas relacionados con la cultura libre y el acceso al conocimiento, la democracia en red (mecanismos de participaci\u00f3n y control ciudadano del poder y las instituciones), la defensa de un Internet libre y neutral, la defensa del periodismo ciudadano por el derecho a saber, informar y estar informados; la lucha legal, t\u00e9cnica y comunicativa contra la corrupci\u00f3n; y la tecnopol\u00edtica entendida como la pr\u00e1ctica y la acci\u00f3n en red para el empoderamiento, la justicia y la transformaci\u00f3n social.<\/p>\n<p>Participaremos en el <a href=\"http:\/\/2015.fcforum.net\/\" target=\"_blank\" rel=\"noopener noreferrer\">Free Culture Forum 2015<\/a> representando a ASUFIN y tambi\u00e9n a <a href=\"http:\/\/finsalud.com\/\" target=\"_blank\" rel=\"noopener noreferrer\">FINSALUD<\/a> en las siguientes ponencias previstas para el s\u00e1bado 31 de octubre a las 12h.<\/p>\n<h3 class=\"horario\">10:30 \u0096 12:00<br \/>\nPRESENTACI\u00d3N DEL GRUPO DE CIUDADANO CONTRA LA CORRUPCI\u00d3N \u0096 Plataforma estatal de grupos ciudadanos activos contra la corrupci\u00f3n<\/h3>\n<div><strong>Participan:<\/strong><\/div>\n<div>\u0096 <a href=\"http:\/\/2015.fcforum.net\/participantes\/#Simona-Levi\" target=\"_blank\" rel=\"noopener\">Simona Levi<\/a> y <a href=\"http:\/\/2015.fcforum.net\/participantes\/#Sergio-Salgado\" target=\"_blank\" rel=\"noopener\">Sergio Salgado<\/a>, del <a href=\"http:\/\/xnet-x.net\/buzon-filtrar-casos-de-corrupcion\/\" target=\"_blank\" rel=\"noopener noreferrer\">Buz\u00f3n de Filtraciones de Xnet<\/a> y de <a href=\"http:\/\/15mparato.wordpress.com\/\" target=\"_blank\" rel=\"noopener noreferrer\">15MpaRato<\/a><br \/>\n\u0096 <a href=\"https:\/\/twitter.com\/auditasanidad\" target=\"_blank\" rel=\"noopener\">Audita Sanidad<\/a>, auditor\u00eda ciudadana de la deuda en sanidad<br \/>\n\u0096 <a href=\"http:\/\/2015.fcforum.net\/participantes\/#Ana-Garrido\" target=\"_blank\" rel=\"noopener\">Ana Garrido<\/a>, una de las primeras denunciantes del caso G\u00fcrtel<br \/>\n\u0096 <a href=\"http:\/\/www.kontuz.org\/\" target=\"_blank\" rel=\"noopener noreferrer\">Kontuz<\/a>, asociaci\u00f3n ciudadana de usuarios, consumidores y contribuyentes de Navarra que ha destapando grandes casos de corrupci\u00f3n en Navarra<br \/>\n\u0096 <a href=\"http:\/\/accion-civica.org\/\" target=\"_blank\" rel=\"noopener noreferrer\">Acci\u00f3n C\u00edvica<\/a>, para que abogados de cualquier punto de Espa\u00f1a puedan personarse como acusaci\u00f3n popular<br \/>\n\u0096 <a href=\"http:\/\/2015.fcforum.net\/participantes\/#Encarni-Cortes\" target=\"_blank\" rel=\"noopener\">Encarnaci\u00f3n Cort\u00e9s<\/a>, concejal que denunci\u00f3 irregularidades en Benalm\u00e1dena<br \/>\n\u0096 <a href=\"http:\/\/2015.fcforum.net\/participantes\/#David-Fernandez\" target=\"_blank\" rel=\"noopener\">David Fern\u00e1ndez<\/a>, ex-presidente de la Comisi\u00f3n Parlamentaria sobre el Caso Pujol como diputado de la CUP-Parlament<br \/>\n\u0096 <a href=\"http:\/\/2015.fcforum.net\/participantes\/#Patricia-Suarez-Ramirez\" target=\"_blank\" rel=\"noopener\">Patricia Su\u00e1rez Ram\u00edrez<\/a>, activista en la defensa de los abusos bancarios. Fundadora y presidenta de <a href=\"http:\/\/www.asuapedefin.com%22\" target=\"_blank\" rel=\"noopener noreferrer\">ASUFIN<\/a><br \/>\n\u0096 <a href=\"http:\/\/2015.fcforum.net\/participantes\/#Fernando-Urruticoechea\" target=\"_blank\" rel=\"noopener\">Fernando Urruticoechea<\/a>, uno de los funcionarios espa\u00f1oles que m\u00e1s casos de corrupci\u00f3n ha denunciado<\/div>\n<div><strong>Como asesores: <\/strong><\/div>\n<div>\u0096 Plataforma Auditor\u00eda Ciudadana de la Deuda \u0096 <a href=\"http:\/\/auditoriaciudadana.net\/\" target=\"_blank\" rel=\"noopener noreferrer\">PACD<\/a><br \/>\n\u0096 <a href=\"http:\/\/2015.fcforum.net\/participantes\/#Pau-Monserrat\" target=\"_blank\" rel=\"noopener\">Pau A. Monserrat<\/a>, economista autor del libro \u0091La banca culpable\u0092<br \/>\n\u0096 <a href=\"http:\/\/2015.fcforum.net\/participantes\/#Raul-Burillo\" target=\"_blank\" rel=\"noopener\">Ra\u00fal Burillo<\/a>, inspector de hacienda, estuvo al frente del equipo de inspectores en la investigaci\u00f3n de casos como \u0091Palma Arena\u0092, \u0091Son Oms\u0092 o \u0091Maquillaje\u0092<br \/>\n\u0096 <a href=\"http:\/\/2015.fcforum.net\/participantes\/#Elisa-de-la-Nuez\" target=\"_blank\" rel=\"noopener\">Elisa de la Nuez<\/a>, secretaria general de la de <a href=\"http:\/\/www.fundacionhayderecho.com\/\" target=\"_blank\" rel=\"noopener noreferrer\">Fundaci\u00f3n \u00bfHay Derecho?<\/a>, en denuncia de la degeneraci\u00f3n del Estado de Derecho.<br \/>\n\u0096 Ana M\u00e9ndez Gorbea, abogada y miembro de <a href=\"http:\/\/ala.org.es\" target=\"_blank\" rel=\"noopener noreferrer\">ALA Abogados<\/a>, Asociaci\u00f3n Libre de Abogados y Abogadas<\/div>\n<h3 class=\"horario\">12:00 \u0096 14:00<br \/>\nCONFERENCIAS<\/h3>\n<h2>No es una crisis es una estafa<\/h2>\n<div><strong>Participan:<\/strong><\/div>\n<div>\u0096 <a href=\"http:\/\/finsalud.com\/quienes-somos\/patronato\/patricia-suarez\/\" target=\"_blank\" rel=\"noopener noreferrer\">Patricia Su\u00e1rez<\/a>, Patrona de la Fundaci\u00f3n <a href=\"http:\/\/finsalud.com\/\" target=\"_blank\" rel=\"noopener noreferrer\">Finsalud<\/a>: <em>Fraudes y Salud \u0096 El efecto de los fraudes financieros en la salud de las personas<\/em> (castellano).<br \/>\n\u0096 <a href=\"http:\/\/2015.fcforum.net\/participantes\/#Enric-Duran\" target=\"_blank\" rel=\"noopener\">Enric Duran<\/a>, activista, <a href=\"https:\/\/fair.coop\/\" target=\"_blank\" rel=\"noopener noreferrer\">Faircoop<\/a> &amp; <a href=\"http:\/\/cooperativa.cat\/es\/\" target=\"_blank\" rel=\"noopener noreferrer\">CIC<\/a>: <em>El que roba a un ladr\u00f3n<\/em> (v\u00eddeo-conferencia, castellano).<br \/>\n\u0096 <a href=\"http:\/\/2015.fcforum.net\/participantes\/#Hibai\" target=\"_blank\" rel=\"noopener\">Hibai Arbide<\/a>, periodista y abogado experto en movimientos sociales: <em>Grecia como spoiler de lo que ocurre en otros pa\u00edses<\/em> (castellano).<\/div>\n<p><strong>Fila cero<\/strong>: Audita Sanidad, Ana Garrido, Kontuz, Acci\u00f3n C\u00edvica, Encarnaci\u00f3n Cort\u00e9s, David Fern\u00e1ndez, Pau A. Monserrat, Ra\u00fal Burillo, Ana M\u00e9ndez<\/p>\n","protected":false},"excerpt":{"rendered":"<p>El Free Culture Forum, Foro internacional para la cultura libre, responde a la necesidad de un espacio internacional donde construir y coordinar un marco global de acci\u00f3n y una agenda com\u00fan para temas relacionados con la cultura libre y el acceso al conocimiento, la democracia en red (mecanismos de participaci\u00f3n y control ciudadano del poder [&hellip;]<\/p>\n","protected":false},"author":2,"featured_media":20690,"comment_status":"open","ping_status":"closed","sticky":false,"template":"","format":"standard","meta":{"_acf_changed":false,"_jetpack_newsletter_access":"","_jetpack_dont_email_post_to_subs":false,"_jetpack_newsletter_tier_id":0,"_jetpack_memberships_contains_paywalled_content":false,"_jetpack_memberships_contains_paid_content":false,"footnotes":""},"categories":[191,2251,3315],"tags":[2298,53,2299,2300],"class_list":["post-20689","post","type-post","status-publish","format-standard","has-post-thumbnail","hentry","category-eventos","category-finsalud","category-xnet","tag-corrupcion","tag-finsalud","tag-movimiento-ciudadano","tag-sociedad-civil"],"acf":[],"jetpack_featured_media_url":"https:\/\/i0.wp.com\/staging.asufin.com\/staging\/wp-content\/uploads\/2015\/10\/fcforum2015-conferences.png?fit=798%2C410&ssl=1","jetpack_shortlink":"https:\/\/wp.me\/peayLa-5nH","jetpack_likes_enabled":false,"jetpack_sharing_enabled":true,"_links":{"self":[{"href":"https:\/\/staging.asufin.com\/staging\/wp-json\/wp\/v2\/posts\/20689","targetHints":{"allow":["GET"]}}],"collection":[{"href":"https:\/\/staging.asufin.com\/staging\/wp-json\/wp\/v2\/posts"}],"about":[{"href":"https:\/\/staging.asufin.com\/staging\/wp-json\/wp\/v2\/types\/post"}],"author":[{"embeddable":true,"href":"https:\/\/staging.asufin.com\/staging\/wp-json\/wp\/v2\/users\/2"}],"replies":[{"embeddable":true,"href":"https:\/\/staging.asufin.com\/staging\/wp-json\/wp\/v2\/comments?post=20689"}],"version-history":[{"count":0,"href":"https:\/\/staging.asufin.com\/staging\/wp-json\/wp\/v2\/posts\/20689\/revisions"}],"wp:featuredmedia":[{"embeddable":true,"href":"https:\/\/staging.asufin.com\/staging\/wp-json\/wp\/v2\/media\/20690"}],"wp:attachment":[{"href":"https:\/\/staging.asufin.com\/staging\/wp-json\/wp\/v2\/media?parent=20689"}],"wp:term":[{"taxonomy":"category","embeddable":true,"href":"https:\/\/staging.asufin.com\/staging\/wp-json\/wp\/v2\/categories?post=20689"},{"taxonomy":"post_tag","embeddable":true,"href":"https:\/\/staging.asufin.com\/staging\/wp-json\/wp\/v2\/tags?post=20689"}],"curies":[{"name":"wp","href":"https:\/\/api.w.org\/{rel}","templated":true}]}}