{"id":20842,"date":"2015-11-22T23:11:52","date_gmt":"2015-11-22T21:11:52","guid":{"rendered":"http:\/\/asufin.com\/?p=20842"},"modified":"2017-10-30T16:03:54","modified_gmt":"2017-10-30T16:03:54","slug":"27-11-2015-primeras-jornadas-sobre-responsabilidad-social-de-las-entidades-financieras","status":"publish","type":"post","link":"https:\/\/staging.asufin.com\/staging\/27-11-2015-primeras-jornadas-sobre-responsabilidad-social-de-las-entidades-financieras\/","title":{"rendered":"27.11.2015 &#8211; Primeras Jornadas sobre Responsabilidad Social de las Entidades Financieras"},"content":{"rendered":"<ul>\n<li>\n<h4>El <a href=\"http:\/\/www.uv.es\/uvweb\/institut-universitari-economia-social-cooperativa-IUDESCOOP\/ca\/cidec\/informaciogeneral\/presentacio-1285895459492.html\" target=\"_blank\" rel=\"noopener\"><strong>IUDESCOOP<\/strong><\/a> organiza las Primeras Jornadas sobre Responsabilidad Social de las Entidades Financieras.<\/h4>\n<\/li>\n<li>\n<h4>La presidenta de ASUFIN y patrona de FINSALUD, Patricia Su\u00e1rez, presentar\u00e1 el proyecto, &#8220;Fraudes y Salud&#8221; en la mesa redonda &#8220;<em>Hasta d\u00f3nde llega la responsabilidad social de las entidades bancarias<\/em>&#8220;<\/h4>\n<\/li>\n<li>\n<h4>Fernando Zunzunegui, experto en regulaci\u00f3n financiera y patrono de Finsalud, dar\u00e1 una conferencia sobre &#8220;<em>Normas de Conducta de las Entidades Financieras<\/em>&#8220;.<\/h4>\n<\/li>\n<\/ul>\n<p>El Instituto Universitario de Econom\u00eda Social y Cooperativa (<a href=\"http:\/\/www.uv.es\/uvweb\/institut-universitari-economia-social-cooperativa-IUDESCOOP\/ca\/cidec\/informaciogeneral\/presentacio-1285895459492.html\" target=\"_blank\" rel=\"noopener\"><strong>IUDESCOOP<\/strong><\/a>), dirigido por <a href=\"https:\/\/twitter.com\/Joanrasan\" target=\"_blank\" rel=\"noopener\">Joan Ramon Sanchis<\/a>, organiza en la Universidad de Valencia las Primeras Jornadas sobre Responsabilidad Social de las Entidades Financieras en las que contar\u00e1 con expertos en la materia para exponer y debatir sobre este tema de actualidad.<\/p>\n<hr \/>\n<h5>INFORMACI\u00d3N E INSCRIPCI\u00d3N<\/h5>\n<p>CIDEC (a\/a Ana Mart\u00ednez). Campus Tarongers.<br \/>\nBiblioteca de Ci\u00e8ncies Socials, 1\u00aa planta (norte).<br \/>\nAv. Los Naranjos, s\/n. 46022 Valencia.<br \/>\nTel.: 96 382 87 44 &#8211; Fax: 96 382 87 45<br \/>\ncidec@uv.es &#8211; <a href=\"http:\/\/www.uv.es\/cidec\" target=\"_blank\" rel=\"noopener\">www.uv.es\/cidec<\/a><\/p>\n<hr \/>\n<p>&nbsp;<\/p>\n<h5>PROGRAMA (<a href=\"http:\/\/finsalud.com\/wp-content\/uploads\/2015\/11\/151127_CIDEC_Jornadas_Responsabilidad_Financiera.pdf\" target=\"_blank\" rel=\"noopener\">Descargar PDF<\/a>)<\/h5>\n<p><strong>09:00 \u0097 Entrega de documentaci\u00f3n<br \/>\n<\/strong><br \/>\n<strong>09:30 \u0097 Inauguraci\u00f3n y Presentaci\u00f3n de la Jornada.<\/strong><br \/>\nD. Jos\u00e9 Ochoa Monz\u00f3, Director General de Responsabilidad Social y Fomento del Autogobierno de la Generalidad Valenciana.<br \/>\nD\u00f1a. Clara Mart\u00ednez Fuentes, Vicerrectora de Sostenibilidad y Planificaci\u00f3n de la Universidad de Valencia.<\/p>\n<p><strong>10:00 \u0097 CONFERENCIA \u00abLA RESPONSABILIDAD SOCIAL EN LA BANCA\u00bb<\/strong><br \/>\nPonente: D\u00f1a. Marta de la Cuesta Gonz\u00e1lez, Profesora Titular del Departamento de Econom\u00eda Aplicada de la UNED.<\/p>\n<p><strong>11:00 \u0097 Descanso: pausa-caf\u00e9<br \/>\n<\/strong><br \/>\n<strong>11:30 \u0097 CONFERENCIA \u00abNORMAS DE CONDUCTA DE LAS ENTIDADES<\/strong> <strong>FINANCIERAS \u00bb<\/strong><br \/>\nPonente: D. <a href=\"http:\/\/finsalud.com\/quienes-somos\/patronato\/fernando-zunzunegui\/\" target=\"_blank\" rel=\"noopener\">Fernando Zunzunegui<\/a>, Abogado especializado en regulaci\u00f3n financiera y profesor de Derecho del mercado Financiero en la Universidad Carlos III de Madrid.<\/p>\n<p><strong>12:30 \u0097 MESA REDONDA \u00abHASTA DONDE LLEGA LA RESPONSABILIDAD SOCIAL DE LAS ENTIDADES BANCARIAS \u00bb<\/strong><br \/>\nModera: D. Joan Ramon Sanchis Palacio, Director IUDESCOOP.<br \/>\nD\u00f1a. Ana Isabel Ceballo Sierra, Presidenta UNCCUE<br \/>\nD\u00f1a. <a href=\"http:\/\/finsalud.com\/quienes-somos\/patronato\/patricia-suarez\/\" target=\"_blank\" rel=\"noopener\">Patricia Suarez Ram\u00edrez<\/a>, Patrona de Finsalud y Presidenta <a href=\"http:\/\/www.asufin.com\/\" target=\"_blank\" rel=\"noopener\">Asufin<\/a>.<br \/>\nD. Jos\u00e9 Mar\u00eda Company Lluch, Director del \u00c1rea de Negocio y Marketing de Caja Popular.<br \/>\nD. Vicente Ortiz Mora, Jefe de Secretar\u00eda y Obra Social de Caixa Ontinyent.<\/p>\n<p><strong>14:00 \u0097 Clausura de la Jornada<\/strong><br \/>\nD. Jos\u00e9 Manuel Pastor<\/p>\n","protected":false},"excerpt":{"rendered":"<p>El IUDESCOOP organiza las Primeras Jornadas sobre Responsabilidad Social de las Entidades Financieras. La presidenta de ASUFIN y patrona de FINSALUD, Patricia Su\u00e1rez, presentar\u00e1 el proyecto, &#8220;Fraudes y Salud&#8221; en la mesa redonda &#8220;Hasta d\u00f3nde llega la responsabilidad social de las entidades bancarias&#8220; Fernando Zunzunegui, experto en regulaci\u00f3n financiera y patrono de Finsalud, dar\u00e1 una [&hellip;]<\/p>\n","protected":false},"author":2,"featured_media":20843,"comment_status":"open","ping_status":"closed","sticky":false,"template":"page-asufin-noticia.php","format":"standard","meta":{"_acf_changed":false,"_jetpack_newsletter_access":"","_jetpack_dont_email_post_to_subs":false,"_jetpack_newsletter_tier_id":0,"_jetpack_memberships_contains_paywalled_content":false,"_jetpack_memberships_contains_paid_content":false,"footnotes":""},"categories":[82,191,2251],"tags":[2338,838,53,33,2339],"class_list":["post-20842","post","type-post","status-publish","format-standard","has-post-thumbnail","hentry","category-asufin-cat","category-eventos","category-finsalud","tag-entidades-financieras","tag-fernando-zunzunegui","tag-finsalud","tag-patricia-suarez","tag-responsabilidad-social"],"acf":[],"jetpack_featured_media_url":"https:\/\/i0.wp.com\/staging.asufin.com\/staging\/wp-content\/uploads\/2015\/11\/151127_CIDEC_Jornadas_Responsabilidad_Financiera_2.jpg?fit=1200%2C750&ssl=1","jetpack_shortlink":"https:\/\/wp.me\/peayLa-5qa","jetpack_likes_enabled":false,"jetpack_sharing_enabled":true,"_links":{"self":[{"href":"https:\/\/staging.asufin.com\/staging\/wp-json\/wp\/v2\/posts\/20842","targetHints":{"allow":["GET"]}}],"collection":[{"href":"https:\/\/staging.asufin.com\/staging\/wp-json\/wp\/v2\/posts"}],"about":[{"href":"https:\/\/staging.asufin.com\/staging\/wp-json\/wp\/v2\/types\/post"}],"author":[{"embeddable":true,"href":"https:\/\/staging.asufin.com\/staging\/wp-json\/wp\/v2\/users\/2"}],"replies":[{"embeddable":true,"href":"https:\/\/staging.asufin.com\/staging\/wp-json\/wp\/v2\/comments?post=20842"}],"version-history":[{"count":0,"href":"https:\/\/staging.asufin.com\/staging\/wp-json\/wp\/v2\/posts\/20842\/revisions"}],"wp:featuredmedia":[{"embeddable":true,"href":"https:\/\/staging.asufin.com\/staging\/wp-json\/wp\/v2\/media\/20843"}],"wp:attachment":[{"href":"https:\/\/staging.asufin.com\/staging\/wp-json\/wp\/v2\/media?parent=20842"}],"wp:term":[{"taxonomy":"category","embeddable":true,"href":"https:\/\/staging.asufin.com\/staging\/wp-json\/wp\/v2\/categories?post=20842"},{"taxonomy":"post_tag","embeddable":true,"href":"https:\/\/staging.asufin.com\/staging\/wp-json\/wp\/v2\/tags?post=20842"}],"curies":[{"name":"wp","href":"https:\/\/api.w.org\/{rel}","templated":true}]}}