{"id":21808,"date":"2016-03-29T14:08:46","date_gmt":"2016-03-29T12:08:46","guid":{"rendered":"http:\/\/asufin.com\/?p=21808"},"modified":"2022-07-23T16:22:50","modified_gmt":"2022-07-23T16:22:50","slug":"hipotecas-multidivisa-en-italia-y-polonia","status":"publish","type":"post","link":"https:\/\/staging.asufin.com\/staging\/hipotecas-multidivisa-en-italia-y-polonia\/","title":{"rendered":"#Conferencia \u00b7 Hipotecas indexadas en CHF en Italia y Polonia. 14.4.16 &#8211; MADRID"},"content":{"rendered":"<p>La defensa de los afectados por hipoteca multidivisa en Espa\u00f1a est\u00e1 siendo una de las principales causas que est\u00e1 llevando a cabo ASUFIN en los \u00faltimos a\u00f1os. Este fen\u00f3meno no es exclusivo de Espa\u00f1a, todo lo contrario, las hipotecas multidivisa se colocaron en casi todos los pa\u00edses de Europa (<a href=\"http:\/\/www.fxloans.org\" target=\"_blank\" rel=\"noopener\">fxloans.org<\/a>) siendo en algunos pa\u00edses un claro riesgo sist\u00e9mico.<\/p>\n<p>Para comprender mejor este fen\u00f3meno, ASUFIN est\u00e1 difundiendo una serie de art\u00edculos, tanto en <a href=\"http:\/\/fxloans.org\" target=\"_blank\" rel=\"noopener\">ingl\u00e9s<\/a> como en castellano sobre la situaci\u00f3n en otros pa\u00edses.<\/p>\n<p>En esta misma l\u00ednea, tenemos la satisfacci\u00f3n de invitarte a la primera charla-coloquio organizada por <a href=\"https:\/\/staging.asufin.com\/staging\/\" target=\"_blank\" rel=\"noopener\">ASUFIN <\/a>organiza una charla-coloquio en colaboraci\u00f3n con la asociaci\u00f3n <strong>MOVIMENTO NUOVI CONSUMATORI DI VICENZA ( VENETO &#8211; ITALIA)<\/strong>\u00a0 y la asociaci\u00f3n <a href=\"http:\/\/www.fxloans.org\/poland\/\" target=\"_blank\" rel=\"noopener\"><strong>PRO FUTURIS (POLONIA)<\/strong><\/a> sobre la<\/p>\n<h3>COMERCIALIZACI\u00d3N DE HIPOTECAS INDEXADAS EN FRANCOS SUIZOS EN ITALIA Y POLONIA<br \/>\nJUEVES 14.4.16 &#8211; <a href=\"https:\/\/goo.gl\/lFfM7x\" target=\"_blank\" rel=\"noopener\">imprescindible inscripci\u00f3n<\/a><\/h3>\n<p><strong>16:30h &#8211; Bienvenida e Introducci\u00f3n.<\/strong><br \/>\n? Patricia Su\u00e1rez (presidenta de ASUFIN)<\/p>\n<p><strong>17:00h &#8211; La comercializaci\u00f3n de hipotecas en CHF en Italia<\/strong><br \/>\n? Franca Berno (vicepresidenta de MOVIMENTO NUOVI CONSUMATORI DI VICENZA)<br \/>\n? Sheila Meneghetti\u00a0 (secretaria de MOVIMENTO NUOVI CONSUMATORI DI VICENZA)<br \/>\n? Danilo Bertinelli y Alberto Balbo (abogados)<\/p>\n<p><strong>17:45h &#8211; La comercializaci\u00f3n de hipotecas en CHF en Polonia<\/strong><br \/>\n? Tomasz Sadlik (presidente de Pro Futuris)<\/p>\n<p><strong>18:30 &#8211; Debate<\/strong><\/p>\n<hr \/>\n<p>SEDE ASUFIN &#8211; MADRID<br \/>\nCalle Mayor 4 &#8211; 4\u00ba &#8211; 1 (28013) Madrid. Metro Sol.<br \/>\nc\u00f3mo llegar &#8211; <a href=\"https:\/\/goo.gl\/0rQDVT\" target=\"_blank\" rel=\"noopener\">https:\/\/goo.gl\/0rQDVT<\/a><\/p>\n<hr \/>\n<p><strong>CHARLA-COLOQUIO ABIERTO A: Abogados, Peritos, Afectados y todo aquel interesado en la comercializaci\u00f3n de la Hipoteca Multidivisa en Europa en general, Espa\u00f1a, Polonia e Italia en particular.<br \/>\n<\/strong><\/p>\n<p><strong>JUEVES 14.4.16 &#8211;\u00a0 17H <\/strong>&#8211; ENTRADA LIBRE &#8211; AFORO LIMITADO A 30 PERSONAS &#8211; <a href=\"https:\/\/goo.gl\/lFfM7x\" target=\"_blank\" rel=\"noopener\">CONFIRMAR ASISTENCIA AQU\u00cd<\/a>!<\/p>\n","protected":false},"excerpt":{"rendered":"<p>La defensa de los afectados por hipoteca multidivisa en Espa\u00f1a est\u00e1 siendo una de las principales causas que est\u00e1 llevando a cabo ASUFIN en los \u00faltimos a\u00f1os. Este fen\u00f3meno no es exclusivo de Espa\u00f1a, todo lo contrario, las hipotecas multidivisa se colocaron en casi todos los pa\u00edses de Europa (fxloans.org) siendo en algunos pa\u00edses un [&hellip;]<\/p>\n","protected":false},"author":2,"featured_media":21811,"comment_status":"open","ping_status":"closed","sticky":false,"template":"","format":"standard","meta":{"_acf_changed":false,"_jetpack_newsletter_access":"","_jetpack_dont_email_post_to_subs":false,"_jetpack_newsletter_tier_id":0,"_jetpack_memberships_contains_paywalled_content":false,"_jetpack_memberships_contains_paid_content":false,"footnotes":""},"categories":[191,1975,1137],"tags":[2472,33,2473,2474,2475],"class_list":["post-21808","post","type-post","status-publish","format-standard","has-post-thumbnail","hentry","category-eventos","category-europa","category-hipoteca-multidivisa","tag-franca-berno","tag-patricia-suarez","tag-pro-futuris","tag-sheila-meneghetti","tag-tomasz-sadlik"],"acf":[],"jetpack_featured_media_url":"https:\/\/i0.wp.com\/staging.asufin.com\/staging\/wp-content\/uploads\/2016\/03\/francos_suizos.jpg?fit=1368%2C1027&ssl=1","jetpack_shortlink":"https:\/\/wp.me\/peayLa-5FK","jetpack_likes_enabled":false,"jetpack_sharing_enabled":true,"_links":{"self":[{"href":"https:\/\/staging.asufin.com\/staging\/wp-json\/wp\/v2\/posts\/21808","targetHints":{"allow":["GET"]}}],"collection":[{"href":"https:\/\/staging.asufin.com\/staging\/wp-json\/wp\/v2\/posts"}],"about":[{"href":"https:\/\/staging.asufin.com\/staging\/wp-json\/wp\/v2\/types\/post"}],"author":[{"embeddable":true,"href":"https:\/\/staging.asufin.com\/staging\/wp-json\/wp\/v2\/users\/2"}],"replies":[{"embeddable":true,"href":"https:\/\/staging.asufin.com\/staging\/wp-json\/wp\/v2\/comments?post=21808"}],"version-history":[{"count":2,"href":"https:\/\/staging.asufin.com\/staging\/wp-json\/wp\/v2\/posts\/21808\/revisions"}],"predecessor-version":[{"id":108644,"href":"https:\/\/staging.asufin.com\/staging\/wp-json\/wp\/v2\/posts\/21808\/revisions\/108644"}],"wp:featuredmedia":[{"embeddable":true,"href":"https:\/\/staging.asufin.com\/staging\/wp-json\/wp\/v2\/media\/21811"}],"wp:attachment":[{"href":"https:\/\/staging.asufin.com\/staging\/wp-json\/wp\/v2\/media?parent=21808"}],"wp:term":[{"taxonomy":"category","embeddable":true,"href":"https:\/\/staging.asufin.com\/staging\/wp-json\/wp\/v2\/categories?post=21808"},{"taxonomy":"post_tag","embeddable":true,"href":"https:\/\/staging.asufin.com\/staging\/wp-json\/wp\/v2\/tags?post=21808"}],"curies":[{"name":"wp","href":"https:\/\/api.w.org\/{rel}","templated":true}]}}