{"id":21962,"date":"2016-04-04T12:56:29","date_gmt":"2016-04-04T10:56:29","guid":{"rendered":"http:\/\/asufin.com\/?p=21962"},"modified":"2017-10-30T14:55:08","modified_gmt":"2017-10-30T14:55:08","slug":"finsalud-presento-su-proyecto-en-benalmadena","status":"publish","type":"post","link":"https:\/\/staging.asufin.com\/staging\/finsalud-presento-su-proyecto-en-benalmadena\/","title":{"rendered":"Finsalud present\u00f3 su proyecto en Benalm\u00e1dena"},"content":{"rendered":"<ul>\n<li>\n<h4>El s\u00e1bado 12 de marzo, FINSALUD present\u00f3 su proyecto en Benalmadena (M\u00e1laga)<\/h4>\n<\/li>\n<li>\n<h4>El acto fue presentado por Encarni Cort\u00e9s, <a href=\"https:\/\/twitter.com\/EncarniCortesG\" target=\"_blank\" rel=\"noopener\">@EncarniCortesG<\/a>, concejala de Benalm\u00e1dena<\/h4>\n<\/li>\n<\/ul>\n<p>El pasado 12 de marzo, FINSALUD present\u00f3 su proyecto en Benalm\u00e1dena. El acto fue presentado por Encarni Cort\u00e9s, conocida por su compromiso social y al mismo acudieron representantes diferentes colectivos de apoyo a los ciudadanos en tiempos de crisis como la PAH o la Oficina de Rescate Ciudadano.<\/p>\n<p>El proyecto lo present\u00f3 <a href=\"http:\/\/finsalud.com\/quienes-somos\/patronato\/patricia-suarez\/\" target=\"_blank\" rel=\"noopener\">Patricia Su\u00e1rez<\/a>, Patrona de la Fundaci\u00f3n <a href=\"http:\/\/finsalud.com\/\" target=\"_blank\" rel=\"noopener\">Finsalud<\/a> y presidenta de ASUFIN: <em>La salud de los afectados por fraudes financieros<\/em> quien destac\u00f3 el &#8220;<em>gran compromiso de la ciudad por ayudar a las personas que estaban pagando las consecuencias de la crisis&#8221; <\/em>y su<em> &#8220;esperanza en que los colectivos apoyaran el proyecto y ayudaran a recabar cuestionarios para la investigaci\u00f3n&#8221;<\/em>.<\/p>\n<p>Al evento asistieron, adem\u00e1s del p\u00fablico interesado en el Proyecto, <strong>Elena Gal\u00e1n Jurado<\/strong> (Concejala de Educaci\u00f3n y Cultura de Benalm\u00e1dena), <strong>Margarita Hidalgo<\/strong> (vicepresidenta de Asufin), <strong>Beatriz Olmedo Rodr\u00edguez<\/strong> (Concejala de Benalm\u00e1dena) y <strong>Maribel Santiago Otero<\/strong> (Oficina de Rescate Ciudadano).<\/p>\n<p>[toggle title=&#8221;PARTICIPA EN EL PROYECTO!&#8221; load=&#8221;show&#8221;]Si eres o has sido v\u00edctima de un fraude financiero puedes contribuir a este proyecto aportando tu testimonio! Escribe a <a href=\"mailto:p.suarez@finsalud.com\" target=\"_blank\">p.suarez@finsalud.com<\/a>.[\/toggle]<\/p>\n<div class=\"tiled-gallery type-rectangular tiled-gallery-unresized\" data-original-width=\"800\" data-carousel-extra='{&quot;blog_id&quot;:1,&quot;permalink&quot;:&quot;https:\\\/\\\/staging.asufin.com\\\/staging\\\/finsalud-presento-su-proyecto-en-benalmadena\\\/&quot;,&quot;likes_blog_id&quot;:209385604}' itemscope itemtype=\"http:\/\/schema.org\/ImageGallery\" > <div class=\"gallery-row\" style=\"width: 800px; height: 357px;\" data-original-width=\"800\" data-original-height=\"357\" > <div class=\"gallery-group images-1\" style=\"width: 534px; height: 357px;\" data-original-width=\"534\" data-original-height=\"357\" > <div class=\"tiled-gallery-item tiled-gallery-item-large\" itemprop=\"associatedMedia\" itemscope itemtype=\"http:\/\/schema.org\/ImageObject\"> <a href=\"https:\/\/staging.asufin.com\/staging\/160302_benalmadena_03\/\" border=\"0\" itemprop=\"url\"> <meta itemprop=\"width\" content=\"530\"> <meta itemprop=\"height\" content=\"353\"> <img loading=\"lazy\" decoding=\"async\" class=\"\" data-attachment-id=\"22009\" data-orig-file=\"https:\/\/staging.asufin.com\/staging\/wp-content\/uploads\/2016\/04\/160302_benalmadena_03.jpg\" data-orig-size=\"1440,960\" data-comments-opened=\"1\" data-image-meta=\"{&quot;aperture&quot;:&quot;0&quot;,&quot;credit&quot;:&quot;&quot;,&quot;camera&quot;:&quot;&quot;,&quot;caption&quot;:&quot;&quot;,&quot;created_timestamp&quot;:&quot;0&quot;,&quot;copyright&quot;:&quot;&quot;,&quot;focal_length&quot;:&quot;0&quot;,&quot;iso&quot;:&quot;0&quot;,&quot;shutter_speed&quot;:&quot;0&quot;,&quot;title&quot;:&quot;&quot;,&quot;orientation&quot;:&quot;0&quot;}\" data-image-title=\"160302_benalmadena_03\" data-image-description=\"\" data-medium-file=\"https:\/\/i0.wp.com\/staging.asufin.com\/staging\/wp-content\/uploads\/2016\/04\/160302_benalmadena_03.jpg?fit=300%2C200&#038;ssl=1\" data-large-file=\"https:\/\/i0.wp.com\/staging.asufin.com\/staging\/wp-content\/uploads\/2016\/04\/160302_benalmadena_03.jpg?fit=800%2C534&#038;ssl=1\" src=\"https:\/\/i0.wp.com\/staging.asufin.com\/staging\/wp-content\/uploads\/2016\/04\/160302_benalmadena_03.jpg?w=530&#038;h=353&#038;ssl=1\" srcset=\"https:\/\/i0.wp.com\/staging.asufin.com\/staging\/wp-content\/uploads\/2016\/04\/160302_benalmadena_03.jpg?w=1440&amp;ssl=1 1440w, https:\/\/i0.wp.com\/staging.asufin.com\/staging\/wp-content\/uploads\/2016\/04\/160302_benalmadena_03.jpg?resize=300%2C200&amp;ssl=1 300w, https:\/\/i0.wp.com\/staging.asufin.com\/staging\/wp-content\/uploads\/2016\/04\/160302_benalmadena_03.jpg?resize=768%2C512&amp;ssl=1 768w, https:\/\/i0.wp.com\/staging.asufin.com\/staging\/wp-content\/uploads\/2016\/04\/160302_benalmadena_03.jpg?resize=1024%2C683&amp;ssl=1 1024w, https:\/\/i0.wp.com\/staging.asufin.com\/staging\/wp-content\/uploads\/2016\/04\/160302_benalmadena_03.jpg?resize=600%2C400&amp;ssl=1 600w, https:\/\/i0.wp.com\/staging.asufin.com\/staging\/wp-content\/uploads\/2016\/04\/160302_benalmadena_03.jpg?resize=360%2C240&amp;ssl=1 360w, https:\/\/i0.wp.com\/staging.asufin.com\/staging\/wp-content\/uploads\/2016\/04\/160302_benalmadena_03.jpg?resize=1320%2C880&amp;ssl=1 1320w\" width=\"530\" height=\"353\" loading=\"lazy\" data-original-width=\"530\" data-original-height=\"353\" itemprop=\"http:\/\/schema.org\/image\" title=\"160302_benalmadena_03\" alt=\"Patricia Su\u00e1rez (Patrona de Finsalud)\" style=\"width: 530px; height: 353px;\" \/> <\/a> <div class=\"tiled-gallery-caption\" itemprop=\"caption description\"> Patricia Su\u00e1rez (Patrona de Finsalud) <\/div> <\/div> <\/div> <!-- close group --> <div class=\"gallery-group images-2\" style=\"width: 266px; height: 357px;\" data-original-width=\"266\" data-original-height=\"357\" > <div class=\"tiled-gallery-item tiled-gallery-item-large\" itemprop=\"associatedMedia\" itemscope itemtype=\"http:\/\/schema.org\/ImageObject\"> <a href=\"https:\/\/staging.asufin.com\/staging\/160302_benalmadena_01\/\" border=\"0\" itemprop=\"url\"> <meta itemprop=\"width\" content=\"262\"> <meta itemprop=\"height\" content=\"175\"> <img loading=\"lazy\" decoding=\"async\" class=\"\" data-attachment-id=\"22007\" data-orig-file=\"https:\/\/staging.asufin.com\/staging\/wp-content\/uploads\/2016\/04\/160302_benalmadena_01.jpg\" data-orig-size=\"1440,960\" data-comments-opened=\"1\" data-image-meta=\"{&quot;aperture&quot;:&quot;0&quot;,&quot;credit&quot;:&quot;&quot;,&quot;camera&quot;:&quot;&quot;,&quot;caption&quot;:&quot;&quot;,&quot;created_timestamp&quot;:&quot;0&quot;,&quot;copyright&quot;:&quot;&quot;,&quot;focal_length&quot;:&quot;0&quot;,&quot;iso&quot;:&quot;0&quot;,&quot;shutter_speed&quot;:&quot;0&quot;,&quot;title&quot;:&quot;&quot;,&quot;orientation&quot;:&quot;0&quot;}\" data-image-title=\"De izq. a derecha: Elena Gal\u00e1n Jurado (Concejala de Educaci\u00f3n y Cultura de Benalm\u00e1dena), Margarita Hidalgo (vicepresidenta de Asufin), Beatriz Olmedo Rodr\u00edguez (Concejala de Benalm\u00e1dena), Patricia Su\u00e1rez (Patrona de Finsalud), Encarni Cort\u00e9s (Concejala de Benalm\u00e1dena), Maribel Santiago Otero (Oficina de Rescate Ciudadano).\" data-image-description=\"&lt;p&gt;De izq. a derecha: Elena Gal\u00e1n Jurado (Concejala de Educaci\u00f3n y Cultura de Benalm\u00e1dena), Margarita Hidalgo (vicepresidenta de Asufin), Beatriz Olmedo Rodr\u00edguez (Concejala de Benalm\u00e1dena), Patricia Su\u00e1rez (Patrona de Finsalud), Encarni Cort\u00e9s (Concejala de Benalm\u00e1dena), Maribel Santiago Otero (Oficina de Rescate Ciudadano).&lt;\/p&gt; \" data-medium-file=\"https:\/\/i0.wp.com\/staging.asufin.com\/staging\/wp-content\/uploads\/2016\/04\/160302_benalmadena_01.jpg?fit=300%2C200&#038;ssl=1\" data-large-file=\"https:\/\/i0.wp.com\/staging.asufin.com\/staging\/wp-content\/uploads\/2016\/04\/160302_benalmadena_01.jpg?fit=800%2C534&#038;ssl=1\" src=\"https:\/\/i0.wp.com\/staging.asufin.com\/staging\/wp-content\/uploads\/2016\/04\/160302_benalmadena_01.jpg?w=262&#038;h=175&#038;ssl=1\" srcset=\"https:\/\/i0.wp.com\/staging.asufin.com\/staging\/wp-content\/uploads\/2016\/04\/160302_benalmadena_01.jpg?w=1440&amp;ssl=1 1440w, https:\/\/i0.wp.com\/staging.asufin.com\/staging\/wp-content\/uploads\/2016\/04\/160302_benalmadena_01.jpg?resize=300%2C200&amp;ssl=1 300w, https:\/\/i0.wp.com\/staging.asufin.com\/staging\/wp-content\/uploads\/2016\/04\/160302_benalmadena_01.jpg?resize=768%2C512&amp;ssl=1 768w, https:\/\/i0.wp.com\/staging.asufin.com\/staging\/wp-content\/uploads\/2016\/04\/160302_benalmadena_01.jpg?resize=1024%2C683&amp;ssl=1 1024w, https:\/\/i0.wp.com\/staging.asufin.com\/staging\/wp-content\/uploads\/2016\/04\/160302_benalmadena_01.jpg?resize=600%2C400&amp;ssl=1 600w, https:\/\/i0.wp.com\/staging.asufin.com\/staging\/wp-content\/uploads\/2016\/04\/160302_benalmadena_01.jpg?resize=360%2C240&amp;ssl=1 360w, https:\/\/i0.wp.com\/staging.asufin.com\/staging\/wp-content\/uploads\/2016\/04\/160302_benalmadena_01.jpg?resize=1320%2C880&amp;ssl=1 1320w\" width=\"262\" height=\"175\" loading=\"lazy\" data-original-width=\"262\" data-original-height=\"175\" itemprop=\"http:\/\/schema.org\/image\" title=\"De izq. a derecha: Elena Gal\u00e1n Jurado (Concejala de Educaci\u00f3n y Cultura de Benalm\u00e1dena), Margarita Hidalgo (vicepresidenta de Asufin), Beatriz Olmedo Rodr\u00edguez (Concejala de Benalm\u00e1dena), Patricia Su\u00e1rez (Patrona de Finsalud), Encarni Cort\u00e9s (Concejala de Benalm\u00e1dena), Maribel Santiago Otero (Oficina de Rescate Ciudadano).\" alt=\"De izq. a derecha: Elena Gal\u00e1n Jurado (Concejala de Educaci\u00f3n y Cultura de Benalm\u00e1dena), Margarita Hidalgo (vicepresidenta de Asufin), Beatriz Olmedo Rodr\u00edguez (Concejala de Benalm\u00e1dena), Patricia Su\u00e1rez (Patrona de Finsalud), Encarni Cort\u00e9s (Concejala de Benalm\u00e1dena), Maribel Santiago Otero (Oficina de Rescate Ciudadano).\" style=\"width: 262px; height: 175px;\" \/> <\/a> <div class=\"tiled-gallery-caption\" itemprop=\"caption description\"> De izq. a derecha: Elena Gal\u00e1n Jurado (Concejala de Educaci\u00f3n y Cultura de Benalm\u00e1dena), Margarita Hidalgo (vicepresidenta de Asufin), Beatriz Olmedo Rodr\u00edguez (Concejala de Benalm\u00e1dena), Patricia Su\u00e1rez (Patrona de Finsalud), Encarni Cort\u00e9s (Concejala de Benalm\u00e1dena), Maribel Santiago Otero (Oficina de Rescate Ciudadano). <\/div> <\/div> <div class=\"tiled-gallery-item tiled-gallery-item-large\" itemprop=\"associatedMedia\" itemscope itemtype=\"http:\/\/schema.org\/ImageObject\"> <a href=\"https:\/\/staging.asufin.com\/staging\/160302_benalmadena_02\/\" border=\"0\" itemprop=\"url\"> <meta itemprop=\"width\" content=\"262\"> <meta itemprop=\"height\" content=\"174\"> <img loading=\"lazy\" decoding=\"async\" class=\"\" data-attachment-id=\"22008\" data-orig-file=\"https:\/\/staging.asufin.com\/staging\/wp-content\/uploads\/2016\/04\/160302_benalmadena_02.jpg\" data-orig-size=\"1440,960\" data-comments-opened=\"1\" data-image-meta=\"{&quot;aperture&quot;:&quot;0&quot;,&quot;credit&quot;:&quot;&quot;,&quot;camera&quot;:&quot;&quot;,&quot;caption&quot;:&quot;&quot;,&quot;created_timestamp&quot;:&quot;0&quot;,&quot;copyright&quot;:&quot;&quot;,&quot;focal_length&quot;:&quot;0&quot;,&quot;iso&quot;:&quot;0&quot;,&quot;shutter_speed&quot;:&quot;0&quot;,&quot;title&quot;:&quot;&quot;,&quot;orientation&quot;:&quot;0&quot;}\" data-image-title=\"160302_benalmadena_02\" data-image-description=\"\" data-medium-file=\"https:\/\/i0.wp.com\/staging.asufin.com\/staging\/wp-content\/uploads\/2016\/04\/160302_benalmadena_02.jpg?fit=300%2C200&#038;ssl=1\" data-large-file=\"https:\/\/i0.wp.com\/staging.asufin.com\/staging\/wp-content\/uploads\/2016\/04\/160302_benalmadena_02.jpg?fit=800%2C534&#038;ssl=1\" src=\"https:\/\/i0.wp.com\/staging.asufin.com\/staging\/wp-content\/uploads\/2016\/04\/160302_benalmadena_02.jpg?w=262&#038;h=174&#038;ssl=1\" srcset=\"https:\/\/i0.wp.com\/staging.asufin.com\/staging\/wp-content\/uploads\/2016\/04\/160302_benalmadena_02.jpg?w=1440&amp;ssl=1 1440w, https:\/\/i0.wp.com\/staging.asufin.com\/staging\/wp-content\/uploads\/2016\/04\/160302_benalmadena_02.jpg?resize=300%2C200&amp;ssl=1 300w, https:\/\/i0.wp.com\/staging.asufin.com\/staging\/wp-content\/uploads\/2016\/04\/160302_benalmadena_02.jpg?resize=768%2C512&amp;ssl=1 768w, https:\/\/i0.wp.com\/staging.asufin.com\/staging\/wp-content\/uploads\/2016\/04\/160302_benalmadena_02.jpg?resize=1024%2C683&amp;ssl=1 1024w, https:\/\/i0.wp.com\/staging.asufin.com\/staging\/wp-content\/uploads\/2016\/04\/160302_benalmadena_02.jpg?resize=600%2C400&amp;ssl=1 600w, https:\/\/i0.wp.com\/staging.asufin.com\/staging\/wp-content\/uploads\/2016\/04\/160302_benalmadena_02.jpg?resize=100%2C65&amp;ssl=1 100w, https:\/\/i0.wp.com\/staging.asufin.com\/staging\/wp-content\/uploads\/2016\/04\/160302_benalmadena_02.jpg?resize=360%2C240&amp;ssl=1 360w, https:\/\/i0.wp.com\/staging.asufin.com\/staging\/wp-content\/uploads\/2016\/04\/160302_benalmadena_02.jpg?resize=759%2C500&amp;ssl=1 759w, https:\/\/i0.wp.com\/staging.asufin.com\/staging\/wp-content\/uploads\/2016\/04\/160302_benalmadena_02.jpg?resize=1320%2C880&amp;ssl=1 1320w\" width=\"262\" height=\"174\" loading=\"lazy\" data-original-width=\"262\" data-original-height=\"174\" itemprop=\"http:\/\/schema.org\/image\" title=\"160302_benalmadena_02\" alt=\"Patricia Su\u00e1rez (Patrona de Finsalud) presenta el proyecto.\" style=\"width: 262px; height: 174px;\" \/> <\/a> <div class=\"tiled-gallery-caption\" itemprop=\"caption description\"> Patricia Su\u00e1rez (Patrona de Finsalud) presenta el proyecto. <\/div> <\/div> <\/div> <!-- close group --> <\/div> <!-- close row --> <div class=\"gallery-row\" style=\"width: 800px; height: 574px;\" data-original-width=\"800\" data-original-height=\"574\" > <div class=\"gallery-group images-1\" style=\"width: 800px; height: 574px;\" data-original-width=\"800\" data-original-height=\"574\" > <div class=\"tiled-gallery-item tiled-gallery-item-large\" itemprop=\"associatedMedia\" itemscope itemtype=\"http:\/\/schema.org\/ImageObject\"> <a href=\"https:\/\/staging.asufin.com\/staging\/160302_benalmadena_04\/\" border=\"0\" itemprop=\"url\"> <meta itemprop=\"width\" content=\"796\"> <meta itemprop=\"height\" content=\"570\"> <img loading=\"lazy\" decoding=\"async\" class=\"\" data-attachment-id=\"22010\" data-orig-file=\"https:\/\/staging.asufin.com\/staging\/wp-content\/uploads\/2016\/04\/160302_benalmadena_04.jpg\" data-orig-size=\"1183,847\" data-comments-opened=\"1\" data-image-meta=\"{&quot;aperture&quot;:&quot;0&quot;,&quot;credit&quot;:&quot;&quot;,&quot;camera&quot;:&quot;&quot;,&quot;caption&quot;:&quot;&quot;,&quot;created_timestamp&quot;:&quot;0&quot;,&quot;copyright&quot;:&quot;&quot;,&quot;focal_length&quot;:&quot;0&quot;,&quot;iso&quot;:&quot;0&quot;,&quot;shutter_speed&quot;:&quot;0&quot;,&quot;title&quot;:&quot;&quot;,&quot;orientation&quot;:&quot;0&quot;}\" data-image-title=\"160302_benalmadena_04\" data-image-description=\"\" data-medium-file=\"https:\/\/i0.wp.com\/staging.asufin.com\/staging\/wp-content\/uploads\/2016\/04\/160302_benalmadena_04.jpg?fit=300%2C215&#038;ssl=1\" data-large-file=\"https:\/\/i0.wp.com\/staging.asufin.com\/staging\/wp-content\/uploads\/2016\/04\/160302_benalmadena_04.jpg?fit=800%2C573&#038;ssl=1\" src=\"https:\/\/i0.wp.com\/staging.asufin.com\/staging\/wp-content\/uploads\/2016\/04\/160302_benalmadena_04.jpg?w=796&#038;h=570&#038;ssl=1\" srcset=\"https:\/\/i0.wp.com\/staging.asufin.com\/staging\/wp-content\/uploads\/2016\/04\/160302_benalmadena_04.jpg?w=1183&amp;ssl=1 1183w, https:\/\/i0.wp.com\/staging.asufin.com\/staging\/wp-content\/uploads\/2016\/04\/160302_benalmadena_04.jpg?resize=300%2C215&amp;ssl=1 300w, https:\/\/i0.wp.com\/staging.asufin.com\/staging\/wp-content\/uploads\/2016\/04\/160302_benalmadena_04.jpg?resize=768%2C550&amp;ssl=1 768w, https:\/\/i0.wp.com\/staging.asufin.com\/staging\/wp-content\/uploads\/2016\/04\/160302_benalmadena_04.jpg?resize=1024%2C733&amp;ssl=1 1024w, https:\/\/i0.wp.com\/staging.asufin.com\/staging\/wp-content\/uploads\/2016\/04\/160302_benalmadena_04.jpg?resize=600%2C430&amp;ssl=1 600w\" width=\"796\" height=\"570\" loading=\"lazy\" data-original-width=\"796\" data-original-height=\"570\" itemprop=\"http:\/\/schema.org\/image\" title=\"160302_benalmadena_04\" alt=\"Patricia Su\u00e1rez (Patrona de Finsalud) explica el proyecto a los concejales de Benalm\u00e1dena\" style=\"width: 796px; height: 570px;\" \/> <\/a> <div class=\"tiled-gallery-caption\" itemprop=\"caption description\"> Patricia Su\u00e1rez (Patrona de Finsalud) explica el proyecto a los concejales de Benalm\u00e1dena <\/div> <\/div> <\/div> <!-- close group --> <\/div> <!-- close row --> <\/div>\n<p>&nbsp;<\/p>\n<p>&nbsp;<\/p>\n","protected":false},"excerpt":{"rendered":"<p>El s\u00e1bado 12 de marzo, FINSALUD present\u00f3 su proyecto en Benalmadena (M\u00e1laga) El acto fue presentado por Encarni Cort\u00e9s, @EncarniCortesG, concejala de Benalm\u00e1dena El pasado 12 de marzo, FINSALUD present\u00f3 su proyecto en Benalm\u00e1dena. El acto fue presentado por Encarni Cort\u00e9s, conocida por su compromiso social y al mismo acudieron representantes diferentes colectivos de apoyo [&hellip;]<\/p>\n","protected":false},"author":2,"featured_media":22008,"comment_status":"open","ping_status":"closed","sticky":false,"template":"page-asufin-noticia.php","format":"standard","meta":{"_acf_changed":false,"_jetpack_newsletter_access":"","_jetpack_dont_email_post_to_subs":false,"_jetpack_newsletter_tier_id":0,"_jetpack_memberships_contains_paywalled_content":false,"_jetpack_memberships_contains_paid_content":false,"footnotes":""},"categories":[2251],"tags":[2494,2495,2329,53,1471,2496,33],"class_list":["post-21962","post","type-post","status-publish","format-standard","has-post-thumbnail","hentry","category-finsalud","tag-beatriz-olmedo-rodriguez","tag-elena-galan-jurado","tag-encarni-cortes","tag-finsalud","tag-margarita-hidalgo","tag-maribel-santiago-otero","tag-patricia-suarez"],"acf":[],"jetpack_featured_media_url":"https:\/\/i0.wp.com\/staging.asufin.com\/staging\/wp-content\/uploads\/2016\/04\/160302_benalmadena_02.jpg?fit=1440%2C960&ssl=1","jetpack_shortlink":"https:\/\/wp.me\/peayLa-5Ie","jetpack_likes_enabled":false,"jetpack_sharing_enabled":true,"_links":{"self":[{"href":"https:\/\/staging.asufin.com\/staging\/wp-json\/wp\/v2\/posts\/21962","targetHints":{"allow":["GET"]}}],"collection":[{"href":"https:\/\/staging.asufin.com\/staging\/wp-json\/wp\/v2\/posts"}],"about":[{"href":"https:\/\/staging.asufin.com\/staging\/wp-json\/wp\/v2\/types\/post"}],"author":[{"embeddable":true,"href":"https:\/\/staging.asufin.com\/staging\/wp-json\/wp\/v2\/users\/2"}],"replies":[{"embeddable":true,"href":"https:\/\/staging.asufin.com\/staging\/wp-json\/wp\/v2\/comments?post=21962"}],"version-history":[{"count":0,"href":"https:\/\/staging.asufin.com\/staging\/wp-json\/wp\/v2\/posts\/21962\/revisions"}],"wp:featuredmedia":[{"embeddable":true,"href":"https:\/\/staging.asufin.com\/staging\/wp-json\/wp\/v2\/media\/22008"}],"wp:attachment":[{"href":"https:\/\/staging.asufin.com\/staging\/wp-json\/wp\/v2\/media?parent=21962"}],"wp:term":[{"taxonomy":"category","embeddable":true,"href":"https:\/\/staging.asufin.com\/staging\/wp-json\/wp\/v2\/categories?post=21962"},{"taxonomy":"post_tag","embeddable":true,"href":"https:\/\/staging.asufin.com\/staging\/wp-json\/wp\/v2\/tags?post=21962"}],"curies":[{"name":"wp","href":"https:\/\/api.w.org\/{rel}","templated":true}]}}