{"id":22200,"date":"2009-11-03T08:00:45","date_gmt":"2009-11-03T06:00:45","guid":{"rendered":"http:\/\/asufin.com\/?p=22200"},"modified":"2017-11-07T10:17:40","modified_gmt":"2017-11-07T09:17:40","slug":"senado-03-11-2009","status":"publish","type":"post","link":"https:\/\/staging.asufin.com\/staging\/senado-03-11-2009\/","title":{"rendered":"Senado &#8211; 03.11.2009"},"content":{"rendered":"<p>Sesi\u00f3n del Senado del 3.11.2009 donde D. Jordi Guillot Miravet, del grupo parlamentario Entesa Catalana de Progr\u00e9s, pregunta sobre la opini\u00f3n del Gobierno acerca de los llamados clips hipotecarios. Publicada en el Bolet\u00edn Oficial de las Cortes Generales, Senado, Serie I, n\u00famero 347, de fecha 02.11.2009.<\/p>\n<p><span class=\"embed-youtube\" style=\"text-align:center; display: block;\"><iframe class=\"youtube-player\" width=\"800\" height=\"450\" src=\"https:\/\/www.youtube.com\/embed\/hSY4Mqggo-Y?version=3&#038;rel=1&#038;showsearch=0&#038;showinfo=1&#038;iv_load_policy=1&#038;fs=1&#038;hl=es-ES&#038;autohide=2&#038;wmode=transparent\" allowfullscreen=\"true\" style=\"border:0;\" sandbox=\"allow-scripts allow-same-origin allow-popups allow-presentation allow-popups-to-escape-sandbox\"><\/iframe><\/span><\/p>\n<p>&nbsp;<\/p>\n","protected":false},"excerpt":{"rendered":"<p>Sesi\u00f3n del Senado del 3.11.2009 donde D. Jordi Guillot Miravet, del grupo parlamentario Entesa Catalana de Progr\u00e9s, pregunta sobre la opini\u00f3n del Gobierno acerca de los llamados clips hipotecarios. Publicada en el Bolet\u00edn Oficial de las Cortes Generales, Senado, Serie I, n\u00famero 347, de fecha 02.11.2009. &nbsp;<\/p>\n","protected":false},"author":2,"featured_media":27777,"comment_status":"open","ping_status":"closed","sticky":false,"template":"page-asufin-noticia.php","format":"standard","meta":{"_acf_changed":false,"_jetpack_newsletter_access":"","_jetpack_dont_email_post_to_subs":true,"_jetpack_newsletter_tier_id":0,"_jetpack_memberships_contains_paywalled_content":false,"_jetpack_memberships_contains_paid_content":false,"footnotes":""},"categories":[19,25],"tags":[65,89,90,91,92],"class_list":["post-22200","post","type-post","status-publish","format-standard","has-post-thumbnail","hentry","category-asufin-en-los-medios","category-swaps","tag-clips","tag-jordi-guillot-miravet","tag-ministra-economia","tag-salgado","tag-senado"],"acf":[],"jetpack_featured_media_url":"https:\/\/i0.wp.com\/staging.asufin.com\/staging\/wp-content\/uploads\/2009\/11\/senado_espana-2.jpg?fit=1100%2C618&ssl=1","jetpack_shortlink":"https:\/\/wp.me\/peayLa-5M4","jetpack_likes_enabled":false,"jetpack_sharing_enabled":true,"_links":{"self":[{"href":"https:\/\/staging.asufin.com\/staging\/wp-json\/wp\/v2\/posts\/22200","targetHints":{"allow":["GET"]}}],"collection":[{"href":"https:\/\/staging.asufin.com\/staging\/wp-json\/wp\/v2\/posts"}],"about":[{"href":"https:\/\/staging.asufin.com\/staging\/wp-json\/wp\/v2\/types\/post"}],"author":[{"embeddable":true,"href":"https:\/\/staging.asufin.com\/staging\/wp-json\/wp\/v2\/users\/2"}],"replies":[{"embeddable":true,"href":"https:\/\/staging.asufin.com\/staging\/wp-json\/wp\/v2\/comments?post=22200"}],"version-history":[{"count":0,"href":"https:\/\/staging.asufin.com\/staging\/wp-json\/wp\/v2\/posts\/22200\/revisions"}],"wp:featuredmedia":[{"embeddable":true,"href":"https:\/\/staging.asufin.com\/staging\/wp-json\/wp\/v2\/media\/27777"}],"wp:attachment":[{"href":"https:\/\/staging.asufin.com\/staging\/wp-json\/wp\/v2\/media?parent=22200"}],"wp:term":[{"taxonomy":"category","embeddable":true,"href":"https:\/\/staging.asufin.com\/staging\/wp-json\/wp\/v2\/categories?post=22200"},{"taxonomy":"post_tag","embeddable":true,"href":"https:\/\/staging.asufin.com\/staging\/wp-json\/wp\/v2\/tags?post=22200"}],"curies":[{"name":"wp","href":"https:\/\/api.w.org\/{rel}","templated":true}]}}