{"id":22393,"date":"2016-06-29T14:00:16","date_gmt":"2016-06-29T12:00:16","guid":{"rendered":"http:\/\/asufin.com\/?p=22393"},"modified":"2017-10-30T10:42:18","modified_gmt":"2017-10-30T10:42:18","slug":"lucha-gigantes-historia-2-activistas-italianas","status":"publish","type":"post","link":"https:\/\/staging.asufin.com\/staging\/lucha-gigantes-historia-2-activistas-italianas\/","title":{"rendered":"Lucha de Gigantes: Historia de 2 activistas italianas"},"content":{"rendered":"<h5>[column size=one_half position=first ]\u00bb Sheila Meneghetti (30 a\u00f1os) y Franca Berno (53 a\u00f1os) lideran la defensa de afectados por hipoteca en Francos Suizos en Italia[\/column]<\/h5>\n<h5>[column size=one_half position=last ]\u00bb Barclays les coloc\u00f3 esta hipoteca t\u00f3xica, crearon un grupo en Facebook y la asociaci\u00f3n TUCONFIN, para defender a todos los afectados[\/column]<\/h5>\n<p>Sheila Meneghetti (30 a\u00f1os) y Franca Berno (53 a\u00f1os) aterrizan en Madrid desde Italia. Desprenden tanta energ\u00eda que se puede incluso confundir con nervios. Son conscientes de que por fin van a recibir la atenci\u00f3n que merecen. Aparecen cargadas de carpetas llenas de documentos relacionados con su caso. Fuera de su pa\u00eds natal, hay alguien que sabe que su historia, su lucha y su causa necesita tener el foco de atenci\u00f3n puesto sobre el.<\/p>\n<p>Llegan a ASUFIN donde les espera Patricia Su\u00e1rez y su equipo. Esa tarde tendr\u00e1 lugar un <a href=\"https:\/\/asufin.com\/2016\/03\/hipotecas-multidivisa-en-italia-y-polonia\/\" target=\"_blank\" rel=\"noopener\">seminario<\/a> donde ellas y activistas Polacos ser\u00e1n los protagonistas. Este es el primer paso de un viaje largo que se va a emprender. Desde el kilometro 0 de Espa\u00f1a, se ha fijado un claro destino: Europa.<\/p>\n<p>En Italia las familias menos pudientes no pod\u00edan acceder a una hipoteca. Los bancos nacionales rechazaban aquellos que ten\u00edan perfiles econ\u00f3micos poco solventes como padres\/madres solteros, familias con un \u00fanico sueldo, militares o aquellas que conjuntamente les costaba mucho llegar al m\u00ednimo. Sheila y Franca encajaban en este perfil. Sheila y su pareja (tienen dos ni\u00f1os menores), incluso aunando sueldos les cuesta llegar al m\u00ednimo exigido as\u00ed como Franca es madre soltera con dos hijos. Consciente de la existencia de este sector &#8216;vulnerable&#8217;, Barclays lleg\u00f3 ofreciendo aquello que les hab\u00eda sido rechazado.<\/p>\n<p>Entre el 2007 &#8211; 2008 ambas Italianas, que por aquel entonces no se conoc\u00edan, acudieron a Barclays. Esta entidad bancaria las coloc\u00f3 una hipoteca multidivisa, conocida en el resto de Europa como <a href=\"http:\/\/www.fxloans.org\" target=\"_blank\" rel=\"noopener\">FX LOANS<\/a>. Las prestaciones as\u00ed como ventajas de la hipoteca aparentemente eran extraordinarias. Se lo pod\u00edan permitir, sin estar ahogadas, as\u00ed como recibir\u00edan incluso beneficios. Pero como todos sabemos a d\u00eda de hoy, las hipotecas multidivisa supon\u00edan de todo menos ventajas. Las dos madres trabajadoras se vieron altamente endeudadas con el Banco.<\/p>\n<figure id=\"attachment_22299\" aria-describedby=\"caption-attachment-22299\" style=\"width: 957px\" class=\"wp-caption alignleft\"><a href=\"https:\/\/i0.wp.com\/asufin.com\/wp-content\/uploads\/2016\/04\/212.jpg?ssl=1\" target=\"_blank\" rel=\"noopener\"><img data-recalc-dims=\"1\" fetchpriority=\"high\" decoding=\"async\" data-attachment-id=\"22299\" data-permalink=\"https:\/\/staging.asufin.com\/staging\/212\/\" data-orig-file=\"https:\/\/i0.wp.com\/staging.asufin.com\/staging\/wp-content\/uploads\/2016\/04\/212.jpg?fit=957%2C718&amp;ssl=1\" data-orig-size=\"957,718\" data-comments-opened=\"1\" data-image-meta=\"{&quot;aperture&quot;:&quot;0&quot;,&quot;credit&quot;:&quot;&quot;,&quot;camera&quot;:&quot;&quot;,&quot;caption&quot;:&quot;&quot;,&quot;created_timestamp&quot;:&quot;0&quot;,&quot;copyright&quot;:&quot;&quot;,&quot;focal_length&quot;:&quot;0&quot;,&quot;iso&quot;:&quot;0&quot;,&quot;shutter_speed&quot;:&quot;0&quot;,&quot;title&quot;:&quot;&quot;,&quot;orientation&quot;:&quot;0&quot;}\" data-image-title=\"Patricia Su\u00e1rez y Shelia Meneghuetti explicando la diferencia entre el producto italiano y el espa\u00f1ol\" data-image-description=\"&lt;p&gt;Los activistas europeos explicando las hipotecas multidivisas&lt;\/p&gt;\n\" data-image-caption=\"&lt;p&gt;Los activistas europeos explicando las hipotecas multidivisas&lt;\/p&gt;\n\" data-large-file=\"https:\/\/i0.wp.com\/staging.asufin.com\/staging\/wp-content\/uploads\/2016\/04\/212.jpg?fit=800%2C600&amp;ssl=1\" class=\"size-full wp-image-22299\" src=\"https:\/\/i0.wp.com\/asufin.com\/wp-content\/uploads\/2016\/04\/212.jpg?resize=800%2C600&#038;ssl=1\" alt=\"Los activistas europeos explicando las hipotecas multidivisas\" width=\"800\" height=\"600\" title=\"\" srcset=\"https:\/\/i0.wp.com\/staging.asufin.com\/staging\/wp-content\/uploads\/2016\/04\/212.jpg?w=957&amp;ssl=1 957w, https:\/\/i0.wp.com\/staging.asufin.com\/staging\/wp-content\/uploads\/2016\/04\/212.jpg?resize=300%2C225&amp;ssl=1 300w, https:\/\/i0.wp.com\/staging.asufin.com\/staging\/wp-content\/uploads\/2016\/04\/212.jpg?resize=768%2C576&amp;ssl=1 768w, https:\/\/i0.wp.com\/staging.asufin.com\/staging\/wp-content\/uploads\/2016\/04\/212.jpg?resize=600%2C450&amp;ssl=1 600w\" sizes=\"(max-width: 800px) 100vw, 800px\" \/><\/a><figcaption id=\"caption-attachment-22299\" class=\"wp-caption-text\">Los activistas europeos explicando las hipotecas multidivisas<\/figcaption><\/figure>\n<p>Sheila se dio cuenta del problema cuando fue a subrogar, y de repente se ha visto endeuda brutalmente por haber pagado en francos. Ten\u00eda un pr\u00e9stamo de 170.000\u0080 en 2007 con un saldo vivi\u00f3 de poco m\u00e1s de 143.00\u0080. A d\u00eda de hoy, si quisiera extinguirlo de forma anticipada, deber\u00eda pagar 207.000\u0080. Una diferencia, que como se puede apreciar, es totalmente insostenible. Por otro lado,\u00a0Franca ten\u00eda un pr\u00e9stamos de 80.000\u0080 en el 2007 que fue cancelado en el 2011 con un saldo vivo de 73.000\u0080, obligando a devolver 103.000\u0080 a Barclays. Esta informaci\u00f3n la fue facilitada por correo electr\u00f3nico 48 horas antes de la formalizaci\u00f3n de la venta.<\/p>\n<p><a href=\"https:\/\/i0.wp.com\/asufin.com\/wp-content\/uploads\/2016\/06\/asufin_sheila_meneghetti_franca_berno_patricia_suarez.jpg?ssl=1\" target=\"_blank\" rel=\"noopener\"><img data-recalc-dims=\"1\" decoding=\"async\" data-attachment-id=\"23806\" data-permalink=\"https:\/\/staging.asufin.com\/staging\/asufin_sheila_meneghetti_franca_berno_patricia_suarez\/\" data-orig-file=\"https:\/\/i0.wp.com\/staging.asufin.com\/staging\/wp-content\/uploads\/2016\/06\/asufin_sheila_meneghetti_franca_berno_patricia_suarez.jpg?fit=589%2C424&amp;ssl=1\" data-orig-size=\"589,424\" data-comments-opened=\"1\" data-image-meta=\"{&quot;aperture&quot;:&quot;0&quot;,&quot;credit&quot;:&quot;&quot;,&quot;camera&quot;:&quot;&quot;,&quot;caption&quot;:&quot;&quot;,&quot;created_timestamp&quot;:&quot;0&quot;,&quot;copyright&quot;:&quot;&quot;,&quot;focal_length&quot;:&quot;0&quot;,&quot;iso&quot;:&quot;0&quot;,&quot;shutter_speed&quot;:&quot;0&quot;,&quot;title&quot;:&quot;&quot;,&quot;orientation&quot;:&quot;0&quot;}\" data-image-title=\"Activistas. Franca Berno. Sheila Meneghetti. Patricia Su\u00e1rez.\" data-image-description=\"\" data-image-caption=\"\" data-large-file=\"https:\/\/i0.wp.com\/staging.asufin.com\/staging\/wp-content\/uploads\/2016\/06\/asufin_sheila_meneghetti_franca_berno_patricia_suarez.jpg?fit=589%2C424&amp;ssl=1\" class=\"wp-image-23806 size-full alignright\" src=\"https:\/\/i0.wp.com\/asufin.com\/wp-content\/uploads\/2016\/06\/asufin_sheila_meneghetti_franca_berno_patricia_suarez.jpg?resize=589%2C424&#038;ssl=1\" alt=\"Activistas. Franca Berno. Sheila Meneghetti. Patricia Su\u00e1rez.\" width=\"589\" height=\"424\" title=\"\" srcset=\"https:\/\/i0.wp.com\/staging.asufin.com\/staging\/wp-content\/uploads\/2016\/06\/asufin_sheila_meneghetti_franca_berno_patricia_suarez.jpg?w=589&amp;ssl=1 589w, https:\/\/i0.wp.com\/staging.asufin.com\/staging\/wp-content\/uploads\/2016\/06\/asufin_sheila_meneghetti_franca_berno_patricia_suarez.jpg?resize=300%2C216&amp;ssl=1 300w\" sizes=\"(max-width: 589px) 100vw, 589px\" \/><\/a><br \/>\nAmbas acudieron a Internet a contar su historia y ah\u00ed se conocieron. Este encuentro las ha empujado a buscar a m\u00e1s afectados y aunar sus fuerzas para enfrentarse a Barclays frente a los tribunales. Empezando siendo 2 y ya son m\u00e1s de 400. A trav\u00e9s de una entrevista, esperamos poder dar a conocer mejor la historia y visita de Sheila Meneghetti y Franca Berno:<\/p>\n<p>&#8211;<strong>\u00bfQue sucedi\u00f3 cuando os dist\u00e9is cuenta de la toxicidad del producto?<\/strong> Acudimos a Internet y nos encontramos. Amabas est\u00e1bamos ah\u00ed buscando a alguien que estuviese pasando el mismo infierno.<\/p>\n<p>&#8211;<strong>\u00bfFue un alivio saber que no estabais solas? \u00bfC\u00f3mo utilizasteis este encuentro?<\/strong> Por supuesto que s\u00ed. Solo la uni\u00f3n logra la fuerza. Sab\u00edamos que ten\u00eda que haber muchos m\u00e1s afectados y montamos una p\u00e1gina en Facebook: <a href=\"https:\/\/www.facebook.com\/groups\/1537694869834679\/?fref=ts\" target=\"_blank\" rel=\"noopener\">Mutui in \u0080 indicizzati al CHF\u0085 Come funzionano realmente?<\/a> Empezamos siendo 2 y ya somos casi 600 personas, aunque se calcula que hay m\u00e1s de 5.000 afectados por hipotecas multidivisa.<\/p>\n<p><strong>\u00bfQue hab\u00e9is logrado con esta p\u00e1gina?<\/strong> Hemos logrado sacar adelante una causa com\u00fan en el 2013 con 68 personas, incluy\u00e9ndonos a nosotras. Era en nuestra p\u00e1gina donde se explicaba todo y se logr\u00f3 unir a todos. La segunda causa com\u00fan cuenta con 2 personas as\u00ed como la tercera con 25. Ya hemos presentado tres causas comunes y la cuarta que se est\u00e1 preparando y por ahora ya son 10 personas. Una causa com\u00fan es que &#8220;X&#8221; personas tienen un solo abogado que tienen todos el mismo problema: Hipotecas indexadas al franco suizo.<\/p>\n<p><strong>-\u00bfAparte de en vuestra p\u00e1gina, no ten\u00e9is otro medio o plataforma que ayuda a difundir dicha informaci\u00f3n?<\/strong> Hasta los medios de comunicaci\u00f3n tienen un endeudamiento con los bancos. Esto produce que haya una censura informativa frente a este tema muy descarada. No tenemos apoyo por parte de los medios y esto nos dificulta mucho darnos a conocer.<\/p>\n<p><strong>-\u00bfCreen que es posible lograr vuestro objetivo sin un respalda medi\u00e1tico?<\/strong> Nos parece pr\u00e1cticamente imposible pero encontraremos nuestras soluciones. La mejor forma de hacer publicidad es la informaci\u00f3n, y lograremos difundir todo esto. Esta entrevista, por ejemplo, es un gran paso para nosotras..<\/p>\n<p><strong>-\u00bfQu\u00e9 m\u00e1s cre\u00e9is que est\u00e1 fallando?<\/strong> No puede haber repercusi\u00f3n porque no hay cultura de demanda en Italia. A su vez hay un desconocimiento absoluto de lo que esta pasando y los productos que tienen.<\/p>\n<p><strong>-\u00bfPod\u00e9is profundizar en la falta de cultura de demanda en Italia?<\/strong> Faltan activistas as\u00ed como afectados que luchen. No hay que esperar a que otros te lo resuelvan, tienes que ir y resolverlo tu. Tienes que apoyarte en quien esta afectado y arreglarlo juntos.<\/p>\n<p><strong>-\u00bfSolo juntos es posible?<\/strong> Agrupados. Muchas voces unidas es imposible que no sean escuchadas. Una sola voz se pierde, muchas hacen ruido. Es importante dejar de arreglar el problema tan solo a nivel nacional. Hay que unirse todas las asociaciones, y arreglar el problema de forma conjunta, de forma europea. Es un problema europeo, de todos los pa\u00edses que est\u00e1n afectados. Si se crea una sinerg\u00eda de asociaciones de consumidores, con la fuerza de todos encontraremos una soluci\u00f3n \u00fatil para todos.<\/p>\n<p><strong>-\u00bfQu\u00e9 consejo dar\u00edais como personas que han pasado de afectadas a activistas?<\/strong> No os culp\u00e9is de nada. Esto no os pasa a ti y a tu familia por tu culpa. Es al 100% culpa del Banco y sus productos.<\/p>\n<p><strong>Hablando de activismo\u0085 \u00bfC\u00f3mo conoc\u00e9is ASUFIN?<\/strong> Por Mar\u00eda, que es una espa\u00f1ola casada con un italiano y est\u00e1 en el grupo de FB. Pedimos que aquellos que tuvieran doble nacionalidad o v\u00ednculos con otro pa\u00eds, se informasen de lo que acontec\u00eda ah\u00ed. Nos organizamos porque tenemos claro que necesitamos luchas de forma conjunta.<\/p>\n<p><strong>-\u00bfQu\u00e9 resultado esper\u00e1is tras haber impartido el seminario?<\/strong> Hacer saber a todo el mundo que existe este problema. Hemos de resolver e instruir a las personas.<\/p>\n<p><strong>-\u00bfConsider\u00e1is que la instrucci\u00f3n es la columna vertebral del activismo, o al menos aquello que lo hace m\u00e1s posible?<\/strong> Los jueces en Italia no entienden este producto, ni siquiera es considerado un derivado financiero como lo puede ser en Espa\u00f1a. Queremos ense\u00f1ar vuestros casos, ya que los jueces se suelen apoyar mucho entre ellos. Si uno lo entiende como un producto altamente complejo, da cabida a que el resto lo haga. El formato Italiano de hecho es aun mas enrevesado que el espa\u00f1ol. Es altamente complejo, casi absolutamente ininteligible.<\/p>\n<p><strong>\u00bfEn que momento judicial os encontr\u00e1is?<\/strong> Casi al final ya que empezamos ambas en el 2013. Nosotras formamos parte de la primera colectiva antes mencionada y se supone que esta va acabar en diciembre del 2017.<br \/>\nTenemos la esperanza de que vamos a ganar.<\/p>\n<p><strong>-\u00bfCu\u00e1ndo den el resultado que vais hacer?<\/strong> En cualquier caso ganemos o no, aqu\u00ed no se acaba. Iremos a Estrasburgo o a donde sea. Ellos no tienen la raz\u00f3n.<\/p>\n<p><strong>-\u00bfCu\u00e1l ser\u00eda vuestro llamamiento?<\/strong> No os avergonc\u00e9is ni teng\u00e1is miedo de luchar. Para nosotras la lucha por ejemplo empieza con que la gente empiece a seguirnos en nuestra p\u00e1gina de Facebook (<a href=\"https:\/\/www.facebook.com\/groups\/1537694869834679\/?fref=ts\" target=\"_blank\" rel=\"noopener\">Mutui in \u0080 indicizzati al CHF\u0085 Come funzionano realmente?<\/a>) Siempre se necesita empezar por alg\u00fan lado y lo que esta claro es que la uni\u00f3n hace la fuerza.<\/p>\n<p><strong>-\u00bfC\u00f3mo definir\u00edais por tanto vuestro viaje a ASUFIN y como vais a afrontar la lucha a partir de ahora?<\/strong> Lucharemos hasta la victoria, y la victoria gracias a la uni\u00f3n es totalmente posible.<\/p>\n<p><strong>-\u00bfQue consecuencias ha tenido vuestro seminario en Madrid?<\/strong> Lo publicamos en la p\u00e1gina y de repente Barclays se puso en contacto con nosotras. Han organizado una reuni\u00f3n tras saber que viaj\u00e1bamos a Espa\u00f1a para conocer a nuestros hom\u00f3logos polacos y espa\u00f1oles. Han empezado a mandar a la gente unas propuestas comerciales (una sola propuesta con varias soluciones posibles). Est\u00e1n intentado persuadir.<\/p>\n<p><strong>-\u00bfCu\u00e1l es el objetivo de dicha reuni\u00f3n?<\/strong> En esa reuni\u00f3n habr\u00e1 administradores de Barclays, comerciales, sus abogados y nosotras. Ser\u00e1 a puerta cerrada y pretenden ofrecernos una soluci\u00f3n a cambio de que dejemos de recurrir a la v\u00eda legal as\u00ed como dejemos de manchar su reputaci\u00f3n.<\/p>\n<p><strong>-\u00bfQu\u00e9 opinas de su soluci\u00f3n?<\/strong> Estamos totalmente en contra de la propuesta. En vez de ayudar al cliente, lo vinculan a\u00fan m\u00e1s. Les obligan a firmar una renuncia de actuaciones judiciales y no pueden difundir nada.<\/p>\n<p><strong>-Parece que al final los bancos algo de miedo tienen entonces, \u00bfNo?<\/strong> S\u00ed, la banca nos ha infravalorado y se ha dado cuenta que somos capaces de crear grupos consolidados y fuertes. Los poderosos juegan con el miedo que generan, si ves que no tienes miedo se lo generas a ellos. No tenemos miedo, todo lo contrario se sienten fuerte y protegidas pero necesitan m\u00e1s todav\u00eda.<\/p>\n<p><strong>-\u00bfQu\u00e9 crees que asusta al banco?<\/strong> Uni\u00f3n y denunciar. Por eso fijarnos en la Uni\u00f3n Europea es tan importante. La uni\u00f3n hace la fuerza. Hay que compartir noticias, informaci\u00f3n, hay que intercambiarse todo el material posible y ayudarse.<\/p>\n","protected":false},"excerpt":{"rendered":"<p>[column size=one_half position=first ]\u00bb Sheila Meneghetti (30 a\u00f1os) y Franca Berno (53 a\u00f1os) lideran la defensa de afectados por hipoteca en Francos Suizos en Italia[\/column] [column size=one_half position=last ]\u00bb Barclays les coloc\u00f3 esta hipoteca t\u00f3xica, crearon un grupo en Facebook y la asociaci\u00f3n TUCONFIN, para defender a todos los afectados[\/column] Sheila Meneghetti (30 a\u00f1os) y [&hellip;]<\/p>\n","protected":false},"author":2,"featured_media":23805,"comment_status":"open","ping_status":"closed","sticky":false,"template":"page-asufin-noticia.php","format":"standard","meta":{"_acf_changed":false,"_jetpack_newsletter_access":"","_jetpack_dont_email_post_to_subs":false,"_jetpack_newsletter_tier_id":0,"_jetpack_memberships_contains_paywalled_content":false,"_jetpack_memberships_contains_paid_content":false,"footnotes":""},"categories":[1975,41,2562],"tags":[79,2586,2244,1152,2560,332],"class_list":["post-22393","post","type-post","status-publish","format-standard","has-post-thumbnail","hentry","category-europa","category-lucha-de-gigantes","category-tuconfin","tag-asufin","tag-espana","tag-fx-loans","tag-hipotecas-multidivisa","tag-italia","tag-seminarios-2"],"acf":[],"jetpack_featured_media_url":"https:\/\/i0.wp.com\/staging.asufin.com\/staging\/wp-content\/uploads\/2016\/06\/lucha_de_gigantes_tiburon-blanco-persona.jpg?fit=1600%2C900&ssl=1","jetpack_shortlink":"https:\/\/wp.me\/peayLa-5Pb","jetpack_likes_enabled":false,"jetpack_sharing_enabled":true,"_links":{"self":[{"href":"https:\/\/staging.asufin.com\/staging\/wp-json\/wp\/v2\/posts\/22393","targetHints":{"allow":["GET"]}}],"collection":[{"href":"https:\/\/staging.asufin.com\/staging\/wp-json\/wp\/v2\/posts"}],"about":[{"href":"https:\/\/staging.asufin.com\/staging\/wp-json\/wp\/v2\/types\/post"}],"author":[{"embeddable":true,"href":"https:\/\/staging.asufin.com\/staging\/wp-json\/wp\/v2\/users\/2"}],"replies":[{"embeddable":true,"href":"https:\/\/staging.asufin.com\/staging\/wp-json\/wp\/v2\/comments?post=22393"}],"version-history":[{"count":0,"href":"https:\/\/staging.asufin.com\/staging\/wp-json\/wp\/v2\/posts\/22393\/revisions"}],"wp:featuredmedia":[{"embeddable":true,"href":"https:\/\/staging.asufin.com\/staging\/wp-json\/wp\/v2\/media\/23805"}],"wp:attachment":[{"href":"https:\/\/staging.asufin.com\/staging\/wp-json\/wp\/v2\/media?parent=22393"}],"wp:term":[{"taxonomy":"category","embeddable":true,"href":"https:\/\/staging.asufin.com\/staging\/wp-json\/wp\/v2\/categories?post=22393"},{"taxonomy":"post_tag","embeddable":true,"href":"https:\/\/staging.asufin.com\/staging\/wp-json\/wp\/v2\/tags?post=22393"}],"curies":[{"name":"wp","href":"https:\/\/api.w.org\/{rel}","templated":true}]}}