{"id":22813,"date":"2016-05-20T07:00:51","date_gmt":"2016-05-20T05:00:51","guid":{"rendered":"http:\/\/asufin.com\/?p=22813"},"modified":"2017-10-30T10:56:29","modified_gmt":"2017-10-30T10:56:29","slug":"asufin-un-ejemplo-a-seguir-en-italia","status":"publish","type":"post","link":"https:\/\/staging.asufin.com\/staging\/asufin-un-ejemplo-a-seguir-en-italia\/","title":{"rendered":"#ASUFIN \u00b7 Ejemplo a seguir en Italia"},"content":{"rendered":"<h5>ASUFIN se\u00f1alada por los medios italianos como paradigma del triunfo de los ciudadanos frente a los bancos<\/h5>\n<p>[column size=one_half position=first ]<\/p>\n<h5>A pesar de las diferencias nacionales, todos los pa\u00edses afectados tienen caracter\u00edsticas comunes al formar parte de la Uni\u00f3n Europea. Pueden y deben servirse de ejemplo.<\/h5>\n<p>[\/column]<\/p>\n<p>[column size=one_half position=last ]<\/p>\n<h5>La reciente vinculaci\u00f3n entre la Asociaci\u00f3n italiana <a href=\"https:\/\/twitter.com\/tuconfin\" target=\"_blank\" rel=\"noopener\">TUCONFIN<\/a> y la espa\u00f1ola ASUFIN comienza a despertar y demostrar la necesidad que hay de lograr una asociaci\u00f3n a nivel europeo, como se ver\u00e1 el 7 de junio en Bruselas.<\/h5>\n<p>[\/column]<\/p>\n<p><strong>ASUFIN<\/strong> vuelve a ser noticia pero est\u00e1 vez fuera de Espa\u00f1a. Ha sido el peri\u00f3dico <a href=\"https:\/\/www.immobilio.it\/threads\/barclays-e-mutuo-in-franchi-svizzeri-denuncia-collettiva-con-avvocato-class-action.16049\/\" target=\"_blank\" rel=\"noopener\">La Repubblica\u00a0<\/a>de Italia quien ha puesto los focos sobre la <strong>Asociaci\u00f3n de Usuarios Financieros<\/strong> (Espa\u00f1a). A pesar de la distancia geogr\u00e1fica, el medio se ha hecho eco de la lucha de la asociaci\u00f3n presidida por Su\u00e1rez. Para explicar la lucha de los italianos, y en part\u00edcular la de la Asociaci\u00f3n Movimiento de la Nueva Vicenza, se escoge como paradigma de posibilidad y triunfo en los Tribunales por parte de <strong>ASUFIN.<\/strong><\/p>\n<p>En el caso de la Asociaci\u00f3n Italiana, tambi\u00e9n se lucha\u00a0en contra de la banca, pero dicha\u00a0movilizaci\u00f3n es en contra de uno en particular: Barclays. La raz\u00f3n de que este tan concretada es porque este banco fue el \u00fanico en Italia en comercializar con Hipotecas Mutldivisa. Este producto fue colocado principalmente a las familias poco pudientes, a quien una hipoteca &#8220;normal&#8221; les eran denegada.\u00a0<a href=\"http:\/\/www.repubblica.it\/economia\/2016\/04\/20\/news\/barclays_mutui_franchi_svizzeri-138043905\/?refresh_ce\" target=\"_blank\" rel=\"noopener\">Como recoge el art\u00edculo del peri\u00f3dico italiano La Repubblica<\/a>, esta asociaci\u00f3n lucha por &#8220;las\u00a0decenas de miles de euros escondidos en el contrato de pr\u00e9stamo en euros referenciado al franco suizo ( CHF), popularmente conocido como Hipotecas Multidivisas&#8221;. Entre el 2007 y el 2010 Barclays logr\u00f3 colocar dicho producto a unas 5.500 familias, donde la mayor\u00eda han sido <a href=\"http:\/\/www.repubblica.it\/economia\/2016\/04\/20\/news\/barclays_mutui_franchi_svizzeri-138043905\/?refresh_ce\" target=\"_blank\" rel=\"noopener\">&#8220;reducidas a la pobreza&#8221;<\/a>.\u00a0Este art\u00edculo refleja que este comportamiento por parte de las entidades bancarias se expandi\u00f3 por todo Europa, afectado tambi\u00e9n a\u00a0<a href=\"http:\/\/www.repubblica.it\/economia\/2016\/04\/20\/news\/barclays_mutui_franchi_svizzeri-138043905\/?refresh_ce\" target=\"_blank\" rel=\"noopener\">\u00a0&#8220;Griegos, polacos, espa\u00f1oles, franceses&#8230;&#8221;<\/a>.<\/p>\n<blockquote class=\"modern-quote full\"><p>Es precisamente a Espa\u00f1a donde se dirige el art\u00edculo para explicar porque en Italia consideran que ahora hay &#8220;<a href=\"http:\/\/www.repubblica.it\/economia\/2016\/04\/20\/news\/barclays_mutui_franchi_svizzeri-138043905\/?refresh_ce\" target=\"_blank\" rel=\"noopener\">un rayo de luz y esperanza&#8221;<\/a>, gracias a lo que est\u00e1 logrando <strong>ASUFIN\u00a0<\/strong>y sus asociados.\u00a0En el medio italiano se recoge como la asociaci\u00f3n que preside Patricia Su\u00e1rez, logr\u00f3 ganar a Barclays por la colocaci\u00f3n de una Hipoteca Multidivisa, y como esta asociaci\u00f3n est\u00e1 ayudando a servir de precedente en otros pa\u00edses.<\/p><\/blockquote>\n<p><strong>Franca Berno y Sheila Meneghetti<\/strong>, activistas italianas, viajaron hace unas semanas a la sede de <strong>ASUFIN<\/strong> en Madrid. En su estancia, y junto a las asociaci\u00f3n Polaca presidida por Tomasz Sadlik, <strong>Pro Futuris<\/strong>, las asociaciones en defensa del consumidor acordaron llevar a cabo: La organizaron de seminarios informativos, trazaron un plan com\u00fan para ayudar en la lucha individual de cada pa\u00eds, a pesar de que las leyes sean diferentes a nivel nacional y vieron las bases comunes para lograr la creaci\u00f3n de la asociaci\u00f3n europea.\u00a0Como aclara la vicepresidenta Franca Berno <a href=\"http:\/\/www.repubblica.it\/economia\/2016\/04\/20\/news\/barclays_mutui_franchi_svizzeri-138043905\/?refresh_ce\" target=\"_blank\" rel=\"noopener\">&#8220;viajamos hasta Espa\u00f1a para ver como lo hab\u00edan hecho&#8221;<\/a>. Ahora Berno y su compa\u00f1era Meneghetti son las encargadas de trasladar\u00a0en <a href=\"https:\/\/www.immobilio.it\/threads\/barclays-e-mutuo-in-franchi-svizzeri-denuncia-collettiva-con-avvocato-class-action.16049\/\" target=\"_blank\" rel=\"noopener\">su p\u00e1g\u00edna web<\/a> y en <a href=\"https:\/\/www.facebook.com\/groups\/1537694869834679\/\" target=\"_blank\" rel=\"noopener\">su p\u00e1gina de facebook<\/a> , c\u00f3mo s\u00ed es posible ganar y lo necesario que es acudir a los Tribunales para poner fin a los abusos bancarios.<\/p>\n<blockquote class=\"modern-quote full\"><p>El hecho de que una asociaci\u00f3n Italiana pueda ser testigo de como ASUFIN derrota a Barclays, as\u00ed como el resto de bancos nacionales y comerciales, demuestra que es m\u00e1s necesario que nunca anexionarse y crear una asociaci\u00f3n com\u00fan a nivel europeo.<\/p><\/blockquote>\n<p>No solo hay que hacer frente a las Hipotecas Multidivisa desde un plano nacional, tambi\u00e9n hay que hacerlo desde uno Europeo. Cuantos m\u00e1s frentes tenga abierto la banca, m\u00e1s consolidada quedar\u00e1 la lucha. Hay m\u00e1s de un mill\u00f3n y medio de afectados en toda Europa, y por tanto es un problema de toda la comunidad.<\/p>\n<blockquote class=\"modern-quote full\"><p>Las asociaciones italianas y espa\u00f1olas, as\u00ed como varias de la comunidad europea, se est\u00e1n hermanando para defender a los clientes de la banca. Dicha defensa se basa, indistintamente del pa\u00eds, en la erradicaci\u00f3n por completo de las Hipotecas Multidivisa, conocida en el resto de Europa como FXLoans.<\/p><\/blockquote>\n<p>Por eso mismo el d\u00eda 7 de junio estar\u00e1n en Bruselas junto con <strong>ASUFIN<\/strong>,<strong> TUCONFIN y Pro Futuris<\/strong> as\u00ed como varios profesionales especialistas en abusos bancarios de diferentes pa\u00edses de la Uni\u00f3n Europea. La capital belga ser\u00e1 donde se celebre los seminarios sobre &#8220;Finantial Matters&#8221; y donde se dar\u00e1 cabida a una defensa de los consumidores bancarios a nivel europeo. Dicho seminario quedar\u00e1 dividido en bloques, donde Su\u00e1rez ser\u00e1 la encargada de dirigir el bloque sobre las Hipotecas Multidivisa.<\/p>\n<div class=\"tiled-gallery type-square tiled-gallery-unresized\" data-original-width=\"800\" data-carousel-extra='{&quot;blog_id&quot;:1,&quot;permalink&quot;:&quot;https:\\\/\\\/staging.asufin.com\\\/staging\\\/asufin-un-ejemplo-a-seguir-en-italia\\\/&quot;,&quot;likes_blog_id&quot;:209385604}' itemscope itemtype=\"http:\/\/schema.org\/ImageGallery\" > <div class=\"gallery-row\" style=\"width: 800px; height: 266px;\" data-original-width=\"800\" data-original-height=\"266\" > <div class=\"gallery-group\" style=\"width: 266px; height: 266px;\" data-original-width=\"266\" data-original-height=\"266\" > <div class=\"tiled-gallery-item \" itemprop=\"associatedMedia\" itemscope itemtype=\"http:\/\/schema.org\/ImageObject\"> <a href=\"https:\/\/staging.asufin.com\/staging\/sdfs\/\" border=\"0\" itemprop=\"url\"> <meta itemprop=\"width\" content=\"262\"> <meta itemprop=\"height\" content=\"262\"> <img loading=\"lazy\" decoding=\"async\" class=\"\" data-attachment-id=\"22302\" data-orig-file=\"https:\/\/staging.asufin.com\/staging\/wp-content\/uploads\/2016\/04\/sdfs.jpg\" data-orig-size=\"957,718\" data-comments-opened=\"1\" data-image-meta=\"{&quot;aperture&quot;:&quot;0&quot;,&quot;credit&quot;:&quot;&quot;,&quot;camera&quot;:&quot;&quot;,&quot;caption&quot;:&quot;&quot;,&quot;created_timestamp&quot;:&quot;0&quot;,&quot;copyright&quot;:&quot;&quot;,&quot;focal_length&quot;:&quot;0&quot;,&quot;iso&quot;:&quot;0&quot;,&quot;shutter_speed&quot;:&quot;0&quot;,&quot;title&quot;:&quot;&quot;,&quot;orientation&quot;:&quot;0&quot;}\" data-image-title=\"Las activistas Franca Berno, Patricia Su\u00e1rez y Sheila Meneghetti\" data-image-description=\"\" data-medium-file=\"https:\/\/i0.wp.com\/staging.asufin.com\/staging\/wp-content\/uploads\/2016\/04\/sdfs.jpg?fit=300%2C225&#038;ssl=1\" data-large-file=\"https:\/\/i0.wp.com\/staging.asufin.com\/staging\/wp-content\/uploads\/2016\/04\/sdfs.jpg?fit=800%2C600&#038;ssl=1\" src=\"https:\/\/i0.wp.com\/staging.asufin.com\/staging\/wp-content\/uploads\/2016\/04\/sdfs.jpg?w=262&#038;h=262&#038;crop=1&#038;ssl=1\" srcset=\"https:\/\/i0.wp.com\/staging.asufin.com\/staging\/wp-content\/uploads\/2016\/04\/sdfs.jpg?resize=150%2C150&amp;ssl=1 150w, https:\/\/i0.wp.com\/staging.asufin.com\/staging\/wp-content\/uploads\/2016\/04\/sdfs.jpg?resize=125%2C125&amp;ssl=1 125w, https:\/\/i0.wp.com\/staging.asufin.com\/staging\/wp-content\/uploads\/2016\/04\/sdfs.jpg?zoom=2&amp;resize=262%2C262&amp;ssl=1 524w, https:\/\/i0.wp.com\/staging.asufin.com\/staging\/wp-content\/uploads\/2016\/04\/sdfs.jpg?zoom=3&amp;resize=262%2C262&amp;ssl=1 786w\" width=\"262\" height=\"262\" loading=\"lazy\" data-original-width=\"262\" data-original-height=\"262\" itemprop=\"http:\/\/schema.org\/image\" title=\"Las activistas Franca Berno, Patricia Su\u00e1rez y Sheila Meneghetti\" alt=\"Las activistas Franca Berno, Patricia Su\u00e1rez y Sheila Meneghetti\" style=\"width: 262px; height: 262px;\" \/> <\/a> <div class=\"tiled-gallery-caption\" itemprop=\"caption description\"> Las activistas Franca Berno, Patricia Su\u00e1rez y Sheila Meneghetti <\/div> <\/div> <\/div> <div class=\"gallery-group\" style=\"width: 266px; height: 266px;\" data-original-width=\"266\" data-original-height=\"266\" > <div class=\"tiled-gallery-item \" itemprop=\"associatedMedia\" itemscope itemtype=\"http:\/\/schema.org\/ImageObject\"> <a href=\"https:\/\/staging.asufin.com\/staging\/11\/\" border=\"0\" itemprop=\"url\"> <meta itemprop=\"width\" content=\"262\"> <meta itemprop=\"height\" content=\"262\"> <img loading=\"lazy\" decoding=\"async\" class=\"\" data-attachment-id=\"22298\" data-orig-file=\"https:\/\/staging.asufin.com\/staging\/wp-content\/uploads\/2016\/04\/11.jpg\" data-orig-size=\"957,718\" data-comments-opened=\"1\" data-image-meta=\"{&quot;aperture&quot;:&quot;0&quot;,&quot;credit&quot;:&quot;&quot;,&quot;camera&quot;:&quot;&quot;,&quot;caption&quot;:&quot;&quot;,&quot;created_timestamp&quot;:&quot;0&quot;,&quot;copyright&quot;:&quot;&quot;,&quot;focal_length&quot;:&quot;0&quot;,&quot;iso&quot;:&quot;0&quot;,&quot;shutter_speed&quot;:&quot;0&quot;,&quot;title&quot;:&quot;&quot;,&quot;orientation&quot;:&quot;0&quot;}\" data-image-title=\"Los activistas europeos explicando las hipotecas multidivisas\" data-image-description=\"\" data-medium-file=\"https:\/\/i0.wp.com\/staging.asufin.com\/staging\/wp-content\/uploads\/2016\/04\/11.jpg?fit=300%2C225&#038;ssl=1\" data-large-file=\"https:\/\/i0.wp.com\/staging.asufin.com\/staging\/wp-content\/uploads\/2016\/04\/11.jpg?fit=800%2C600&#038;ssl=1\" src=\"https:\/\/i0.wp.com\/staging.asufin.com\/staging\/wp-content\/uploads\/2016\/04\/11.jpg?w=262&#038;h=262&#038;crop=1&#038;ssl=1\" srcset=\"https:\/\/i0.wp.com\/staging.asufin.com\/staging\/wp-content\/uploads\/2016\/04\/11.jpg?resize=150%2C150&amp;ssl=1 150w, https:\/\/i0.wp.com\/staging.asufin.com\/staging\/wp-content\/uploads\/2016\/04\/11.jpg?resize=125%2C125&amp;ssl=1 125w, https:\/\/i0.wp.com\/staging.asufin.com\/staging\/wp-content\/uploads\/2016\/04\/11.jpg?zoom=2&amp;resize=262%2C262&amp;ssl=1 524w, https:\/\/i0.wp.com\/staging.asufin.com\/staging\/wp-content\/uploads\/2016\/04\/11.jpg?zoom=3&amp;resize=262%2C262&amp;ssl=1 786w\" width=\"262\" height=\"262\" loading=\"lazy\" data-original-width=\"262\" data-original-height=\"262\" itemprop=\"http:\/\/schema.org\/image\" title=\"Los activistas europeos explicando las hipotecas multidivisas\" alt=\"Los activistas europeos explicando las hipotecas multidivisas\" style=\"width: 262px; height: 262px;\" \/> <\/a> <div class=\"tiled-gallery-caption\" itemprop=\"caption description\"> Los activistas europeos explicando las hipotecas multidivisas <\/div> <\/div> <\/div> <div class=\"gallery-group\" style=\"width: 266px; height: 266px;\" data-original-width=\"266\" data-original-height=\"266\" > <div class=\"tiled-gallery-item \" itemprop=\"associatedMedia\" itemscope itemtype=\"http:\/\/schema.org\/ImageObject\"> <a href=\"https:\/\/staging.asufin.com\/staging\/212\/\" border=\"0\" itemprop=\"url\"> <meta itemprop=\"width\" content=\"262\"> <meta itemprop=\"height\" content=\"262\"> <img loading=\"lazy\" decoding=\"async\" class=\"\" data-attachment-id=\"22299\" data-orig-file=\"https:\/\/staging.asufin.com\/staging\/wp-content\/uploads\/2016\/04\/212.jpg\" data-orig-size=\"957,718\" data-comments-opened=\"1\" data-image-meta=\"{&quot;aperture&quot;:&quot;0&quot;,&quot;credit&quot;:&quot;&quot;,&quot;camera&quot;:&quot;&quot;,&quot;caption&quot;:&quot;&quot;,&quot;created_timestamp&quot;:&quot;0&quot;,&quot;copyright&quot;:&quot;&quot;,&quot;focal_length&quot;:&quot;0&quot;,&quot;iso&quot;:&quot;0&quot;,&quot;shutter_speed&quot;:&quot;0&quot;,&quot;title&quot;:&quot;&quot;,&quot;orientation&quot;:&quot;0&quot;}\" data-image-title=\"Patricia Su\u00e1rez y Shelia Meneghuetti explicando la diferencia entre el producto italiano y el espa\u00f1ol\" data-image-description=\"&lt;p&gt;Los activistas europeos explicando las hipotecas multidivisas&lt;\/p&gt; \" data-medium-file=\"https:\/\/i0.wp.com\/staging.asufin.com\/staging\/wp-content\/uploads\/2016\/04\/212.jpg?fit=300%2C225&#038;ssl=1\" data-large-file=\"https:\/\/i0.wp.com\/staging.asufin.com\/staging\/wp-content\/uploads\/2016\/04\/212.jpg?fit=800%2C600&#038;ssl=1\" src=\"https:\/\/i0.wp.com\/staging.asufin.com\/staging\/wp-content\/uploads\/2016\/04\/212.jpg?w=262&#038;h=262&#038;crop=1&#038;ssl=1\" srcset=\"https:\/\/i0.wp.com\/staging.asufin.com\/staging\/wp-content\/uploads\/2016\/04\/212.jpg?resize=150%2C150&amp;ssl=1 150w, https:\/\/i0.wp.com\/staging.asufin.com\/staging\/wp-content\/uploads\/2016\/04\/212.jpg?resize=125%2C125&amp;ssl=1 125w, https:\/\/i0.wp.com\/staging.asufin.com\/staging\/wp-content\/uploads\/2016\/04\/212.jpg?zoom=2&amp;resize=262%2C262&amp;ssl=1 524w, https:\/\/i0.wp.com\/staging.asufin.com\/staging\/wp-content\/uploads\/2016\/04\/212.jpg?zoom=3&amp;resize=262%2C262&amp;ssl=1 786w\" width=\"262\" height=\"262\" loading=\"lazy\" data-original-width=\"262\" data-original-height=\"262\" itemprop=\"http:\/\/schema.org\/image\" title=\"Patricia Su\u00e1rez y Shelia Meneghuetti explicando la diferencia entre el producto italiano y el espa\u00f1ol\" alt=\"Los activistas europeos explicando las hipotecas multidivisas\" style=\"width: 262px; height: 262px;\" \/> <\/a> <div class=\"tiled-gallery-caption\" itemprop=\"caption description\"> Los activistas europeos explicando las hipotecas multidivisas <\/div> <\/div> <\/div> <\/div> <\/div>\n<p>&nbsp;<\/p>\n","protected":false},"excerpt":{"rendered":"<p>ASUFIN se\u00f1alada por los medios italianos como paradigma del triunfo de los ciudadanos frente a los bancos [column size=one_half position=first ] A pesar de las diferencias nacionales, todos los pa\u00edses afectados tienen caracter\u00edsticas comunes al formar parte de la Uni\u00f3n Europea. Pueden y deben servirse de ejemplo. [\/column] [column size=one_half position=last ] La reciente vinculaci\u00f3n [&hellip;]<\/p>\n","protected":false},"author":2,"featured_media":22302,"comment_status":"open","ping_status":"closed","sticky":false,"template":"page-asufin-noticia.php","format":"standard","meta":{"_acf_changed":false,"_jetpack_newsletter_access":"","_jetpack_dont_email_post_to_subs":false,"_jetpack_newsletter_tier_id":0,"_jetpack_memberships_contains_paywalled_content":false,"_jetpack_memberships_contains_paid_content":false,"footnotes":""},"categories":[82,43,1137,2562],"tags":[303,2554,2203,2472,2244,2560,2561,33,2474],"class_list":["post-22813","post","type-post","status-publish","format-standard","has-post-thumbnail","hentry","category-asufin-cat","category-asufin-destacado","category-hipoteca-multidivisa","category-tuconfin","tag-barclays","tag-bruselas","tag-europa","tag-franca-berno","tag-fx-loans","tag-italia","tag-la-reppublica","tag-patricia-suarez","tag-sheila-meneghetti"],"acf":[],"jetpack_featured_media_url":"https:\/\/i0.wp.com\/staging.asufin.com\/staging\/wp-content\/uploads\/2016\/04\/sdfs.jpg?fit=957%2C718&ssl=1","jetpack_shortlink":"https:\/\/wp.me\/peayLa-5VX","jetpack_likes_enabled":false,"jetpack_sharing_enabled":true,"_links":{"self":[{"href":"https:\/\/staging.asufin.com\/staging\/wp-json\/wp\/v2\/posts\/22813","targetHints":{"allow":["GET"]}}],"collection":[{"href":"https:\/\/staging.asufin.com\/staging\/wp-json\/wp\/v2\/posts"}],"about":[{"href":"https:\/\/staging.asufin.com\/staging\/wp-json\/wp\/v2\/types\/post"}],"author":[{"embeddable":true,"href":"https:\/\/staging.asufin.com\/staging\/wp-json\/wp\/v2\/users\/2"}],"replies":[{"embeddable":true,"href":"https:\/\/staging.asufin.com\/staging\/wp-json\/wp\/v2\/comments?post=22813"}],"version-history":[{"count":0,"href":"https:\/\/staging.asufin.com\/staging\/wp-json\/wp\/v2\/posts\/22813\/revisions"}],"wp:featuredmedia":[{"embeddable":true,"href":"https:\/\/staging.asufin.com\/staging\/wp-json\/wp\/v2\/media\/22302"}],"wp:attachment":[{"href":"https:\/\/staging.asufin.com\/staging\/wp-json\/wp\/v2\/media?parent=22813"}],"wp:term":[{"taxonomy":"category","embeddable":true,"href":"https:\/\/staging.asufin.com\/staging\/wp-json\/wp\/v2\/categories?post=22813"},{"taxonomy":"post_tag","embeddable":true,"href":"https:\/\/staging.asufin.com\/staging\/wp-json\/wp\/v2\/tags?post=22813"}],"curies":[{"name":"wp","href":"https:\/\/api.w.org\/{rel}","templated":true}]}}