{"id":23155,"date":"2016-06-07T22:00:47","date_gmt":"2016-06-07T20:00:47","guid":{"rendered":"http:\/\/asufin.com\/?p=23013"},"modified":"2017-10-30T10:42:21","modified_gmt":"2017-10-30T10:42:21","slug":"asufin-a-la-conquista-de-europa","status":"publish","type":"post","link":"https:\/\/staging.asufin.com\/staging\/asufin-a-la-conquista-de-europa\/","title":{"rendered":"ASUFIN \u00b7 A la conquista de Europa"},"content":{"rendered":"<p>[column size=one_half position=first ]<\/p>\n<h5>\u00bb ASUFIN, acompa\u00f1ada por otras asociaciones europeas, abogados y especialistas en la materia, comienza su lucha europea para poner fin a las Hipotecas Multidivisa (FX Loans)<\/h5>\n<p>[\/column]<\/p>\n<p>[column size=one_half position=last ]<\/p>\n<h5>Bernardo Hernandez Bataller &#8211; &#8220;<em>Mucha gente no conoc\u00eda la existencia de las hipotecas multidivisa y ahora podr\u00e1n conocer la situaci\u00f3n en Europa<\/em>&#8220;<\/h5>\n<p>[\/column]<\/p>\n<h5>Su\u00e1rez extrapola su defensa de los consumidores de un plano nacional a uno internacional: &#8220;<em>No debe haber ninguna frontera a la hora de luchar y defender a los afectados por los productos financieros<\/em>&#8220;.<\/h5>\n<p>Patricia Su\u00e1rez, acompa\u00f1ada por activistas, asociaciones, especialistas en la materia y miembros del propio Comit\u00e9,\u00a0ha concluido su intervenci\u00f3n frente al European Economic and Social Committee (CESE)\u00a0con sobresaliente. Tras formar parte del ciclo &#8220;<strong>Financial Matters<\/strong>&#8221; como portavoz y coordinadora de la secci\u00f3n destinada a las Hipotecas Multidivisas, Europa ya no deber\u00eda tener duda ni excusa alguna para encontrar una soluci\u00f3n para los afectados por los productos financieros:\u00a0<strong>es algo tan primordial como necesario<\/strong>. &#8220;Veni, vidi, vici&#8221; era el lema de Su\u00e1rez y as\u00ed ha sido.<\/p>\n<p>La apertura de este ciclo\u00a0organizado en el Comit\u00e9 Europe en Bruselas, ha corrido a cuenta de Bernardo Hern\u00e1ndez Bataller, Presidente de la secci\u00f3n de Mercado \u00danico, Producci\u00f3n y Consumo del Comit\u00e9 Econ\u00f3mico y Social Europeo (CESE). Desde un primer momento ha dejado claro el motivo de este ciclo, &#8220;<em>Entiendo\u00a0que al exponer los problemas singulares de una naci\u00f3n, las dem\u00e1s pueden entender, aprender as\u00ed como se pueden adherir nuevas asociaciones y ayudarse<\/em>&#8220;. Esta idea es precisamente una de las razones principales por las que ASUFIN ha sido invitada a participar\u00a0y organizar la secci\u00f3n relativa a las Hipotecas Multidivisa.<\/p>\n<blockquote class=\"modern-quote full\"><p>Como asociaci\u00f3n espa\u00f1ola l\u00edder en la defensa de los afectados por hipotecas multidivisa, Su\u00e1rez ahora lucha por lograr este \u00e9xito a nivel europeo para los <strong>casi 2 millones\u00a0de afectados en Europa<\/strong>. <\/p><\/blockquote>\n<p>Con actos como el de hoy, ASUFIN y el resto de asociaciones pueden defender los derechos de los consumidores no s\u00f3lo en sus respectivos pa\u00edses, sino tambi\u00e9n en Europa.<br \/>\nEn el seminario de m\u00e1s de tres horas, los diferentes profesionales han dejado clara\u00a0la necesidad de que Europa reaccione de forma activa frente a este problema. Seg\u00fan Bataller,\u00a0&#8220;<em>Hay voluntad de ver como se puede sensibilizar al resto de instituciones comunitarias. Primero va el Comit\u00e9 Europeo Econ\u00f3mico y Social, que al fin y al cabo es un \u00f3rgano consultivo que puede intentar sensibilizar al Parlamente Europeo, al consejo, etc. A partir de ah\u00ed, cuando sean conscientes de la existencia del problema, podr\u00e1n abordarlo a nivel europeo<\/em>&#8220;.<\/p>\n<p>Su\u00e1rez, tras casi un decenio luchando por los afectados de los productos bancarios, ha expuesto la necesidad de ir m\u00e1s all\u00e1 del litigio. Esta primera intervenci\u00f3n europea marca adem\u00e1s el inicio de la formaci\u00f3n de un Asociaci\u00f3n a nivel europeo. Seg\u00fan Bataller, los diferentes pa\u00edses que conforman la Uni\u00f3n Europea hoy han podido &#8220;<em>Ver futuras formas para lograr una colaboraci\u00f3n conjunta as\u00ed como\u00a0tomar conciencia del problema<\/em>&#8220;.<\/p>\n<blockquote><p>S\u00f3lo entre Espa\u00f1a, Grecia, Italia, Ruman\u00eda, Grecia y Polonia hay m\u00e1s de un mill\u00f3n de afectados. Ni los Estados miembro ni la Uni\u00f3n Europea pueden seguir ignorando <strong>la b\u00fasqueda de una soluci\u00f3n equitativa<\/strong>.<\/p><\/blockquote>\n<p>Miembros del CESE, presidentes de las diferentes asociaciones nacionales junto con otros especialistas ya <strong>han empezado a trabajar para la creaci\u00f3n de una Asociaci\u00f3n Europea<\/strong>, que defienda los derechos de los usuarios financieros. Como afirma Bataller &#8220;<em>Esta reuni\u00f3n ha sido muy importante y ha logrado diferentes representacione<\/em>s&#8221;, tan necesarias para crear una lucha com\u00fan, que a\u00fana todo lo conseguido por cada naci\u00f3n.<br \/>\nSe ha marcado el inicio de una serie de negociaciones y reuniones, que no cesar\u00e1n hasta lograr que los usuarios financieros y la banca tengan una relaci\u00f3n transparente y equilibrada. <strong>La presencia de Su\u00e1rez junto a sus compa\u00f1eros en el Comit\u00e9 Europeo marcar\u00e1 una nueva etapa<\/strong>, caracterizada por una cultura bancaria justa y transparente, un sistema financiero \u00e9tico y donde los usuarios bancarios est\u00e9n protegidos de los productos comercializados por los bancos.<\/p>\n","protected":false},"excerpt":{"rendered":"<p>[column size=one_half position=first ] \u00bb ASUFIN, acompa\u00f1ada por otras asociaciones europeas, abogados y especialistas en la materia, comienza su lucha europea para poner fin a las Hipotecas Multidivisa (FX Loans) [\/column] [column size=one_half position=last ] Bernardo Hernandez Bataller &#8211; &#8220;Mucha gente no conoc\u00eda la existencia de las hipotecas multidivisa y ahora podr\u00e1n conocer la situaci\u00f3n [&hellip;]<\/p>\n","protected":false},"author":2,"featured_media":23237,"comment_status":"open","ping_status":"closed","sticky":false,"template":"page-asufin-noticia.php","format":"standard","meta":{"_acf_changed":false,"_jetpack_newsletter_access":"","_jetpack_dont_email_post_to_subs":false,"_jetpack_newsletter_tier_id":0,"_jetpack_memberships_contains_paywalled_content":false,"_jetpack_memberships_contains_paid_content":false,"footnotes":""},"categories":[43,191,1975,1137],"tags":[79,2554,934],"class_list":["post-23155","post","type-post","status-publish","format-standard","has-post-thumbnail","hentry","category-asufin-destacado","category-eventos","category-europa","category-hipoteca-multidivisa","tag-asufin","tag-bruselas","tag-hipoteca-multidivisa"],"acf":[],"jetpack_featured_media_url":"https:\/\/i0.wp.com\/staging.asufin.com\/staging\/wp-content\/uploads\/2016\/06\/160607_01_psr_asufin_bruselas.jpg?fit=900%2C600&ssl=1","jetpack_shortlink":"https:\/\/wp.me\/peayLa-61t","jetpack_likes_enabled":false,"jetpack_sharing_enabled":true,"_links":{"self":[{"href":"https:\/\/staging.asufin.com\/staging\/wp-json\/wp\/v2\/posts\/23155","targetHints":{"allow":["GET"]}}],"collection":[{"href":"https:\/\/staging.asufin.com\/staging\/wp-json\/wp\/v2\/posts"}],"about":[{"href":"https:\/\/staging.asufin.com\/staging\/wp-json\/wp\/v2\/types\/post"}],"author":[{"embeddable":true,"href":"https:\/\/staging.asufin.com\/staging\/wp-json\/wp\/v2\/users\/2"}],"replies":[{"embeddable":true,"href":"https:\/\/staging.asufin.com\/staging\/wp-json\/wp\/v2\/comments?post=23155"}],"version-history":[{"count":0,"href":"https:\/\/staging.asufin.com\/staging\/wp-json\/wp\/v2\/posts\/23155\/revisions"}],"wp:featuredmedia":[{"embeddable":true,"href":"https:\/\/staging.asufin.com\/staging\/wp-json\/wp\/v2\/media\/23237"}],"wp:attachment":[{"href":"https:\/\/staging.asufin.com\/staging\/wp-json\/wp\/v2\/media?parent=23155"}],"wp:term":[{"taxonomy":"category","embeddable":true,"href":"https:\/\/staging.asufin.com\/staging\/wp-json\/wp\/v2\/categories?post=23155"},{"taxonomy":"post_tag","embeddable":true,"href":"https:\/\/staging.asufin.com\/staging\/wp-json\/wp\/v2\/tags?post=23155"}],"curies":[{"name":"wp","href":"https:\/\/api.w.org\/{rel}","templated":true}]}}