{"id":25435,"date":"2016-09-28T22:00:36","date_gmt":"2016-09-28T20:00:36","guid":{"rendered":"https:\/\/asufin.com\/?p=25435"},"modified":"2022-07-28T11:21:59","modified_gmt":"2022-07-28T11:21:59","slug":"andreu-misse-esta-lucha-se-ha-traducido-cambio-la-conciencia-los-jueces","status":"publish","type":"post","link":"https:\/\/staging.asufin.com\/staging\/andreu-misse-esta-lucha-se-ha-traducido-cambio-la-conciencia-los-jueces\/","title":{"rendered":"Andreu Miss\u00e9: &quot;Esta lucha se ha traducido en un cambio en la conciencia de los jueces&quot;"},"content":{"rendered":"<p>El respeto que se tienen <a href=\"https:\/\/staging.asufin.com\/staging\/preferentes-la-gran-estafa-explicada-andreu-misse\/\">Andeu Miss\u00e9<\/a> y Patricia Su\u00e1rez es perceptible en cuanto el periodista llega a la sede de ASUFIN. Para ambos lograr justicia para los afectados es uno de los engranajes m\u00e1s importantes de su vida profesional y personal. Sendos personajes, fundamentales para los derechos de los consumidores bancarios aunque a diferente escala, tienen un punto de partida com\u00fan y necesario: Hay que lucha por un cambio en la cultura bancaria y no contra los bancos. <a href=\"http:\/\/alternativaseconomicas.coop\/\" target=\"_blank\" rel=\"noopener\">Miss\u00e9<\/a> tiene claro que ni su reci\u00e9n presentado libro &#8220;<a href=\"https:\/\/staging.asufin.com\/staging\/preferentes-la-gran-estafa-explicada-andreu-misse\/\">La gran estafa de las preferentes<\/a>&#8220;, ni su nuevo proyecto &#8220;<a href=\"http:\/\/alternativaseconomicas.coop\/\" target=\"_blank\" rel=\"noopener\">Alternativas Econ\u00f3micas<\/a>&#8220;,\u00a0cargan contra las entidades financieras, sino contra los errores que esta ha cometido y que han sido durante a\u00f1os permitidos.<\/p>\n<p>Tras una charla distendida, ciertamente en formato entrevista, con Su\u00e1rez, Miss\u00e9 concede una entrevista exclusiva al gabinete de comunicaci\u00f3n de <a href=\"https:\/\/staging.asufin.com\/staging\/irph-la-colectiva-asufin-los-medios-comunicacion\/\">ASUFIN<\/a>. Desde su opini\u00f3n de los bancos hasta porque la preferentes fueron posibles pasando por la necesidad de concienciar a los ciudadanos. El veterano periodista nos repasa en la conversaci\u00f3n aqu\u00ed recogida los\u00a0hechos necesarios y fundamentales para lograr entender como nuestro siglo se va a caracterizar por el abuso a los consumidores y las constantes estafas que estos han sufrido.<\/p>\n<p><iframe src=\"https:\/\/www.youtube.com\/embed\/SE5i0hzROLA\" width=\"560\" height=\"315\" frameborder=\"0\" allowfullscreen=\"allowfullscreen\"><\/iframe><\/p>\n<p style=\"text-align: center;\">[divider]Entrevista Andreu Miss\u00e9[\/divider]<\/p>\n<p><strong>\u00bfPor qu\u00e9 crees que la banca ha logrado hasta el d\u00eda de hoy actuar con tanta impunidad?<\/strong><\/p>\n<p>La banca tiene una capacidad de influencia en las instituciones muy trascendental; Financia los partidos pol\u00edticos y actividades econ\u00f3micas muy importantes, y al final todas las instituciones acaban teniendo que pedirle favores a esta misma. Tiene mucho poder en s\u00ed mismo, de hecho su propia estructura es de poder.<\/p>\n<p><strong>\u00bfPodr\u00edas desarrollar m\u00e1s lo que para ti representa el poder de la banca?<\/strong><\/p>\n<p>La mayor\u00eda de las reclamaciones que son puestas a la banca, no se cumplen. Te dan la raz\u00f3n, incluso el Banco de Espa\u00f1a, pero la banca sigue pareciendo que queda exenta de la ley. Las recomendaciones a la banca no tienen valor porque no hacen caso. Hay varias escaleras para evitar lo que ha sucedido pero la banca sigue haciendo lo que quiere, no act\u00faan con buena fe. Hay que hacer un cambio cultural, y que el cliente deje de pensar que le van a enga\u00f1ar. Que este pueda ir tranquilo tras recibir una propuesta que pueda estudiarla y entenderla.<\/p>\n<p><strong>\u00bfQu\u00e9 propone o crees que podr\u00eda lograr esta tranquilidad?<\/strong><\/p>\n<p>Hay muchas cosas que son muy f\u00e1ciles de resolver. Ser\u00eda bueno que todos los bancos, por ejemplo, tuviesen un cartel que pusieran \u0093Pregunta si su ahorro tiene garant\u00eda del Estado\u0094. Si tus ahorros tienen esta garant\u00eda, significa que no lo puedes perder, no como las preferentes que no estaban resguardadas bajo este paraguas. Los bancos deben explicar donde residen los riesgos.<\/p>\n<p><strong>Seg\u00fan tu libro hay una &#8220;Ineficiencia de la regulaci\u00f3n para proteger a los ahorradores&#8221;, \u00bfCrees que todos estos casos y abusos se est\u00e1n revirtiendo en\u00a0m\u00e1s eficiencia en la protecci\u00f3n de consumidores?<\/strong><\/p>\n<p>Yo distinguir\u00eda entre falta de regulaci\u00f3n a la aplicaci\u00f3n de esta misma, que es de lo que me quejo yo. Aqu\u00ed hab\u00eda una regulaci\u00f3n europea desde el 2004, que se traspone en Espa\u00f1a desde el 21 de diciembre del 2007, que implanta una regulaci\u00f3n protectora de los consumidores. Esta misma obligaba a los test de idoneidad, por ejemplo, pero estos no se han hecho. Habido un claro incumplimiento de la ley y este ha sido el problema. Las leyes que tenemos tienen que ser cumplidas por el banco, estos no pueden estar exentos de ella.<\/p>\n<p><strong>\u00bfCrees entonces que los bancos acabar\u00e1n acatando la ley, o al menos ser\u00e1n obligados a ello?<\/strong><\/p>\n<p>El ejemplo est\u00e1 en las decenas y miles de sentencias que hay, no solo en los Juzgados sino en las Audiencias Provinciales e incluso en el Tribunal Supremo. Est\u00e1n condenado a los bancos, afirmando que los bancos han actuado mal, incluso en contra de la ley.<\/p>\n<p><strong>\u00bfQu\u00e9 opinas por tanto de la necesidad de acudir a juicio?<\/strong><\/p>\n<p>Cualquier persona en cualquier asunto cuando tiene un derecho lesionado, la \u00fanica y mejor salida es acudir a los jueces. Hay jueces que como ya lo tienen muy claro, act\u00faan muy r\u00e1pidamente, otra cosa es que el banco decida recurrir. Este camino ya se ha abierto y funciona y para mi es una buena recomendaci\u00f3n.<\/p>\n<p><strong>\u00a0El Consejo de\u00a0Ministros\u00a0de la Uni\u00f3n Europea es contrario a investigar los <a href=\"https:\/\/staging.asufin.com\/staging\/reino-unido-multas-los-bancos-abogados-ayuden-evadir-impuestos\/\">Papeles de Panam\u00e1<\/a>, \u00bfQu\u00e9 opini\u00f3n le merece esto y m\u00e1s teniendo en cuenta que opinas que\u00a0&#8220;Sin para\u00edsos fiscales nunca hubiera habido preferentes en este pa\u00eds&#8221;?<\/strong><\/p>\n<p>Este tema es una explicaci\u00f3n de c\u00f3mo han aparecido las preferentes. Las preferentes llevaban desde 1998, sin una base legal que lo soportara. Los para\u00edsos fiscales deben desaparecer, porque permiten hacer lo que ha sucedido con los ahorros de los consumidores. Tras la crisis parec\u00eda que iban a tomarse m\u00e1s enserio su erradicaci\u00f3n, pero ha sucedido todo lo contrario, cada vez aparecen m\u00e1s para\u00edsos.<\/p>\n<p><strong>Usted considera que es un &#8220;acontecimiento sin precedentes en Espa\u00f1a&#8221; el hecho de en este pa\u00eds se est\u00e9 condenando de la forma que se est\u00e1 haciendo a los bancos, y consideras que es en parte gracias a la movilizaci\u00f3n ciudadana. \u00bfCu\u00e1l es su opini\u00f3n personal y profesional sobre el empuje que tienen los activistas, asociaciones, ciudadanos, etc frente a lograr un cambio en la cultura bancaria?<\/strong><\/p>\n<p>Las asociaciones y los activistas han sido totalmente fundamentales. Han sido el motor del cambio, son personas conscientes (y en muchos casos tambi\u00e9n afectados) y se han sentido tan impotentes que se han movilizado para luchar para que no vuelva a suceder, han concienciado, a trav\u00e9s de una lucha muy valiente y meritoria.<\/p>\n<p><strong>\u00bfPara ti la palabra clave entonces es concienciaci\u00f3n?<\/strong><\/p>\n<p>Totalmente. Esta lucha se ha traducido en un cambio en la conciencia de los jueces.<\/p>\n<p><strong>Hablando de activistas, en su libro menciona a Patricia Su\u00e1rez y la labor que desempe\u00f1a su asociaci\u00f3n en la publicaci\u00f3n de sentencias. \u00bfC\u00f3mo describir\u00edas o encajar\u00edas a ASUFIN, y la figura de <a href=\"https:\/\/staging.asufin.com\/staging\/el-diario-es-la-wonder-woman-del-sector-financiero-un-4-de-los-enganados-por-la-banca-acude-a-la-justicia\/\">Wonder Woman<\/a>, en el contexto de lucha por un cambio de cultura bancaria?<\/strong><\/p>\n<p>Cuando conoc\u00ed a Patricia me present\u00f3 un planteamiento muy pragm\u00e1tico de como informar o facilitar informaci\u00f3n a los afectados. Quer\u00eda dar instrumentos para que la gente supiese que ha pasado, y una aplicaci\u00f3n pr\u00e1ctica fue su publicaci\u00f3n del ranking de sentencias.<\/p>\n<p><strong>\u00bfPor qu\u00e9 es tan importante la labor de ASUFIN frente a las sentencias?<\/strong><\/p>\n<p>Es de una utilidad impresionante. Las sentencias son una radiograf\u00eda cient\u00edfica de hechos reales. Estas recogen aspectos sociales de los afectados que compone una radiograf\u00eda avalada por un juez. Como este mismo interpreta las leyes en las que se ampara para dar la raz\u00f3n a los afectados.<\/p>\n<p><strong>Igual que ASUFIN es el proyecto de Patricia Su\u00e1rez, <a href=\"http:\/\/alternativaseconomicas.coop\/\" target=\"_blank\" rel=\"noopener\">Alternativas Econ\u00f3micas<\/a> es el de usted, \u00bfC\u00f3mo explicar\u00eda que representa esta revista?<\/strong><\/p>\n<p>Es una revista independiente. Una cooperativa as\u00ed como un proyecto abierto, donde todo el mundo puede participar: suscriptores, lectores, socios. Su \u00fanico objetivo es hacer periodismo independiente de los poderes jur\u00eddicos y econ\u00f3micos. Si esta revista no existiese, no se podr\u00eda haber hecho el libro.<\/p>\n<div class=\"tiled-gallery type-rectangular tiled-gallery-unresized\" data-original-width=\"800\" data-carousel-extra='{&quot;blog_id&quot;:1,&quot;permalink&quot;:&quot;https:\\\/\\\/staging.asufin.com\\\/staging\\\/andreu-misse-esta-lucha-se-ha-traducido-cambio-la-conciencia-los-jueces\\\/&quot;,&quot;likes_blog_id&quot;:209385604}' itemscope itemtype=\"http:\/\/schema.org\/ImageGallery\" > <div class=\"gallery-row\" style=\"width: 800px; height: 686px;\" data-original-width=\"800\" data-original-height=\"686\" > <div class=\"gallery-group images-1\" style=\"width: 459px; height: 686px;\" data-original-width=\"459\" data-original-height=\"686\" > <div class=\"tiled-gallery-item tiled-gallery-item-large\" itemprop=\"associatedMedia\" itemscope itemtype=\"http:\/\/schema.org\/ImageObject\"> <a href=\"https:\/\/staging.asufin.com\/staging\/160920_andreu_misse_0793\/\" border=\"0\" itemprop=\"url\"> <meta itemprop=\"width\" content=\"455\"> <meta itemprop=\"height\" content=\"682\"> <img loading=\"lazy\" decoding=\"async\" class=\"\" data-attachment-id=\"25499\" data-orig-file=\"https:\/\/staging.asufin.com\/staging\/wp-content\/uploads\/2016\/09\/160920_ANDREU_MISSE_0793.jpg\" data-orig-size=\"800,1200\" data-comments-opened=\"1\" data-image-meta=\"{&quot;aperture&quot;:&quot;0&quot;,&quot;credit&quot;:&quot;&quot;,&quot;camera&quot;:&quot;&quot;,&quot;caption&quot;:&quot;&quot;,&quot;created_timestamp&quot;:&quot;0&quot;,&quot;copyright&quot;:&quot;&quot;,&quot;focal_length&quot;:&quot;0&quot;,&quot;iso&quot;:&quot;0&quot;,&quot;shutter_speed&quot;:&quot;0&quot;,&quot;title&quot;:&quot;&quot;,&quot;orientation&quot;:&quot;0&quot;}\" data-image-title=\"160920_andreu_misse_0793\" data-image-description=\"\" data-medium-file=\"https:\/\/i0.wp.com\/staging.asufin.com\/staging\/wp-content\/uploads\/2016\/09\/160920_ANDREU_MISSE_0793.jpg?fit=200%2C300&#038;ssl=1\" data-large-file=\"https:\/\/i0.wp.com\/staging.asufin.com\/staging\/wp-content\/uploads\/2016\/09\/160920_ANDREU_MISSE_0793.jpg?fit=683%2C1024&#038;ssl=1\" src=\"https:\/\/i0.wp.com\/staging.asufin.com\/staging\/wp-content\/uploads\/2016\/09\/160920_ANDREU_MISSE_0793.jpg?w=455&#038;h=682&#038;ssl=1\" srcset=\"https:\/\/i0.wp.com\/staging.asufin.com\/staging\/wp-content\/uploads\/2016\/09\/160920_ANDREU_MISSE_0793.jpg?w=800&amp;ssl=1 800w, https:\/\/i0.wp.com\/staging.asufin.com\/staging\/wp-content\/uploads\/2016\/09\/160920_ANDREU_MISSE_0793.jpg?resize=200%2C300&amp;ssl=1 200w, https:\/\/i0.wp.com\/staging.asufin.com\/staging\/wp-content\/uploads\/2016\/09\/160920_ANDREU_MISSE_0793.jpg?resize=768%2C1152&amp;ssl=1 768w, https:\/\/i0.wp.com\/staging.asufin.com\/staging\/wp-content\/uploads\/2016\/09\/160920_ANDREU_MISSE_0793.jpg?resize=683%2C1024&amp;ssl=1 683w, https:\/\/i0.wp.com\/staging.asufin.com\/staging\/wp-content\/uploads\/2016\/09\/160920_ANDREU_MISSE_0793.jpg?resize=600%2C900&amp;ssl=1 600w\" width=\"455\" height=\"682\" loading=\"lazy\" data-original-width=\"455\" data-original-height=\"682\" itemprop=\"http:\/\/schema.org\/image\" title=\"160920_andreu_misse_0793\" alt=\"Andreu Miss\u00e9\" style=\"width: 455px; height: 682px;\" \/> <\/a> <div class=\"tiled-gallery-caption\" itemprop=\"caption description\"> Andreu Miss\u00e9 <\/div> <\/div> <\/div> <!-- close group --> <div class=\"gallery-group images-3\" style=\"width: 341px; height: 686px;\" data-original-width=\"341\" data-original-height=\"686\" > <div class=\"tiled-gallery-item tiled-gallery-item-large\" itemprop=\"associatedMedia\" itemscope itemtype=\"http:\/\/schema.org\/ImageObject\"> <a href=\"https:\/\/staging.asufin.com\/staging\/160920_andreu_misse_0840\/\" border=\"0\" itemprop=\"url\"> <meta itemprop=\"width\" content=\"337\"> <meta itemprop=\"height\" content=\"225\"> <img loading=\"lazy\" decoding=\"async\" class=\"\" data-attachment-id=\"25508\" data-orig-file=\"https:\/\/staging.asufin.com\/staging\/wp-content\/uploads\/2016\/09\/160920_ANDREU_MISSE_0840.jpg\" data-orig-size=\"1200,800\" data-comments-opened=\"1\" data-image-meta=\"{&quot;aperture&quot;:&quot;0&quot;,&quot;credit&quot;:&quot;&quot;,&quot;camera&quot;:&quot;&quot;,&quot;caption&quot;:&quot;&quot;,&quot;created_timestamp&quot;:&quot;0&quot;,&quot;copyright&quot;:&quot;&quot;,&quot;focal_length&quot;:&quot;0&quot;,&quot;iso&quot;:&quot;0&quot;,&quot;shutter_speed&quot;:&quot;0&quot;,&quot;title&quot;:&quot;&quot;,&quot;orientation&quot;:&quot;0&quot;}\" data-image-title=\"160920_andreu_misse_0840\" data-image-description=\"\" data-medium-file=\"https:\/\/i0.wp.com\/staging.asufin.com\/staging\/wp-content\/uploads\/2016\/09\/160920_ANDREU_MISSE_0840.jpg?fit=300%2C200&#038;ssl=1\" data-large-file=\"https:\/\/i0.wp.com\/staging.asufin.com\/staging\/wp-content\/uploads\/2016\/09\/160920_ANDREU_MISSE_0840.jpg?fit=800%2C534&#038;ssl=1\" src=\"https:\/\/i0.wp.com\/staging.asufin.com\/staging\/wp-content\/uploads\/2016\/09\/160920_ANDREU_MISSE_0840.jpg?w=337&#038;h=225&#038;ssl=1\" srcset=\"https:\/\/i0.wp.com\/staging.asufin.com\/staging\/wp-content\/uploads\/2016\/09\/160920_ANDREU_MISSE_0840.jpg?w=1200&amp;ssl=1 1200w, https:\/\/i0.wp.com\/staging.asufin.com\/staging\/wp-content\/uploads\/2016\/09\/160920_ANDREU_MISSE_0840.jpg?resize=300%2C200&amp;ssl=1 300w, https:\/\/i0.wp.com\/staging.asufin.com\/staging\/wp-content\/uploads\/2016\/09\/160920_ANDREU_MISSE_0840.jpg?resize=768%2C512&amp;ssl=1 768w, https:\/\/i0.wp.com\/staging.asufin.com\/staging\/wp-content\/uploads\/2016\/09\/160920_ANDREU_MISSE_0840.jpg?resize=1024%2C683&amp;ssl=1 1024w, https:\/\/i0.wp.com\/staging.asufin.com\/staging\/wp-content\/uploads\/2016\/09\/160920_ANDREU_MISSE_0840.jpg?resize=600%2C400&amp;ssl=1 600w, https:\/\/i0.wp.com\/staging.asufin.com\/staging\/wp-content\/uploads\/2016\/09\/160920_ANDREU_MISSE_0840.jpg?resize=360%2C240&amp;ssl=1 360w\" width=\"337\" height=\"225\" loading=\"lazy\" data-original-width=\"337\" data-original-height=\"225\" itemprop=\"http:\/\/schema.org\/image\" title=\"160920_andreu_misse_0840\" alt=\"Andreu Miss\u00e9 y Patricia Su\u00e1rez en la sede de ASUFIN.\" style=\"width: 337px; height: 225px;\" \/> <\/a> <div class=\"tiled-gallery-caption\" itemprop=\"caption description\"> Andreu Miss\u00e9 y Patricia Su\u00e1rez en la sede de ASUFIN. <\/div> <\/div> <div class=\"tiled-gallery-item tiled-gallery-item-large\" itemprop=\"associatedMedia\" itemscope itemtype=\"http:\/\/schema.org\/ImageObject\"> <a href=\"https:\/\/staging.asufin.com\/staging\/160920_andreu_misse_0833\/\" border=\"0\" itemprop=\"url\"> <meta itemprop=\"width\" content=\"337\"> <meta itemprop=\"height\" content=\"225\"> <img loading=\"lazy\" decoding=\"async\" class=\"\" data-attachment-id=\"25506\" data-orig-file=\"https:\/\/staging.asufin.com\/staging\/wp-content\/uploads\/2016\/09\/160920_ANDREU_MISSE_0833.jpg\" data-orig-size=\"1200,800\" data-comments-opened=\"1\" data-image-meta=\"{&quot;aperture&quot;:&quot;0&quot;,&quot;credit&quot;:&quot;&quot;,&quot;camera&quot;:&quot;&quot;,&quot;caption&quot;:&quot;&quot;,&quot;created_timestamp&quot;:&quot;0&quot;,&quot;copyright&quot;:&quot;&quot;,&quot;focal_length&quot;:&quot;0&quot;,&quot;iso&quot;:&quot;0&quot;,&quot;shutter_speed&quot;:&quot;0&quot;,&quot;title&quot;:&quot;&quot;,&quot;orientation&quot;:&quot;0&quot;}\" data-image-title=\"160920_andreu_misse_0833\" data-image-description=\"\" data-medium-file=\"https:\/\/i0.wp.com\/staging.asufin.com\/staging\/wp-content\/uploads\/2016\/09\/160920_ANDREU_MISSE_0833.jpg?fit=300%2C200&#038;ssl=1\" data-large-file=\"https:\/\/i0.wp.com\/staging.asufin.com\/staging\/wp-content\/uploads\/2016\/09\/160920_ANDREU_MISSE_0833.jpg?fit=800%2C534&#038;ssl=1\" src=\"https:\/\/i0.wp.com\/staging.asufin.com\/staging\/wp-content\/uploads\/2016\/09\/160920_ANDREU_MISSE_0833.jpg?w=337&#038;h=225&#038;ssl=1\" srcset=\"https:\/\/i0.wp.com\/staging.asufin.com\/staging\/wp-content\/uploads\/2016\/09\/160920_ANDREU_MISSE_0833.jpg?w=1200&amp;ssl=1 1200w, https:\/\/i0.wp.com\/staging.asufin.com\/staging\/wp-content\/uploads\/2016\/09\/160920_ANDREU_MISSE_0833.jpg?resize=300%2C200&amp;ssl=1 300w, https:\/\/i0.wp.com\/staging.asufin.com\/staging\/wp-content\/uploads\/2016\/09\/160920_ANDREU_MISSE_0833.jpg?resize=768%2C512&amp;ssl=1 768w, https:\/\/i0.wp.com\/staging.asufin.com\/staging\/wp-content\/uploads\/2016\/09\/160920_ANDREU_MISSE_0833.jpg?resize=1024%2C683&amp;ssl=1 1024w, https:\/\/i0.wp.com\/staging.asufin.com\/staging\/wp-content\/uploads\/2016\/09\/160920_ANDREU_MISSE_0833.jpg?resize=600%2C400&amp;ssl=1 600w, https:\/\/i0.wp.com\/staging.asufin.com\/staging\/wp-content\/uploads\/2016\/09\/160920_ANDREU_MISSE_0833.jpg?resize=360%2C240&amp;ssl=1 360w\" width=\"337\" height=\"225\" loading=\"lazy\" data-original-width=\"337\" data-original-height=\"225\" itemprop=\"http:\/\/schema.org\/image\" title=\"160920_andreu_misse_0833\" alt=\"Elizabeth Orea, gabinete comunicaci\u00f3n ASUFIN, graba la entrevista\" style=\"width: 337px; height: 225px;\" \/> <\/a> <div class=\"tiled-gallery-caption\" itemprop=\"caption description\"> Elizabeth Orea, gabinete comunicaci\u00f3n ASUFIN, graba la entrevista <\/div> <\/div> <div class=\"tiled-gallery-item tiled-gallery-item-large\" itemprop=\"associatedMedia\" itemscope itemtype=\"http:\/\/schema.org\/ImageObject\"> <a href=\"https:\/\/staging.asufin.com\/staging\/160920_andreu_misse_0856\/\" border=\"0\" itemprop=\"url\"> <meta itemprop=\"width\" content=\"337\"> <meta itemprop=\"height\" content=\"224\"> <img loading=\"lazy\" decoding=\"async\" class=\"\" data-attachment-id=\"25511\" data-orig-file=\"https:\/\/staging.asufin.com\/staging\/wp-content\/uploads\/2016\/09\/160920_ANDREU_MISSE_0856.jpg\" data-orig-size=\"1200,800\" data-comments-opened=\"1\" data-image-meta=\"{&quot;aperture&quot;:&quot;0&quot;,&quot;credit&quot;:&quot;&quot;,&quot;camera&quot;:&quot;&quot;,&quot;caption&quot;:&quot;&quot;,&quot;created_timestamp&quot;:&quot;0&quot;,&quot;copyright&quot;:&quot;&quot;,&quot;focal_length&quot;:&quot;0&quot;,&quot;iso&quot;:&quot;0&quot;,&quot;shutter_speed&quot;:&quot;0&quot;,&quot;title&quot;:&quot;&quot;,&quot;orientation&quot;:&quot;0&quot;}\" data-image-title=\"160920_andreu_misse_0856\" data-image-description=\"\" data-medium-file=\"https:\/\/i0.wp.com\/staging.asufin.com\/staging\/wp-content\/uploads\/2016\/09\/160920_ANDREU_MISSE_0856.jpg?fit=300%2C200&#038;ssl=1\" data-large-file=\"https:\/\/i0.wp.com\/staging.asufin.com\/staging\/wp-content\/uploads\/2016\/09\/160920_ANDREU_MISSE_0856.jpg?fit=800%2C534&#038;ssl=1\" src=\"https:\/\/i0.wp.com\/staging.asufin.com\/staging\/wp-content\/uploads\/2016\/09\/160920_ANDREU_MISSE_0856.jpg?w=337&#038;h=224&#038;ssl=1\" srcset=\"https:\/\/i0.wp.com\/staging.asufin.com\/staging\/wp-content\/uploads\/2016\/09\/160920_ANDREU_MISSE_0856.jpg?w=1200&amp;ssl=1 1200w, https:\/\/i0.wp.com\/staging.asufin.com\/staging\/wp-content\/uploads\/2016\/09\/160920_ANDREU_MISSE_0856.jpg?resize=300%2C200&amp;ssl=1 300w, https:\/\/i0.wp.com\/staging.asufin.com\/staging\/wp-content\/uploads\/2016\/09\/160920_ANDREU_MISSE_0856.jpg?resize=768%2C512&amp;ssl=1 768w, https:\/\/i0.wp.com\/staging.asufin.com\/staging\/wp-content\/uploads\/2016\/09\/160920_ANDREU_MISSE_0856.jpg?resize=1024%2C683&amp;ssl=1 1024w, https:\/\/i0.wp.com\/staging.asufin.com\/staging\/wp-content\/uploads\/2016\/09\/160920_ANDREU_MISSE_0856.jpg?resize=600%2C400&amp;ssl=1 600w, https:\/\/i0.wp.com\/staging.asufin.com\/staging\/wp-content\/uploads\/2016\/09\/160920_ANDREU_MISSE_0856.jpg?resize=100%2C65&amp;ssl=1 100w, https:\/\/i0.wp.com\/staging.asufin.com\/staging\/wp-content\/uploads\/2016\/09\/160920_ANDREU_MISSE_0856.jpg?resize=360%2C240&amp;ssl=1 360w\" width=\"337\" height=\"224\" loading=\"lazy\" data-original-width=\"337\" data-original-height=\"224\" itemprop=\"http:\/\/schema.org\/image\" title=\"160920_andreu_misse_0856\" alt=\"Andreu Miss\u00e9 dedica el libro a Patricia Su\u00e1rez\" style=\"width: 337px; height: 224px;\" \/> <\/a> <div class=\"tiled-gallery-caption\" itemprop=\"caption description\"> Andreu Miss\u00e9 dedica el libro a Patricia Su\u00e1rez <\/div> <\/div> <\/div> <!-- close group --> <\/div> <!-- close row --> <div class=\"gallery-row\" style=\"width: 800px; height: 357px;\" data-original-width=\"800\" data-original-height=\"357\" > <div class=\"gallery-group images-1\" style=\"width: 534px; height: 357px;\" data-original-width=\"534\" data-original-height=\"357\" > <div class=\"tiled-gallery-item tiled-gallery-item-large\" itemprop=\"associatedMedia\" itemscope itemtype=\"http:\/\/schema.org\/ImageObject\"> <a href=\"https:\/\/staging.asufin.com\/staging\/160920_andreu_misse_0816\/\" border=\"0\" itemprop=\"url\"> <meta itemprop=\"width\" content=\"530\"> <meta itemprop=\"height\" content=\"353\"> <img loading=\"lazy\" decoding=\"async\" class=\"\" data-attachment-id=\"25501\" data-orig-file=\"https:\/\/staging.asufin.com\/staging\/wp-content\/uploads\/2016\/09\/160920_ANDREU_MISSE_0816.jpg\" data-orig-size=\"1200,800\" data-comments-opened=\"1\" data-image-meta=\"{&quot;aperture&quot;:&quot;0&quot;,&quot;credit&quot;:&quot;&quot;,&quot;camera&quot;:&quot;&quot;,&quot;caption&quot;:&quot;&quot;,&quot;created_timestamp&quot;:&quot;0&quot;,&quot;copyright&quot;:&quot;&quot;,&quot;focal_length&quot;:&quot;0&quot;,&quot;iso&quot;:&quot;0&quot;,&quot;shutter_speed&quot;:&quot;0&quot;,&quot;title&quot;:&quot;&quot;,&quot;orientation&quot;:&quot;0&quot;}\" data-image-title=\"160920_andreu_misse_0816\" data-image-description=\"\" data-medium-file=\"https:\/\/i0.wp.com\/staging.asufin.com\/staging\/wp-content\/uploads\/2016\/09\/160920_ANDREU_MISSE_0816.jpg?fit=300%2C200&#038;ssl=1\" data-large-file=\"https:\/\/i0.wp.com\/staging.asufin.com\/staging\/wp-content\/uploads\/2016\/09\/160920_ANDREU_MISSE_0816.jpg?fit=800%2C534&#038;ssl=1\" src=\"https:\/\/i0.wp.com\/staging.asufin.com\/staging\/wp-content\/uploads\/2016\/09\/160920_ANDREU_MISSE_0816.jpg?w=530&#038;h=353&#038;ssl=1\" srcset=\"https:\/\/i0.wp.com\/staging.asufin.com\/staging\/wp-content\/uploads\/2016\/09\/160920_ANDREU_MISSE_0816.jpg?w=1200&amp;ssl=1 1200w, https:\/\/i0.wp.com\/staging.asufin.com\/staging\/wp-content\/uploads\/2016\/09\/160920_ANDREU_MISSE_0816.jpg?resize=300%2C200&amp;ssl=1 300w, https:\/\/i0.wp.com\/staging.asufin.com\/staging\/wp-content\/uploads\/2016\/09\/160920_ANDREU_MISSE_0816.jpg?resize=768%2C512&amp;ssl=1 768w, https:\/\/i0.wp.com\/staging.asufin.com\/staging\/wp-content\/uploads\/2016\/09\/160920_ANDREU_MISSE_0816.jpg?resize=1024%2C683&amp;ssl=1 1024w, https:\/\/i0.wp.com\/staging.asufin.com\/staging\/wp-content\/uploads\/2016\/09\/160920_ANDREU_MISSE_0816.jpg?resize=600%2C400&amp;ssl=1 600w, https:\/\/i0.wp.com\/staging.asufin.com\/staging\/wp-content\/uploads\/2016\/09\/160920_ANDREU_MISSE_0816.jpg?resize=360%2C240&amp;ssl=1 360w\" width=\"530\" height=\"353\" loading=\"lazy\" data-original-width=\"530\" data-original-height=\"353\" itemprop=\"http:\/\/schema.org\/image\" title=\"160920_andreu_misse_0816\" alt=\"Andreu Miss\u00e9 y Patricia Su\u00e1rez en la sede de ASUFIN.\" style=\"width: 530px; height: 353px;\" \/> <\/a> <div class=\"tiled-gallery-caption\" itemprop=\"caption description\"> Andreu Miss\u00e9 y Patricia Su\u00e1rez en la sede de ASUFIN. <\/div> <\/div> <\/div> <!-- close group --> <div class=\"gallery-group images-2\" style=\"width: 266px; height: 357px;\" data-original-width=\"266\" data-original-height=\"357\" > <div class=\"tiled-gallery-item tiled-gallery-item-large\" itemprop=\"associatedMedia\" itemscope itemtype=\"http:\/\/schema.org\/ImageObject\"> <a href=\"https:\/\/staging.asufin.com\/staging\/160920_andreu_misse_0846\/\" border=\"0\" itemprop=\"url\"> <meta itemprop=\"width\" content=\"262\"> <meta itemprop=\"height\" content=\"175\"> <img loading=\"lazy\" decoding=\"async\" class=\"\" data-attachment-id=\"25509\" data-orig-file=\"https:\/\/staging.asufin.com\/staging\/wp-content\/uploads\/2016\/09\/160920_ANDREU_MISSE_0846.jpg\" data-orig-size=\"1200,800\" data-comments-opened=\"1\" data-image-meta=\"{&quot;aperture&quot;:&quot;0&quot;,&quot;credit&quot;:&quot;&quot;,&quot;camera&quot;:&quot;&quot;,&quot;caption&quot;:&quot;&quot;,&quot;created_timestamp&quot;:&quot;0&quot;,&quot;copyright&quot;:&quot;&quot;,&quot;focal_length&quot;:&quot;0&quot;,&quot;iso&quot;:&quot;0&quot;,&quot;shutter_speed&quot;:&quot;0&quot;,&quot;title&quot;:&quot;&quot;,&quot;orientation&quot;:&quot;0&quot;}\" data-image-title=\"160920_andreu_misse_0846\" data-image-description=\"\" data-medium-file=\"https:\/\/i0.wp.com\/staging.asufin.com\/staging\/wp-content\/uploads\/2016\/09\/160920_ANDREU_MISSE_0846.jpg?fit=300%2C200&#038;ssl=1\" data-large-file=\"https:\/\/i0.wp.com\/staging.asufin.com\/staging\/wp-content\/uploads\/2016\/09\/160920_ANDREU_MISSE_0846.jpg?fit=800%2C534&#038;ssl=1\" src=\"https:\/\/i0.wp.com\/staging.asufin.com\/staging\/wp-content\/uploads\/2016\/09\/160920_ANDREU_MISSE_0846.jpg?w=262&#038;h=175&#038;ssl=1\" srcset=\"https:\/\/i0.wp.com\/staging.asufin.com\/staging\/wp-content\/uploads\/2016\/09\/160920_ANDREU_MISSE_0846.jpg?w=1200&amp;ssl=1 1200w, https:\/\/i0.wp.com\/staging.asufin.com\/staging\/wp-content\/uploads\/2016\/09\/160920_ANDREU_MISSE_0846.jpg?resize=300%2C200&amp;ssl=1 300w, https:\/\/i0.wp.com\/staging.asufin.com\/staging\/wp-content\/uploads\/2016\/09\/160920_ANDREU_MISSE_0846.jpg?resize=768%2C512&amp;ssl=1 768w, https:\/\/i0.wp.com\/staging.asufin.com\/staging\/wp-content\/uploads\/2016\/09\/160920_ANDREU_MISSE_0846.jpg?resize=1024%2C683&amp;ssl=1 1024w, https:\/\/i0.wp.com\/staging.asufin.com\/staging\/wp-content\/uploads\/2016\/09\/160920_ANDREU_MISSE_0846.jpg?resize=600%2C400&amp;ssl=1 600w, https:\/\/i0.wp.com\/staging.asufin.com\/staging\/wp-content\/uploads\/2016\/09\/160920_ANDREU_MISSE_0846.jpg?resize=360%2C240&amp;ssl=1 360w\" width=\"262\" height=\"175\" loading=\"lazy\" data-original-width=\"262\" data-original-height=\"175\" itemprop=\"http:\/\/schema.org\/image\" title=\"160920_andreu_misse_0846\" alt=\"Roc\u00edo Irirsarri, jefa de prensa ASUFIN, entrevista a Miss\u00e9\" style=\"width: 262px; height: 175px;\" \/> <\/a> <div class=\"tiled-gallery-caption\" itemprop=\"caption description\"> Roc\u00edo Irirsarri, jefa de prensa ASUFIN, entrevista a Miss\u00e9 <\/div> <\/div> <div class=\"tiled-gallery-item tiled-gallery-item-large\" itemprop=\"associatedMedia\" itemscope itemtype=\"http:\/\/schema.org\/ImageObject\"> <a href=\"https:\/\/staging.asufin.com\/staging\/160920_andreu_misse_0849\/\" border=\"0\" itemprop=\"url\"> <meta itemprop=\"width\" content=\"262\"> <meta itemprop=\"height\" content=\"174\"> <img loading=\"lazy\" decoding=\"async\" class=\"\" data-attachment-id=\"25510\" data-orig-file=\"https:\/\/staging.asufin.com\/staging\/wp-content\/uploads\/2016\/09\/160920_ANDREU_MISSE_0849.jpg\" data-orig-size=\"1200,800\" data-comments-opened=\"1\" data-image-meta=\"{&quot;aperture&quot;:&quot;0&quot;,&quot;credit&quot;:&quot;&quot;,&quot;camera&quot;:&quot;&quot;,&quot;caption&quot;:&quot;&quot;,&quot;created_timestamp&quot;:&quot;0&quot;,&quot;copyright&quot;:&quot;&quot;,&quot;focal_length&quot;:&quot;0&quot;,&quot;iso&quot;:&quot;0&quot;,&quot;shutter_speed&quot;:&quot;0&quot;,&quot;title&quot;:&quot;&quot;,&quot;orientation&quot;:&quot;0&quot;}\" data-image-title=\"160920_andreu_misse_0849\" data-image-description=\"\" data-medium-file=\"https:\/\/i0.wp.com\/staging.asufin.com\/staging\/wp-content\/uploads\/2016\/09\/160920_ANDREU_MISSE_0849.jpg?fit=300%2C200&#038;ssl=1\" data-large-file=\"https:\/\/i0.wp.com\/staging.asufin.com\/staging\/wp-content\/uploads\/2016\/09\/160920_ANDREU_MISSE_0849.jpg?fit=800%2C534&#038;ssl=1\" src=\"https:\/\/i0.wp.com\/staging.asufin.com\/staging\/wp-content\/uploads\/2016\/09\/160920_ANDREU_MISSE_0849.jpg?w=262&#038;h=174&#038;ssl=1\" srcset=\"https:\/\/i0.wp.com\/staging.asufin.com\/staging\/wp-content\/uploads\/2016\/09\/160920_ANDREU_MISSE_0849.jpg?w=1200&amp;ssl=1 1200w, https:\/\/i0.wp.com\/staging.asufin.com\/staging\/wp-content\/uploads\/2016\/09\/160920_ANDREU_MISSE_0849.jpg?resize=300%2C200&amp;ssl=1 300w, https:\/\/i0.wp.com\/staging.asufin.com\/staging\/wp-content\/uploads\/2016\/09\/160920_ANDREU_MISSE_0849.jpg?resize=768%2C512&amp;ssl=1 768w, https:\/\/i0.wp.com\/staging.asufin.com\/staging\/wp-content\/uploads\/2016\/09\/160920_ANDREU_MISSE_0849.jpg?resize=1024%2C683&amp;ssl=1 1024w, https:\/\/i0.wp.com\/staging.asufin.com\/staging\/wp-content\/uploads\/2016\/09\/160920_ANDREU_MISSE_0849.jpg?resize=600%2C400&amp;ssl=1 600w, https:\/\/i0.wp.com\/staging.asufin.com\/staging\/wp-content\/uploads\/2016\/09\/160920_ANDREU_MISSE_0849.jpg?resize=100%2C65&amp;ssl=1 100w, https:\/\/i0.wp.com\/staging.asufin.com\/staging\/wp-content\/uploads\/2016\/09\/160920_ANDREU_MISSE_0849.jpg?resize=360%2C240&amp;ssl=1 360w, https:\/\/i0.wp.com\/staging.asufin.com\/staging\/wp-content\/uploads\/2016\/09\/160920_ANDREU_MISSE_0849.jpg?resize=759%2C500&amp;ssl=1 759w\" width=\"262\" height=\"174\" loading=\"lazy\" data-original-width=\"262\" data-original-height=\"174\" itemprop=\"http:\/\/schema.org\/image\" title=\"160920_andreu_misse_0849\" alt=\"Roc\u00edo Irirsarri, jefa de prensa ASUFIN, entrevista a Miss\u00e9\" style=\"width: 262px; height: 174px;\" \/> <\/a> <div class=\"tiled-gallery-caption\" itemprop=\"caption description\"> Roc\u00edo Irirsarri, jefa de prensa ASUFIN, entrevista a Miss\u00e9 <\/div> <\/div> <\/div> <!-- close group --> <\/div> <!-- close row --> <div class=\"gallery-row\" style=\"width: 800px; height: 565px;\" data-original-width=\"800\" data-original-height=\"565\" > <div class=\"gallery-group images-2\" style=\"width: 422px; height: 565px;\" data-original-width=\"422\" data-original-height=\"565\" > <div class=\"tiled-gallery-item tiled-gallery-item-large\" itemprop=\"associatedMedia\" itemscope itemtype=\"http:\/\/schema.org\/ImageObject\"> <a href=\"https:\/\/staging.asufin.com\/staging\/160920_andreu_misse_0824\/\" border=\"0\" itemprop=\"url\"> <meta itemprop=\"width\" content=\"418\"> <meta itemprop=\"height\" content=\"279\"> <img loading=\"lazy\" decoding=\"async\" class=\"\" data-attachment-id=\"25502\" data-orig-file=\"https:\/\/staging.asufin.com\/staging\/wp-content\/uploads\/2016\/09\/160920_ANDREU_MISSE_0824.jpg\" data-orig-size=\"1200,800\" data-comments-opened=\"1\" data-image-meta=\"{&quot;aperture&quot;:&quot;0&quot;,&quot;credit&quot;:&quot;&quot;,&quot;camera&quot;:&quot;&quot;,&quot;caption&quot;:&quot;&quot;,&quot;created_timestamp&quot;:&quot;0&quot;,&quot;copyright&quot;:&quot;&quot;,&quot;focal_length&quot;:&quot;0&quot;,&quot;iso&quot;:&quot;0&quot;,&quot;shutter_speed&quot;:&quot;0&quot;,&quot;title&quot;:&quot;&quot;,&quot;orientation&quot;:&quot;0&quot;}\" data-image-title=\"160920_andreu_misse_0824\" data-image-description=\"\" data-medium-file=\"https:\/\/i0.wp.com\/staging.asufin.com\/staging\/wp-content\/uploads\/2016\/09\/160920_ANDREU_MISSE_0824.jpg?fit=300%2C200&#038;ssl=1\" data-large-file=\"https:\/\/i0.wp.com\/staging.asufin.com\/staging\/wp-content\/uploads\/2016\/09\/160920_ANDREU_MISSE_0824.jpg?fit=800%2C534&#038;ssl=1\" src=\"https:\/\/i0.wp.com\/staging.asufin.com\/staging\/wp-content\/uploads\/2016\/09\/160920_ANDREU_MISSE_0824.jpg?w=418&#038;h=279&#038;ssl=1\" srcset=\"https:\/\/i0.wp.com\/staging.asufin.com\/staging\/wp-content\/uploads\/2016\/09\/160920_ANDREU_MISSE_0824.jpg?w=1200&amp;ssl=1 1200w, https:\/\/i0.wp.com\/staging.asufin.com\/staging\/wp-content\/uploads\/2016\/09\/160920_ANDREU_MISSE_0824.jpg?resize=300%2C200&amp;ssl=1 300w, https:\/\/i0.wp.com\/staging.asufin.com\/staging\/wp-content\/uploads\/2016\/09\/160920_ANDREU_MISSE_0824.jpg?resize=768%2C512&amp;ssl=1 768w, https:\/\/i0.wp.com\/staging.asufin.com\/staging\/wp-content\/uploads\/2016\/09\/160920_ANDREU_MISSE_0824.jpg?resize=1024%2C683&amp;ssl=1 1024w, https:\/\/i0.wp.com\/staging.asufin.com\/staging\/wp-content\/uploads\/2016\/09\/160920_ANDREU_MISSE_0824.jpg?resize=600%2C400&amp;ssl=1 600w, https:\/\/i0.wp.com\/staging.asufin.com\/staging\/wp-content\/uploads\/2016\/09\/160920_ANDREU_MISSE_0824.jpg?resize=360%2C240&amp;ssl=1 360w\" width=\"418\" height=\"279\" loading=\"lazy\" data-original-width=\"418\" data-original-height=\"279\" itemprop=\"http:\/\/schema.org\/image\" title=\"160920_andreu_misse_0824\" alt=\"Andreu Miss\u00e9 y Patricia Su\u00e1rez en la sede de ASUFIN.\" style=\"width: 418px; height: 279px;\" \/> <\/a> <div class=\"tiled-gallery-caption\" itemprop=\"caption description\"> Andreu Miss\u00e9 y Patricia Su\u00e1rez en la sede de ASUFIN. <\/div> <\/div> <div class=\"tiled-gallery-item tiled-gallery-item-large\" itemprop=\"associatedMedia\" itemscope itemtype=\"http:\/\/schema.org\/ImageObject\"> <a href=\"https:\/\/staging.asufin.com\/staging\/160920_andreu_misse_0788\/\" border=\"0\" itemprop=\"url\"> <meta itemprop=\"width\" content=\"418\"> <meta itemprop=\"height\" content=\"278\"> <img loading=\"lazy\" decoding=\"async\" class=\"\" data-attachment-id=\"25498\" data-orig-file=\"https:\/\/staging.asufin.com\/staging\/wp-content\/uploads\/2016\/09\/160920_ANDREU_MISSE_0788.jpg\" data-orig-size=\"1200,800\" data-comments-opened=\"1\" data-image-meta=\"{&quot;aperture&quot;:&quot;0&quot;,&quot;credit&quot;:&quot;&quot;,&quot;camera&quot;:&quot;&quot;,&quot;caption&quot;:&quot;&quot;,&quot;created_timestamp&quot;:&quot;0&quot;,&quot;copyright&quot;:&quot;&quot;,&quot;focal_length&quot;:&quot;0&quot;,&quot;iso&quot;:&quot;0&quot;,&quot;shutter_speed&quot;:&quot;0&quot;,&quot;title&quot;:&quot;&quot;,&quot;orientation&quot;:&quot;0&quot;}\" data-image-title=\"160920_andreu_misse_0788\" data-image-description=\"\" data-medium-file=\"https:\/\/i0.wp.com\/staging.asufin.com\/staging\/wp-content\/uploads\/2016\/09\/160920_ANDREU_MISSE_0788.jpg?fit=300%2C200&#038;ssl=1\" data-large-file=\"https:\/\/i0.wp.com\/staging.asufin.com\/staging\/wp-content\/uploads\/2016\/09\/160920_ANDREU_MISSE_0788.jpg?fit=800%2C534&#038;ssl=1\" src=\"https:\/\/i0.wp.com\/staging.asufin.com\/staging\/wp-content\/uploads\/2016\/09\/160920_ANDREU_MISSE_0788.jpg?w=418&#038;h=278&#038;ssl=1\" srcset=\"https:\/\/i0.wp.com\/staging.asufin.com\/staging\/wp-content\/uploads\/2016\/09\/160920_ANDREU_MISSE_0788.jpg?w=1200&amp;ssl=1 1200w, https:\/\/i0.wp.com\/staging.asufin.com\/staging\/wp-content\/uploads\/2016\/09\/160920_ANDREU_MISSE_0788.jpg?resize=300%2C200&amp;ssl=1 300w, https:\/\/i0.wp.com\/staging.asufin.com\/staging\/wp-content\/uploads\/2016\/09\/160920_ANDREU_MISSE_0788.jpg?resize=768%2C512&amp;ssl=1 768w, https:\/\/i0.wp.com\/staging.asufin.com\/staging\/wp-content\/uploads\/2016\/09\/160920_ANDREU_MISSE_0788.jpg?resize=1024%2C683&amp;ssl=1 1024w, https:\/\/i0.wp.com\/staging.asufin.com\/staging\/wp-content\/uploads\/2016\/09\/160920_ANDREU_MISSE_0788.jpg?resize=600%2C400&amp;ssl=1 600w, https:\/\/i0.wp.com\/staging.asufin.com\/staging\/wp-content\/uploads\/2016\/09\/160920_ANDREU_MISSE_0788.jpg?resize=360%2C240&amp;ssl=1 360w\" width=\"418\" height=\"278\" loading=\"lazy\" data-original-width=\"418\" data-original-height=\"278\" itemprop=\"http:\/\/schema.org\/image\" title=\"160920_andreu_misse_0788\" alt=\"Andreu Miss\u00e9 y Patricia Su\u00e1rez en la sede de ASUFIN.\" style=\"width: 418px; height: 278px;\" \/> <\/a> <div class=\"tiled-gallery-caption\" itemprop=\"caption description\"> Andreu Miss\u00e9 y Patricia Su\u00e1rez en la sede de ASUFIN. <\/div> <\/div> <\/div> <!-- close group --> <div class=\"gallery-group images-1\" style=\"width: 378px; height: 565px;\" data-original-width=\"378\" data-original-height=\"565\" > <div class=\"tiled-gallery-item tiled-gallery-item-large\" itemprop=\"associatedMedia\" itemscope itemtype=\"http:\/\/schema.org\/ImageObject\"> <a href=\"https:\/\/staging.asufin.com\/staging\/160920_andreu_misse_0837\/\" border=\"0\" itemprop=\"url\"> <meta itemprop=\"width\" content=\"374\"> <meta itemprop=\"height\" content=\"561\"> <img loading=\"lazy\" decoding=\"async\" class=\"\" data-attachment-id=\"25507\" data-orig-file=\"https:\/\/staging.asufin.com\/staging\/wp-content\/uploads\/2016\/09\/160920_ANDREU_MISSE_0837.jpg\" data-orig-size=\"800,1200\" data-comments-opened=\"1\" data-image-meta=\"{&quot;aperture&quot;:&quot;0&quot;,&quot;credit&quot;:&quot;&quot;,&quot;camera&quot;:&quot;&quot;,&quot;caption&quot;:&quot;&quot;,&quot;created_timestamp&quot;:&quot;0&quot;,&quot;copyright&quot;:&quot;&quot;,&quot;focal_length&quot;:&quot;0&quot;,&quot;iso&quot;:&quot;0&quot;,&quot;shutter_speed&quot;:&quot;0&quot;,&quot;title&quot;:&quot;&quot;,&quot;orientation&quot;:&quot;0&quot;}\" data-image-title=\"160920_andreu_misse_0837\" data-image-description=\"\" data-medium-file=\"https:\/\/i0.wp.com\/staging.asufin.com\/staging\/wp-content\/uploads\/2016\/09\/160920_ANDREU_MISSE_0837.jpg?fit=200%2C300&#038;ssl=1\" data-large-file=\"https:\/\/i0.wp.com\/staging.asufin.com\/staging\/wp-content\/uploads\/2016\/09\/160920_ANDREU_MISSE_0837.jpg?fit=683%2C1024&#038;ssl=1\" src=\"https:\/\/i0.wp.com\/staging.asufin.com\/staging\/wp-content\/uploads\/2016\/09\/160920_ANDREU_MISSE_0837.jpg?w=374&#038;h=561&#038;ssl=1\" srcset=\"https:\/\/i0.wp.com\/staging.asufin.com\/staging\/wp-content\/uploads\/2016\/09\/160920_ANDREU_MISSE_0837.jpg?w=800&amp;ssl=1 800w, https:\/\/i0.wp.com\/staging.asufin.com\/staging\/wp-content\/uploads\/2016\/09\/160920_ANDREU_MISSE_0837.jpg?resize=200%2C300&amp;ssl=1 200w, https:\/\/i0.wp.com\/staging.asufin.com\/staging\/wp-content\/uploads\/2016\/09\/160920_ANDREU_MISSE_0837.jpg?resize=768%2C1152&amp;ssl=1 768w, https:\/\/i0.wp.com\/staging.asufin.com\/staging\/wp-content\/uploads\/2016\/09\/160920_ANDREU_MISSE_0837.jpg?resize=683%2C1024&amp;ssl=1 683w, https:\/\/i0.wp.com\/staging.asufin.com\/staging\/wp-content\/uploads\/2016\/09\/160920_ANDREU_MISSE_0837.jpg?resize=600%2C900&amp;ssl=1 600w\" width=\"374\" height=\"561\" loading=\"lazy\" data-original-width=\"374\" data-original-height=\"561\" itemprop=\"http:\/\/schema.org\/image\" title=\"160920_andreu_misse_0837\" alt=\"Andreu Miss\u00e9\" style=\"width: 374px; height: 561px;\" \/> <\/a> <div class=\"tiled-gallery-caption\" itemprop=\"caption description\"> Andreu Miss\u00e9 <\/div> <\/div> <\/div> <!-- close group --> <\/div> <!-- close row --> <\/div>\n<p style=\"text-align: center;\">[alert type=white ]<\/p>\n<p style=\"text-align: center;\">Andreu Miss\u00e9, profesional de larga trayectoria reconocida en el periodismo econ\u00f3mico en El Peri\u00f3dico de Catalunya y El Pa\u00eds. De este \u00faltimo diario fue delegado en Bruselas y subdirector en Barcelona y redactor jefe de Econom\u00eda en Madrid. Actualmente Miss\u00e9 dirige la revista Altenrativas Econ\u00f3micas, una publicaci\u00f3n de 68 p\u00e1ginas independiente as\u00ed como recientemente ha publicado el libro &#8220;La gran estafa de las Preferentes&#8221;.<\/p>\n<p style=\"text-align: center;\">[\/alert]<\/p>\n","protected":false},"excerpt":{"rendered":"<p>El veterano y galardonado periodista acude a la sede de ASUFIN para presentar su libro &#8220;La gran estafa de las preferentes&#8221;. Miss\u00e9 adem\u00e1s nos concede una entrevista en exclusiva donde repasaremos los grandes fallos de la banca, las soluciones necesarias para implantar un cambio de cultura bancaria,  as\u00ed como cu\u00e1l ha sido el motor para que a d\u00eda de hoy muchos afectados hayan recuperado lo que les pertenece. <\/p>\n","protected":false},"author":2,"featured_media":25501,"comment_status":"open","ping_status":"closed","sticky":false,"template":"","format":"standard","meta":{"_acf_changed":false,"_jetpack_newsletter_access":"","_jetpack_dont_email_post_to_subs":false,"_jetpack_newsletter_tier_id":0,"_jetpack_memberships_contains_paywalled_content":false,"_jetpack_memberships_contains_paid_content":false,"footnotes":""},"categories":[41,603],"tags":[2679,2663],"class_list":["post-25435","post","type-post","status-publish","format-standard","has-post-thumbnail","hentry","category-lucha-de-gigantes","category-preferentes","tag-alternativas-economicas","tag-andreu-misse"],"acf":[],"jetpack_featured_media_url":"https:\/\/i0.wp.com\/staging.asufin.com\/staging\/wp-content\/uploads\/2016\/09\/160920_ANDREU_MISSE_0816.jpg?fit=1200%2C800&ssl=1","jetpack_shortlink":"https:\/\/wp.me\/peayLa-6Cf","jetpack_likes_enabled":false,"jetpack_sharing_enabled":true,"_links":{"self":[{"href":"https:\/\/staging.asufin.com\/staging\/wp-json\/wp\/v2\/posts\/25435","targetHints":{"allow":["GET"]}}],"collection":[{"href":"https:\/\/staging.asufin.com\/staging\/wp-json\/wp\/v2\/posts"}],"about":[{"href":"https:\/\/staging.asufin.com\/staging\/wp-json\/wp\/v2\/types\/post"}],"author":[{"embeddable":true,"href":"https:\/\/staging.asufin.com\/staging\/wp-json\/wp\/v2\/users\/2"}],"replies":[{"embeddable":true,"href":"https:\/\/staging.asufin.com\/staging\/wp-json\/wp\/v2\/comments?post=25435"}],"version-history":[{"count":1,"href":"https:\/\/staging.asufin.com\/staging\/wp-json\/wp\/v2\/posts\/25435\/revisions"}],"predecessor-version":[{"id":109387,"href":"https:\/\/staging.asufin.com\/staging\/wp-json\/wp\/v2\/posts\/25435\/revisions\/109387"}],"wp:featuredmedia":[{"embeddable":true,"href":"https:\/\/staging.asufin.com\/staging\/wp-json\/wp\/v2\/media\/25501"}],"wp:attachment":[{"href":"https:\/\/staging.asufin.com\/staging\/wp-json\/wp\/v2\/media?parent=25435"}],"wp:term":[{"taxonomy":"category","embeddable":true,"href":"https:\/\/staging.asufin.com\/staging\/wp-json\/wp\/v2\/categories?post=25435"},{"taxonomy":"post_tag","embeddable":true,"href":"https:\/\/staging.asufin.com\/staging\/wp-json\/wp\/v2\/tags?post=25435"}],"curies":[{"name":"wp","href":"https:\/\/api.w.org\/{rel}","templated":true}]}}