{"id":25601,"date":"2016-09-23T11:54:09","date_gmt":"2016-09-23T09:54:09","guid":{"rendered":"https:\/\/asufin.com\/?p=25601"},"modified":"2020-01-07T13:12:29","modified_gmt":"2020-01-07T12:12:29","slug":"irph-la-colectiva-asufin-los-medios-comunicacion","status":"publish","type":"post","link":"https:\/\/staging.asufin.com\/staging\/irph-la-colectiva-asufin-los-medios-comunicacion\/","title":{"rendered":"IRPH: La colectiva de ASUFIN en los medios de comunicaci\u00f3n"},"content":{"rendered":"<h5>[column size=one_half position=first ]\u00bb La asociaci\u00f3n buscar\u00e1 lograr su nulidad y la devoluci\u00f3n de los intereses &#8220;abonados indebidamente&#8221;, recoge el <a href=\"http:\/\/www.abc.es\/economia\/abci-asufin-presentara-primera-demanda-colectiva-contra-hipotecas-indice-irph-201609221625_noticia.html\" target=\"_blank\" rel=\"noopener\">diario ABC<\/a>\u00a0[\/column]<\/h5>\n<h5>[column size=one_half position=last ]\u00bb &#8220;Las cajas no s\u00f3lo abusaron con las preferentes, tambi\u00e9n impusieron este \u00edndice abusivo que est\u00e1 ocasionando un grave perjuicio a las familias&#8221;, destaca\u00a0<a href=\"http:\/\/www.elmundo.es\/economia\/2016\/09\/22\/57e3e573e5fdea5e748b4578.html\" target=\"_blank\" rel=\"noopener\">El Mundo<\/a>\u00a0[\/column]<\/h5>\n<p>ASUFIN prepara la primera demanda colectiva para conseguir la nulidad del \u00edndice hipotecario IRPH y la devoluci\u00f3n de los intereses abonados indebidamente. M\u00e1s de medio mill\u00f3n de hipotecas en Espa\u00f1a se suscribieron tomando el IRPH. Dicho \u00edndice ha sido considerado abusivo en numerosas ocasiones, as\u00ed como por numerosas autoridades europeas y tribunales. ASUFIN interpondr\u00e1 esta demanda con la direcci\u00f3n letrada de Oscar Serrano del Col\u00b7lectiu Ronda, que en los \u00faltimos a\u00f1os ha conseguido la devoluci\u00f3n de m\u00e1s de 10 millones de euros invertidos por clientes de entidades financieras.<\/p>\n<p>La asociaci\u00f3n ha esgrimido que la legislaci\u00f3n es &#8220;absolutamente clara&#8221; al respecto, por lo que, si el IRPH es considerado abusivo, sus efectos son &#8220;nulos&#8221; desde el primer momento y corresponde la devoluci\u00f3n del dinero abonado en concepto de intereses, se\u00f1ala\u00a0<strong><a href=\"http:\/\/www.eleconomista.es\/economia\/noticias\/7841666\/09\/16\/Economia-Finanzas-La-asociacion-Asufin-ultima-la-primera-demanda-colectiva-contra-los-intereses-del-IRPH.html\" target=\"_blank\" rel=\"noopener\">El Economista<\/a><\/strong><\/p>\n<p>De la misma manera, <strong><a href=\"http:\/\/www.lavanguardia.com\/vida\/20160922\/41496099348\/economiafinanzas--la-asociacion-asufin-ultima-la-primera-demanda-colectiva-contra-los-intereses-del-irph.html\" target=\"_blank\" rel=\"noopener noreferrer\">La Vanguardia<\/a><\/strong>\u00a0informa que la asociaci\u00f3n prev\u00e9 que la demanda agrupe a miles de afectados. Para facilitarlo, ha creado una p\u00e1gina web dedicada a la demanda (<strong><a href=\"http:\/\/www.reclamairph.com\" target=\"_blank\" rel=\"noopener\">www.reclamairph.com<\/a><\/strong>). Desde Asufin se ha recordado que en noviembre de 2013, el Estado derog\u00f3 el antiguo IRPH-Cajas y reformul\u00f3 el m\u00e9todo de c\u00e1lculo del IRPH-Bancos, rebautizado con el nombre de IRPH-Entidades<\/p>\n<p>La asociaci\u00f3n ha denunciado que este \u00edndice incluye entre los elementos que determinan su funcionamiento el antiguo IRPH y, por tanto, &#8220;arrastra y hereda&#8221; su principal &#8220;defecto&#8221;: se configura tomando como referencia el tipo de inter\u00e9s medio de los pr\u00e9stamos concedidos por las diferentes entidades financieras, se\u00f1alan <strong><a href=\"http:\/\/www.telecinco.es\/informativos\/economia\/asociacion-Asufin-colectiva-intereses-IRPH_0_2248050428.html\" target=\"_blank\" rel=\"noopener\">Telecinco<\/a><\/strong>\u00a0y\u00a0<strong><a href=\"http:\/\/www.cuatro.com\/noticias\/economia\/asociacion-Asufin-colectiva-intereses-IRPH_0_2248050429.html\" target=\"_blank\" rel=\"noopener\">Cuatro<\/a><\/strong><\/p>\n<h3 style=\"text-align: center;\"><strong>\u00bfTienes dudas sobre la colectiva de IRPH? En &#8220;La Gu\u00eda Pr\u00e1ctica definitiva&#8221; te lo explicamos TODO<\/strong><\/h3>\n<p><a href=\"https:\/\/asufin.com\/2016\/08\/irph-la-guia-practica-definitiva\/\" target=\"_blank\" rel=\"noopener\">https:\/\/asufin.com\/2016\/08\/irph-la-guia-practica-definitiva\/<\/a><\/p>\n<p>Otros medios que se han hecho eco de nuestra lucha contra el IRPH:<\/p>\n<p><a href=\"http:\/\/www.elperiodico.com\/es\/noticias\/economia\/primera-demanda-colectiva-contra-irph-5403381?utm_source=twitter&amp;utm_medium=social&amp;utm_campaign=cm\" target=\"_blank\" rel=\"noopener\">El Peri\u00f3dico<\/a><\/p>\n<p><a href=\"http:\/\/www.diariodeleon.es\/noticias\/economia\/primera-demanda-colectiva-irph_1100993.html?utm_source=24+Social+News\" target=\"_blank\" rel=\"noopener\">Diario de Le\u00f3n<\/a><\/p>\n<p><a href=\"http:\/\/www.teinteresa.es\/dinero\/finanzas\/asociacion-Asufin-colectiva-intereses-IRPH_0_1655234716.html\" target=\"_blank\" rel=\"noopener\">Teinteresa.es<\/a><\/p>\n<p><a href=\"http:\/\/www.elperiodicomediterraneo.com\/noticias\/economia\/primera-demanda-colectiva-irph_1017577.html?utm_medium=twitter&amp;utm_source=twitterfeed\" target=\"_blank\" rel=\"noopener\">El Peri\u00f3dico Mediterr\u00e1neo<\/a><\/p>\n<p><a href=\"http:\/\/www.europapress.es\/economia\/finanzas-00340\/noticia-asociacion-asufin-ultima-primera-demanda-colectiva-contra-intereses-irph-20160922130708.html\" target=\"_blank\" rel=\"noopener\">Europa Press<\/a><\/p>\n<p><a href=\"http:\/\/www.vilaweb.cat\/noticies\/impulsen-la-primera-demanda-col%C2%B7lectiva-contra-lirph\/\" target=\"_blank\" rel=\"noopener\">Vilaweb.cat<\/a><\/p>\n<p><a href=\"http:\/\/www.elboletin.com\/economia\/139825\/lucha-hipotecas-referenciadas-irph-tribunales.html\" target=\"_blank\" rel=\"noopener\">El Bolet\u00edn<\/a><\/p>\n<p><a href=\"http:\/\/lawyerpress.com\/2016\/09\/23\/primera-demanda-colectiva-contra-los-intereses-excesivos-de-las-hipotecas-con-irph%E2%80%A8\/\" target=\"_blank\" rel=\"noopener\">Lawyer Press<\/a><\/p>\n<p><a href=\"http:\/\/www.diariocordoba.com\/noticias\/economia\/primera-demanda-colectiva-irph_1080422.html\" target=\"_blank\" rel=\"noopener\">Diario C\u00f3rdoba<\/a><\/p>\n<p><a href=\"http:\/\/sevilla.abc.es\/economia\/abci-asufin-presentara-primera-demanda-colectiva-contra-hipotecas-indice-irph-201609221625_noticia.html\" target=\"_blank\" rel=\"noopener\">ABC Sevilla<\/a><\/p>\n<p><a href=\"http:\/\/www.lavozdigital.es\/economia\/abci-asufin-presentara-primera-demanda-colectiva-contra-hipotecas-indice-irph-201609221625_noticia.html\" target=\"_blank\" rel=\"noopener\">La Voz de C\u00e1diz<\/a><\/p>\n<p><a href=\"http:\/\/www.elperiodicoextremadura.com\/noticias\/economia\/\" target=\"_blank\" rel=\"noopener\">El Peri\u00f3dico Extremadura<\/a><\/p>\n<p><a href=\"http:\/\/www.elperiodicodearagon.com\/noticias\/economia\/primera-demanda-colectiva-irph_1143898.html\" target=\"_blank\" rel=\"noopener\">El Peri\u00f3dico de Arag\u00f3n<\/a><\/p>\n<p><a href=\"http:\/\/intereconomia.com\/economia\/primera-demanda-colectiva-irph-considerado-abusivo-20160922-1425\" target=\"_blank\" rel=\"noopener\">Intereconom\u00eda<\/a><\/p>\n","protected":false},"excerpt":{"rendered":"<p>ASUFIN buscar\u00e1 lograr la nulidad del IRPH y la devoluci\u00f3n de los intereses &#8220;abonados indebidamente&#8221;, recoge el diario ABC .&#8221;Las cajas no s\u00f3lo abusaron con las preferentes, tambi\u00e9n impusieron este \u00edndice abusivo que est\u00e1 ocasionando un grave perjuicio a las familias&#8221;, destaca El Mundo<\/p>\n","protected":false},"author":2,"featured_media":25607,"comment_status":"open","ping_status":"closed","sticky":false,"template":"","format":"standard","meta":{"_acf_changed":false,"_jetpack_newsletter_access":"","_jetpack_dont_email_post_to_subs":false,"_jetpack_newsletter_tier_id":0,"_jetpack_memberships_contains_paywalled_content":false,"_jetpack_memberships_contains_paid_content":false,"footnotes":""},"categories":[82,19,1331,42,3383,3384],"tags":[11,15],"class_list":["post-25601","post","type-post","status-publish","format-standard","has-post-thumbnail","hentry","category-asufin-cat","category-asufin-en-los-medios","category-demandas-colectivas","category-irph","category-prensa","category-tv","tag-collectiu-ronda","tag-oscar-serrano"],"acf":[],"jetpack_featured_media_url":"https:\/\/i0.wp.com\/staging.asufin.com\/staging\/wp-content\/uploads\/2016\/09\/ASUFIN_MEDIOS_IRPH_2.png?fit=528%2C475&ssl=1","jetpack_shortlink":"https:\/\/wp.me\/peayLa-6EV","jetpack_likes_enabled":false,"jetpack_sharing_enabled":true,"_links":{"self":[{"href":"https:\/\/staging.asufin.com\/staging\/wp-json\/wp\/v2\/posts\/25601","targetHints":{"allow":["GET"]}}],"collection":[{"href":"https:\/\/staging.asufin.com\/staging\/wp-json\/wp\/v2\/posts"}],"about":[{"href":"https:\/\/staging.asufin.com\/staging\/wp-json\/wp\/v2\/types\/post"}],"author":[{"embeddable":true,"href":"https:\/\/staging.asufin.com\/staging\/wp-json\/wp\/v2\/users\/2"}],"replies":[{"embeddable":true,"href":"https:\/\/staging.asufin.com\/staging\/wp-json\/wp\/v2\/comments?post=25601"}],"version-history":[{"count":0,"href":"https:\/\/staging.asufin.com\/staging\/wp-json\/wp\/v2\/posts\/25601\/revisions"}],"wp:featuredmedia":[{"embeddable":true,"href":"https:\/\/staging.asufin.com\/staging\/wp-json\/wp\/v2\/media\/25607"}],"wp:attachment":[{"href":"https:\/\/staging.asufin.com\/staging\/wp-json\/wp\/v2\/media?parent=25601"}],"wp:term":[{"taxonomy":"category","embeddable":true,"href":"https:\/\/staging.asufin.com\/staging\/wp-json\/wp\/v2\/categories?post=25601"},{"taxonomy":"post_tag","embeddable":true,"href":"https:\/\/staging.asufin.com\/staging\/wp-json\/wp\/v2\/tags?post=25601"}],"curies":[{"name":"wp","href":"https:\/\/api.w.org\/{rel}","templated":true}]}}