{"id":27284,"date":"2017-01-20T18:00:32","date_gmt":"2017-01-20T17:00:32","guid":{"rendered":"https:\/\/asufin.com\/?p=27284"},"modified":"2019-12-21T13:21:29","modified_gmt":"2019-12-21T12:21:29","slug":"asufin-clausula-suelo-espejo-publico-20-1-17","status":"publish","type":"post","link":"https:\/\/staging.asufin.com\/staging\/asufin-clausula-suelo-espejo-publico-20-1-17\/","title":{"rendered":"Asufin sobre Cl\u00e1usula Suelo &#8211; Espejo P\u00fablico &#8211; 20.1.17"},"content":{"rendered":"<p>Nuestra presidenta, Patricia Su\u00e1rez ha intervenido hoy (20.1.17) en Espejo P\u00fablico para hablar de dos temas de actualidad. Por un lado, ha explicado como de la energ\u00eda es muy vol\u00e1til y que no deber\u00edamos estar sometidos a ello y como deber\u00edamos tener una tarifa m\u00e1s transparente. De igual importancia, ha desarrollado lo que implica el Real Decreto Ley de Cl\u00e1sula Suelo para los afectados. Patricia Su\u00e1rez ha aconsejado a los consumidores que no digan &#8220;s\u00ed a todo&#8221;, sino que se dejen asesorar por la ayuda de profesionales o asociaciones antes de aceptar cualquier oferta. Si te lo perdiste, <a href=\"http:\/\/www.atresplayer.com\/television\/programas\/espejo-publico\/2017\/enero\/dia-20-garrigues-walker-positivo-capacidad-mundo-reaccionar-alguien-como-trump_2017012000716.html\" target=\"_blank\" rel=\"noopener\">puedes volver a ver el v\u00eddeo aqu\u00ed (a partir del minuto 01:08:00 aprox)<\/a><\/p>\n<figure id=\"attachment_27286\" aria-describedby=\"caption-attachment-27286\" style=\"width: 1024px\" class=\"wp-caption alignnone\"><a href=\"https:\/\/i0.wp.com\/asufin.com\/wp-content\/uploads\/2017\/01\/170120_WW_ESPEJO_PUBLICO_3.jpg?ssl=1\" target=\"_blank\" rel=\"noopener\"><img data-recalc-dims=\"1\" fetchpriority=\"high\" decoding=\"async\" data-attachment-id=\"27286\" data-permalink=\"https:\/\/staging.asufin.com\/staging\/170120_ww_espejo_publico_3\/\" data-orig-file=\"https:\/\/i0.wp.com\/staging.asufin.com\/staging\/wp-content\/uploads\/2017\/01\/170120_WW_ESPEJO_PUBLICO_3-2.jpg?fit=1037%2C691&amp;ssl=1\" data-orig-size=\"1037,691\" data-comments-opened=\"1\" data-image-meta=\"{&quot;aperture&quot;:&quot;0&quot;,&quot;credit&quot;:&quot;&quot;,&quot;camera&quot;:&quot;&quot;,&quot;caption&quot;:&quot;&quot;,&quot;created_timestamp&quot;:&quot;0&quot;,&quot;copyright&quot;:&quot;&quot;,&quot;focal_length&quot;:&quot;0&quot;,&quot;iso&quot;:&quot;0&quot;,&quot;shutter_speed&quot;:&quot;0&quot;,&quot;title&quot;:&quot;&quot;,&quot;orientation&quot;:&quot;0&quot;}\" data-image-title=\"170120_WW_ESPEJO_PUBLICO_3\" data-image-description=\"&lt;p&gt;patricia suarez en espejo publico&lt;\/p&gt;\n\" data-image-caption=\"&lt;p&gt;patricia suarez en espejo publico&lt;\/p&gt;\n\" data-large-file=\"https:\/\/i0.wp.com\/staging.asufin.com\/staging\/wp-content\/uploads\/2017\/01\/170120_WW_ESPEJO_PUBLICO_3-2.jpg?fit=800%2C533&amp;ssl=1\" class=\"wp-image-27286 size-large\" src=\"https:\/\/i0.wp.com\/asufin.com\/wp-content\/uploads\/2017\/01\/170120_WW_ESPEJO_PUBLICO_3-1024x682.jpg?resize=800%2C533&#038;ssl=1\" width=\"800\" height=\"533\" alt=\"\" title=\"\"><\/a><figcaption id=\"caption-attachment-27286\" class=\"wp-caption-text\">Patricia Su\u00e1rez en Espejo P\u00fablico junto a Albert Castill\u00f3n<\/figcaption><\/figure>\n<p>&nbsp;<\/p>\n","protected":false},"excerpt":{"rendered":"<p>Nuestra presidenta, Patricia Su\u00e1rez ha intervenido hoy (20.1.17) en Espejo P\u00fablico para hablar de dos temas de actualidad. Por un lado, ha explicado como de la energ\u00eda es muy vol\u00e1til y que no deber\u00edamos estar sometidos a ello y como deber\u00edamos tener una tarifa m\u00e1s transparente. De igual importancia, ha desarrollado lo que implica el [&hellip;]<\/p>\n","protected":false},"author":2,"featured_media":27285,"comment_status":"open","ping_status":"closed","sticky":false,"template":"","format":"standard","meta":{"_acf_changed":false,"_jetpack_newsletter_access":"","_jetpack_dont_email_post_to_subs":true,"_jetpack_newsletter_tier_id":0,"_jetpack_memberships_contains_paywalled_content":false,"_jetpack_memberships_contains_paid_content":false,"footnotes":""},"categories":[43,19,138,3384,44],"tags":[2772,898,2774],"class_list":["post-27284","post","type-post","status-publish","format-standard","has-post-thumbnail","hentry","category-asufin-destacado","category-asufin-en-los-medios","category-clausula-suelo","category-tv","category-wonder-woman","tag-albert-castillon","tag-espejo-publico","tag-susanna-griso"],"acf":[],"jetpack_featured_media_url":"https:\/\/i0.wp.com\/staging.asufin.com\/staging\/wp-content\/uploads\/2017\/01\/170120_WW_ESPEJO_PUBLICO_4-2.jpg?fit=1037%2C691&ssl=1","jetpack_shortlink":"https:\/\/wp.me\/peayLa-764","jetpack_likes_enabled":false,"jetpack_sharing_enabled":true,"_links":{"self":[{"href":"https:\/\/staging.asufin.com\/staging\/wp-json\/wp\/v2\/posts\/27284","targetHints":{"allow":["GET"]}}],"collection":[{"href":"https:\/\/staging.asufin.com\/staging\/wp-json\/wp\/v2\/posts"}],"about":[{"href":"https:\/\/staging.asufin.com\/staging\/wp-json\/wp\/v2\/types\/post"}],"author":[{"embeddable":true,"href":"https:\/\/staging.asufin.com\/staging\/wp-json\/wp\/v2\/users\/2"}],"replies":[{"embeddable":true,"href":"https:\/\/staging.asufin.com\/staging\/wp-json\/wp\/v2\/comments?post=27284"}],"version-history":[{"count":0,"href":"https:\/\/staging.asufin.com\/staging\/wp-json\/wp\/v2\/posts\/27284\/revisions"}],"wp:featuredmedia":[{"embeddable":true,"href":"https:\/\/staging.asufin.com\/staging\/wp-json\/wp\/v2\/media\/27285"}],"wp:attachment":[{"href":"https:\/\/staging.asufin.com\/staging\/wp-json\/wp\/v2\/media?parent=27284"}],"wp:term":[{"taxonomy":"category","embeddable":true,"href":"https:\/\/staging.asufin.com\/staging\/wp-json\/wp\/v2\/categories?post=27284"},{"taxonomy":"post_tag","embeddable":true,"href":"https:\/\/staging.asufin.com\/staging\/wp-json\/wp\/v2\/tags?post=27284"}],"curies":[{"name":"wp","href":"https:\/\/api.w.org\/{rel}","templated":true}]}}