{"id":27291,"date":"2017-01-20T20:30:32","date_gmt":"2017-01-20T19:30:32","guid":{"rendered":"https:\/\/asufin.com\/?p=27291"},"modified":"2019-12-21T14:10:45","modified_gmt":"2019-12-21T13:10:45","slug":"asufin-las-claves-del-dia-telemadrid-20-1-17","status":"publish","type":"post","link":"https:\/\/staging.asufin.com\/staging\/asufin-las-claves-del-dia-telemadrid-20-1-17\/","title":{"rendered":"Asufin en Las Claves del D\u00eda &#8211; Telemadrid &#8211; 20.1.17"},"content":{"rendered":"<p>Nuestra presidenta, Patricia Su\u00e1rez, ha intervenido hoy (20.1.17) en el programa Las Claves del D\u00eda de Telemadrid. El espacio ha estado dedicado al Real Decreto Ley sobre Cl\u00e1usulas suelo que publicar\u00e1 ma\u00f1ana el BOE. Su\u00e1rez ha explicado las consecuencias que tendr\u00eda para el consumidor que este borrador se llevase a cabo y ha aconsejado a los afectado que se informen bien antes de aceptar cualquier oferta del banco. Si te lo perdiste o quieres volver a verlo, <a href=\"http:\/\/www.telemadrid.es\/programas\/las-claves-del-dia\/las-claves-del-dia-20012017\" target=\"_blank\" rel=\"noopener\">puedes hacerlo aqu\u00ed (min 01:20.25 aprox)<\/a><\/p>\n<figure id=\"attachment_27294\" aria-describedby=\"caption-attachment-27294\" style=\"width: 1024px\" class=\"wp-caption alignnone\"><a href=\"https:\/\/i0.wp.com\/asufin.com\/wp-content\/uploads\/2017\/01\/170120_WW_TELEMADRID_6.jpg?ssl=1\" target=\"_blank\" rel=\"noopener\"><img data-recalc-dims=\"1\" fetchpriority=\"high\" decoding=\"async\" data-attachment-id=\"27294\" data-permalink=\"https:\/\/staging.asufin.com\/staging\/170120_ww_telemadrid_6\/\" data-orig-file=\"https:\/\/i0.wp.com\/staging.asufin.com\/staging\/wp-content\/uploads\/2017\/01\/170120_WW_TELEMADRID_6-2.jpg?fit=1037%2C691&amp;ssl=1\" data-orig-size=\"1037,691\" data-comments-opened=\"1\" data-image-meta=\"{&quot;aperture&quot;:&quot;0&quot;,&quot;credit&quot;:&quot;&quot;,&quot;camera&quot;:&quot;&quot;,&quot;caption&quot;:&quot;&quot;,&quot;created_timestamp&quot;:&quot;0&quot;,&quot;copyright&quot;:&quot;&quot;,&quot;focal_length&quot;:&quot;0&quot;,&quot;iso&quot;:&quot;0&quot;,&quot;shutter_speed&quot;:&quot;0&quot;,&quot;title&quot;:&quot;&quot;,&quot;orientation&quot;:&quot;0&quot;}\" data-image-title=\"170120_WW_TELEMADRID_6\" data-image-description=\"&lt;p&gt;patricia suarez en telemadrid&lt;\/p&gt;\n\" data-image-caption=\"&lt;p&gt;patricia suarez en telemadrid&lt;\/p&gt;\n\" data-large-file=\"https:\/\/i0.wp.com\/staging.asufin.com\/staging\/wp-content\/uploads\/2017\/01\/170120_WW_TELEMADRID_6-2.jpg?fit=800%2C533&amp;ssl=1\" class=\"wp-image-27294 size-large\" src=\"https:\/\/i0.wp.com\/asufin.com\/wp-content\/uploads\/2017\/01\/170120_WW_TELEMADRID_6-1024x682.jpg?resize=800%2C533&#038;ssl=1\" width=\"800\" height=\"533\" alt=\"\" title=\"\"><\/a><figcaption id=\"caption-attachment-27294\" class=\"wp-caption-text\">Patricia Su\u00e1rez junto a Santi Acosta en Las Claves del D\u00eda<\/figcaption><\/figure>\n","protected":false},"excerpt":{"rendered":"<p>Nuestra presidenta, Patricia Su\u00e1rez, ha intervenido hoy (20.1.17) en el programa Las Claves del D\u00eda de Telemadrid. El espacio ha estado dedicado al Real Decreto Ley sobre Cl\u00e1usulas suelo que publicar\u00e1 ma\u00f1ana el BOE. Su\u00e1rez ha explicado las consecuencias que tendr\u00eda para el consumidor que este borrador se llevase a cabo y ha aconsejado a [&hellip;]<\/p>\n","protected":false},"author":2,"featured_media":27292,"comment_status":"open","ping_status":"closed","sticky":false,"template":"","format":"standard","meta":{"_acf_changed":false,"_jetpack_newsletter_access":"","_jetpack_dont_email_post_to_subs":true,"_jetpack_newsletter_tier_id":0,"_jetpack_memberships_contains_paywalled_content":false,"_jetpack_memberships_contains_paid_content":false,"footnotes":""},"categories":[43,19,138,3384,44],"tags":[2769,45,1138],"class_list":["post-27291","post","type-post","status-publish","format-standard","has-post-thumbnail","hentry","category-asufin-destacado","category-asufin-en-los-medios","category-clausula-suelo","category-tv","category-wonder-woman","tag-las-claves-del-dia","tag-santi-acosta","tag-telemadrid"],"acf":[],"jetpack_featured_media_url":"https:\/\/i0.wp.com\/staging.asufin.com\/staging\/wp-content\/uploads\/2017\/01\/170120_WW_TELEMADRID_2-2.jpg?fit=1037%2C691&ssl=1","jetpack_shortlink":"https:\/\/wp.me\/peayLa-76b","jetpack_likes_enabled":false,"jetpack_sharing_enabled":true,"_links":{"self":[{"href":"https:\/\/staging.asufin.com\/staging\/wp-json\/wp\/v2\/posts\/27291","targetHints":{"allow":["GET"]}}],"collection":[{"href":"https:\/\/staging.asufin.com\/staging\/wp-json\/wp\/v2\/posts"}],"about":[{"href":"https:\/\/staging.asufin.com\/staging\/wp-json\/wp\/v2\/types\/post"}],"author":[{"embeddable":true,"href":"https:\/\/staging.asufin.com\/staging\/wp-json\/wp\/v2\/users\/2"}],"replies":[{"embeddable":true,"href":"https:\/\/staging.asufin.com\/staging\/wp-json\/wp\/v2\/comments?post=27291"}],"version-history":[{"count":0,"href":"https:\/\/staging.asufin.com\/staging\/wp-json\/wp\/v2\/posts\/27291\/revisions"}],"wp:featuredmedia":[{"embeddable":true,"href":"https:\/\/staging.asufin.com\/staging\/wp-json\/wp\/v2\/media\/27292"}],"wp:attachment":[{"href":"https:\/\/staging.asufin.com\/staging\/wp-json\/wp\/v2\/media?parent=27291"}],"wp:term":[{"taxonomy":"category","embeddable":true,"href":"https:\/\/staging.asufin.com\/staging\/wp-json\/wp\/v2\/categories?post=27291"},{"taxonomy":"post_tag","embeddable":true,"href":"https:\/\/staging.asufin.com\/staging\/wp-json\/wp\/v2\/tags?post=27291"}],"curies":[{"name":"wp","href":"https:\/\/api.w.org\/{rel}","templated":true}]}}