{"id":27333,"date":"2017-01-05T20:30:24","date_gmt":"2017-01-05T19:30:24","guid":{"rendered":"https:\/\/asufin.com\/?p=27333"},"modified":"2019-12-21T13:21:30","modified_gmt":"2019-12-21T12:21:30","slug":"asufin-hipoteca-multidivisa-espejo-publico-05-1-17","status":"publish","type":"post","link":"https:\/\/staging.asufin.com\/staging\/asufin-hipoteca-multidivisa-espejo-publico-05-1-17\/","title":{"rendered":"Asufin sobre Gastos Hipoteca e Hipoteca Multidivisa &#8211; Espejo P\u00fablico &#8211; 05.1.17"},"content":{"rendered":"<p>Nuestra compa\u00f1era, Carmen Moreno, ha intervenido hoy (05.1.17) en el programa Espejo P\u00fablico. El\u00a0programa de hoy ha emitido un reportaje sobre Asufin explicando la historia de la asociaci\u00f3n, nuestra lucha contra las Hipotecas Multidivisa y ahora con los gastos hipotecarios. Del mismo modo, nuestra compa\u00f1era ha dado su testimonio sobre dicho tema de actualidad y ha atendido las dudas de Cayetano Mart\u00ednez de Irujo, afectado por Hipoteca Multidivisa.<\/p>\n<p>Si te lo has perdido o quieres verlo de nuevo, <a href=\"http:\/\/www.atresplayer.com\/television\/programas\/espejo-publico\/2017\/enero\/dia-5-entrevista-madre-diana-quer-mantengo-esperanza-que-hija-est-viva_2017010400954.html\" target=\"_blank\" rel=\"noopener\">puedes hacerlo aqu\u00ed (min 01:13:00 aproximadamente)<\/a><\/p>\n<figure id=\"attachment_27339\" aria-describedby=\"caption-attachment-27339\" style=\"width: 970px\" class=\"wp-caption alignnone\"><a href=\"https:\/\/i0.wp.com\/asufin.com\/wp-content\/uploads\/2017\/01\/170105_WW_CARMEN_MORENO_ESPEJO_PUBLICO_1.png?ssl=1\" target=\"_blank\" rel=\"noopener\"><img data-recalc-dims=\"1\" fetchpriority=\"high\" decoding=\"async\" data-attachment-id=\"27339\" data-permalink=\"https:\/\/staging.asufin.com\/staging\/170105_ww_carmen_moreno_espejo_publico_1\/\" data-orig-file=\"https:\/\/i0.wp.com\/staging.asufin.com\/staging\/wp-content\/uploads\/2017\/01\/170105_WW_CARMEN_MORENO_ESPEJO_PUBLICO_1-2.png?fit=970%2C543&amp;ssl=1\" data-orig-size=\"970,543\" data-comments-opened=\"1\" data-image-meta=\"{&quot;aperture&quot;:&quot;0&quot;,&quot;credit&quot;:&quot;&quot;,&quot;camera&quot;:&quot;&quot;,&quot;caption&quot;:&quot;&quot;,&quot;created_timestamp&quot;:&quot;0&quot;,&quot;copyright&quot;:&quot;&quot;,&quot;focal_length&quot;:&quot;0&quot;,&quot;iso&quot;:&quot;0&quot;,&quot;shutter_speed&quot;:&quot;0&quot;,&quot;title&quot;:&quot;&quot;,&quot;orientation&quot;:&quot;0&quot;}\" data-image-title=\"170105_WW_CARMEN_MORENO_ESPEJO_PUBLICO_ASUFIN\" data-image-description=\"\" data-image-caption=\"&lt;p&gt;Carmen Moreno junto a Cayetano Mart\u00ednez de Irujo&lt;\/p&gt;\n\" data-large-file=\"https:\/\/i0.wp.com\/staging.asufin.com\/staging\/wp-content\/uploads\/2017\/01\/170105_WW_CARMEN_MORENO_ESPEJO_PUBLICO_1-2.png?fit=800%2C448&amp;ssl=1\" class=\"size-full wp-image-27339\" src=\"https:\/\/i0.wp.com\/asufin.com\/wp-content\/uploads\/2017\/01\/170105_WW_CARMEN_MORENO_ESPEJO_PUBLICO_1.png?resize=800%2C448&#038;ssl=1\" alt=\"170105_WW_CARMEN_MORENO_ESPEJO_PUBLICO_ASUFIN\" width=\"800\" height=\"448\" title=\"\"><\/a><figcaption id=\"caption-attachment-27339\" class=\"wp-caption-text\">Carmen Moreno junto a Cayetano Mart\u00ednez de Irujo<\/figcaption><\/figure>\n","protected":false},"excerpt":{"rendered":"<p>Nuestra compa\u00f1era, Carmen Moreno, ha intervenido hoy (05.1.17) en el programa Espejo P\u00fablico. El\u00a0programa de hoy ha emitido un reportaje sobre Asufin explicando la historia de la asociaci\u00f3n, nuestra lucha contra las Hipotecas Multidivisa y ahora con los gastos hipotecarios. Del mismo modo, nuestra compa\u00f1era ha dado su testimonio sobre dicho tema de actualidad y [&hellip;]<\/p>\n","protected":false},"author":2,"featured_media":27340,"comment_status":"open","ping_status":"closed","sticky":false,"template":"","format":"standard","meta":{"_acf_changed":false,"_jetpack_newsletter_access":"","_jetpack_dont_email_post_to_subs":false,"_jetpack_newsletter_tier_id":0,"_jetpack_memberships_contains_paywalled_content":false,"_jetpack_memberships_contains_paid_content":false,"footnotes":""},"categories":[19,2750,1137,3384,44],"tags":[31,2777,2785,898,2786],"class_list":["post-27333","post","type-post","status-publish","format-standard","has-post-thumbnail","hentry","category-asufin-en-los-medios","category-gastos-hipoteca","category-hipoteca-multidivisa","category-tv","category-wonder-woman","tag-carmen-moreno","tag-cayetano-martinez-de-irujo","tag-diego-revuelta","tag-espejo-publico","tag-sandra-golpe"],"acf":[],"jetpack_featured_media_url":"https:\/\/i0.wp.com\/staging.asufin.com\/staging\/wp-content\/uploads\/2017\/01\/170105_WW_CARMEN_MORENO_ESPEJO_PUBLICO_3-2.png?fit=976%2C546&ssl=1","jetpack_shortlink":"https:\/\/wp.me\/peayLa-76R","jetpack_likes_enabled":false,"jetpack_sharing_enabled":true,"_links":{"self":[{"href":"https:\/\/staging.asufin.com\/staging\/wp-json\/wp\/v2\/posts\/27333","targetHints":{"allow":["GET"]}}],"collection":[{"href":"https:\/\/staging.asufin.com\/staging\/wp-json\/wp\/v2\/posts"}],"about":[{"href":"https:\/\/staging.asufin.com\/staging\/wp-json\/wp\/v2\/types\/post"}],"author":[{"embeddable":true,"href":"https:\/\/staging.asufin.com\/staging\/wp-json\/wp\/v2\/users\/2"}],"replies":[{"embeddable":true,"href":"https:\/\/staging.asufin.com\/staging\/wp-json\/wp\/v2\/comments?post=27333"}],"version-history":[{"count":0,"href":"https:\/\/staging.asufin.com\/staging\/wp-json\/wp\/v2\/posts\/27333\/revisions"}],"wp:featuredmedia":[{"embeddable":true,"href":"https:\/\/staging.asufin.com\/staging\/wp-json\/wp\/v2\/media\/27340"}],"wp:attachment":[{"href":"https:\/\/staging.asufin.com\/staging\/wp-json\/wp\/v2\/media?parent=27333"}],"wp:term":[{"taxonomy":"category","embeddable":true,"href":"https:\/\/staging.asufin.com\/staging\/wp-json\/wp\/v2\/categories?post=27333"},{"taxonomy":"post_tag","embeddable":true,"href":"https:\/\/staging.asufin.com\/staging\/wp-json\/wp\/v2\/tags?post=27333"}],"curies":[{"name":"wp","href":"https:\/\/api.w.org\/{rel}","templated":true}]}}