{"id":27349,"date":"2017-01-24T15:29:25","date_gmt":"2017-01-24T14:29:25","guid":{"rendered":"https:\/\/asufin.com\/?p=27349"},"modified":"2022-02-21T19:01:53","modified_gmt":"2022-02-21T19:01:53","slug":"asufin-irph-espejo-publico-24-1-17","status":"publish","type":"post","link":"https:\/\/staging.asufin.com\/staging\/asufin-irph-espejo-publico-24-1-17\/","title":{"rendered":"Asufin sobre IRPH &#8211; Espejo P\u00fablico &#8211; 24.1.17"},"content":{"rendered":"<p>Nuestra presidenta, Patricia Su\u00e1rez, ha intervenido hoy (24.1.17) en el programa Espejo P\u00fablico. El espacio ha tratado por primera vez el IRPH a nivel nacional. El IRPH es un \u00edndice abusivo por el cual nuestra asociaci\u00f3n interpondr\u00e1 una <a href=\"https:\/\/staging.asufin.com\/staging\/asufin-presentara-una-demanda-colectiva-irph\/\">demanda colectiva<\/a>. En el programa de hoy tambi\u00e9n ha participado Oscar Serrano, abogado colaborador de la asociaci\u00f3n y direcci\u00f3n letrada de dicha <a href=\"https:\/\/staging.asufin.com\/staging\/irph-la-guia-practica-definitiva\/\">demanda<\/a>. Tambi\u00e9n ha dado su testimonio Miquel, afectado por este \u00edndice abusivo.<\/p>\n<figure id=\"attachment_27351\" aria-describedby=\"caption-attachment-27351\" style=\"width: 973px\" class=\"wp-caption alignnone\"><a href=\"https:\/\/i0.wp.com\/asufin.com\/wp-content\/uploads\/2017\/01\/170124_WW_OSCAR_SERRANO_IRPH_3.jpeg?ssl=1\" target=\"_blank\" rel=\"noopener\"><img data-recalc-dims=\"1\" fetchpriority=\"high\" decoding=\"async\" data-attachment-id=\"27351\" data-permalink=\"https:\/\/staging.asufin.com\/staging\/170124_ww_oscar_serrano_irph_3\/\" data-orig-file=\"https:\/\/i0.wp.com\/staging.asufin.com\/staging\/wp-content\/uploads\/2017\/01\/170124_WW_OSCAR_SERRANO_IRPH_3-2.jpeg?fit=973%2C491&amp;ssl=1\" data-orig-size=\"973,491\" data-comments-opened=\"1\" data-image-meta=\"{&quot;aperture&quot;:&quot;0&quot;,&quot;credit&quot;:&quot;&quot;,&quot;camera&quot;:&quot;&quot;,&quot;caption&quot;:&quot;&quot;,&quot;created_timestamp&quot;:&quot;0&quot;,&quot;copyright&quot;:&quot;&quot;,&quot;focal_length&quot;:&quot;0&quot;,&quot;iso&quot;:&quot;0&quot;,&quot;shutter_speed&quot;:&quot;0&quot;,&quot;title&quot;:&quot;&quot;,&quot;orientation&quot;:&quot;0&quot;}\" data-image-title=\"170124_WW_OSCAR_SERRANO_IRPH_ASUFIN_2\" data-image-description=\"\" data-image-caption=\"&lt;p&gt;Patricia Su\u00e1rez junto a Albert Castill\u00f3n y Susanna Griso&lt;\/p&gt;\n\" data-large-file=\"https:\/\/i0.wp.com\/staging.asufin.com\/staging\/wp-content\/uploads\/2017\/01\/170124_WW_OSCAR_SERRANO_IRPH_3-2.jpeg?fit=800%2C404&amp;ssl=1\" class=\"size-full wp-image-27351\" src=\"https:\/\/i0.wp.com\/asufin.com\/wp-content\/uploads\/2017\/01\/170124_WW_OSCAR_SERRANO_IRPH_3.jpeg?resize=800%2C404&#038;ssl=1\" alt=\"170124_WW_OSCAR_SERRANO_IRPH_ASUFIN_2\" width=\"800\" height=\"404\" title=\"\"><\/a><figcaption id=\"caption-attachment-27351\" class=\"wp-caption-text\">Patricia Su\u00e1rez junto a Albert Castill\u00f3n y Susanna Griso<\/figcaption><\/figure>\n","protected":false},"excerpt":{"rendered":"<p>Nuestra presidenta, Patricia Su\u00e1rez, ha intervenido hoy (24.1.17) en el programa Espejo P\u00fablico. El espacio ha tratado por primera vez el IRPH a nivel nacional. El IRPH es un \u00edndice abusivo por el cual nuestra asociaci\u00f3n interpondr\u00e1 una demanda colectiva. En el programa de hoy tambi\u00e9n ha participado Oscar Serrano, abogado colaborador de la asociaci\u00f3n [&hellip;]<\/p>\n","protected":false},"author":2,"featured_media":27396,"comment_status":"open","ping_status":"closed","sticky":false,"template":"","format":"standard","meta":{"_acf_changed":false,"_jetpack_newsletter_access":"","_jetpack_dont_email_post_to_subs":true,"_jetpack_newsletter_tier_id":0,"_jetpack_memberships_contains_paywalled_content":false,"_jetpack_memberships_contains_paid_content":false,"footnotes":""},"categories":[43,19,42,3384,44],"tags":[2772,11,898,15,2774],"class_list":["post-27349","post","type-post","status-publish","format-standard","has-post-thumbnail","hentry","category-asufin-destacado","category-asufin-en-los-medios","category-irph","category-tv","category-wonder-woman","tag-albert-castillon","tag-collectiu-ronda","tag-espejo-publico","tag-oscar-serrano","tag-susanna-griso"],"acf":[],"jetpack_featured_media_url":"https:\/\/i0.wp.com\/staging.asufin.com\/staging\/wp-content\/uploads\/2017\/01\/FINAL-2.jpg?fit=978%2C642&ssl=1","jetpack_shortlink":"https:\/\/wp.me\/peayLa-777","jetpack_likes_enabled":false,"jetpack_sharing_enabled":true,"_links":{"self":[{"href":"https:\/\/staging.asufin.com\/staging\/wp-json\/wp\/v2\/posts\/27349","targetHints":{"allow":["GET"]}}],"collection":[{"href":"https:\/\/staging.asufin.com\/staging\/wp-json\/wp\/v2\/posts"}],"about":[{"href":"https:\/\/staging.asufin.com\/staging\/wp-json\/wp\/v2\/types\/post"}],"author":[{"embeddable":true,"href":"https:\/\/staging.asufin.com\/staging\/wp-json\/wp\/v2\/users\/2"}],"replies":[{"embeddable":true,"href":"https:\/\/staging.asufin.com\/staging\/wp-json\/wp\/v2\/comments?post=27349"}],"version-history":[{"count":1,"href":"https:\/\/staging.asufin.com\/staging\/wp-json\/wp\/v2\/posts\/27349\/revisions"}],"predecessor-version":[{"id":86218,"href":"https:\/\/staging.asufin.com\/staging\/wp-json\/wp\/v2\/posts\/27349\/revisions\/86218"}],"wp:featuredmedia":[{"embeddable":true,"href":"https:\/\/staging.asufin.com\/staging\/wp-json\/wp\/v2\/media\/27396"}],"wp:attachment":[{"href":"https:\/\/staging.asufin.com\/staging\/wp-json\/wp\/v2\/media?parent=27349"}],"wp:term":[{"taxonomy":"category","embeddable":true,"href":"https:\/\/staging.asufin.com\/staging\/wp-json\/wp\/v2\/categories?post=27349"},{"taxonomy":"post_tag","embeddable":true,"href":"https:\/\/staging.asufin.com\/staging\/wp-json\/wp\/v2\/tags?post=27349"}],"curies":[{"name":"wp","href":"https:\/\/api.w.org\/{rel}","templated":true}]}}