{"id":27501,"date":"2017-01-31T14:30:24","date_gmt":"2017-01-31T13:30:24","guid":{"rendered":"https:\/\/asufin.com\/?p=27501"},"modified":"2019-12-21T13:21:29","modified_gmt":"2019-12-21T12:21:29","slug":"asufin-espejo-publico-acuerdo-expres-bankia-31-1-17","status":"publish","type":"post","link":"https:\/\/staging.asufin.com\/staging\/asufin-espejo-publico-acuerdo-expres-bankia-31-1-17\/","title":{"rendered":"Asufin en Espejo P\u00fablico sobre el acuerdo expr\u00e9s de Bankia &#8211; 31.1.17"},"content":{"rendered":"<p>Nuestra presidenta, Patricia Su\u00e1rez, ha intervenido hoy (31.1.17) en el programa Espejo P\u00fablico junto a Susanna Griso y Albert Castill\u00f3n. Este espacio ha estado dedicado a hablar del &#8220;acuerdo expr\u00e9s&#8221; que ha lanzado Bankia para sus afectados por Cl\u00e1usula Suelo.<\/p>\n<p>Una de las afectadas, Susana Delle, ha contado su experiencia y opinado que se alegra mucho de esta medida, ya que as\u00ed se ahorrar\u00e1 el tiempo empleado en los tribunales.<\/p>\n<p>Si te lo perdiste o quieres volver a verlo, <a href=\"http:\/\/www.atresplayer.com\/television\/programas\/espejo-publico\/2017\/enero\/dia-31-nuestro-recibo-luz-poltico-empresas-nunca-han-tomado-decisiones-individuales_2017013100521.html\" target=\"_blank\" rel=\"noopener\">puedes hacerlo aqu\u00ed (min 01:50:00 aproximadamente)<\/a><\/p>\n<figure id=\"attachment_27512\" aria-describedby=\"caption-attachment-27512\" style=\"width: 974px\" class=\"wp-caption alignnone\"><a href=\"https:\/\/i0.wp.com\/asufin.com\/wp-content\/uploads\/2017\/01\/170131_WW_ESPEJO_PUBLICO_SUELO_3.png?ssl=1\" target=\"_blank\" rel=\"noopener\"><img data-recalc-dims=\"1\" fetchpriority=\"high\" decoding=\"async\" data-attachment-id=\"27512\" data-permalink=\"https:\/\/staging.asufin.com\/staging\/170131_ww_espejo_publico_suelo_3\/\" data-orig-file=\"https:\/\/i0.wp.com\/staging.asufin.com\/staging\/wp-content\/uploads\/2017\/01\/170131_WW_ESPEJO_PUBLICO_SUELO_3-2.png?fit=974%2C547&amp;ssl=1\" data-orig-size=\"974,547\" data-comments-opened=\"1\" data-image-meta=\"{&quot;aperture&quot;:&quot;0&quot;,&quot;credit&quot;:&quot;&quot;,&quot;camera&quot;:&quot;&quot;,&quot;caption&quot;:&quot;&quot;,&quot;created_timestamp&quot;:&quot;0&quot;,&quot;copyright&quot;:&quot;&quot;,&quot;focal_length&quot;:&quot;0&quot;,&quot;iso&quot;:&quot;0&quot;,&quot;shutter_speed&quot;:&quot;0&quot;,&quot;title&quot;:&quot;&quot;,&quot;orientation&quot;:&quot;0&quot;}\" data-image-title=\"170131_WW_ESPEJO_PUBLICO_SUELO_ASUFIN\" data-image-description=\"\" data-image-caption=\"&lt;p&gt;Patricia Su\u00e1rez en Espejo P\u00fablico hablando sobre el acuerdo expr\u00e9s de Bankia&lt;\/p&gt;\n\" data-large-file=\"https:\/\/i0.wp.com\/staging.asufin.com\/staging\/wp-content\/uploads\/2017\/01\/170131_WW_ESPEJO_PUBLICO_SUELO_3-2.png?fit=800%2C449&amp;ssl=1\" class=\"size-full wp-image-27512\" src=\"https:\/\/i0.wp.com\/asufin.com\/wp-content\/uploads\/2017\/01\/170131_WW_ESPEJO_PUBLICO_SUELO_3.png?resize=800%2C449&#038;ssl=1\" alt=\"170131_WW_ESPEJO_PUBLICO_SUELO_ASUFIN\" width=\"800\" height=\"449\" title=\"\"><\/a><figcaption id=\"caption-attachment-27512\" class=\"wp-caption-text\">Patricia Su\u00e1rez en Espejo P\u00fablico hablando sobre el acuerdo expr\u00e9s de Bankia<\/figcaption><\/figure>\n<p>&nbsp;<\/p>\n","protected":false},"excerpt":{"rendered":"<p>Nuestra presidenta, Patricia Su\u00e1rez, ha intervenido hoy (31.1.17) en el programa Espejo P\u00fablico junto a Susanna Griso y Albert Castill\u00f3n. Este espacio ha estado dedicado a hablar del &#8220;acuerdo expr\u00e9s&#8221; que ha lanzado Bankia para sus afectados por Cl\u00e1usula Suelo. Una de las afectadas, Susana Delle, ha contado su experiencia y opinado que se alegra [&hellip;]<\/p>\n","protected":false},"author":2,"featured_media":27508,"comment_status":"open","ping_status":"closed","sticky":false,"template":"","format":"standard","meta":{"_acf_changed":false,"_jetpack_newsletter_access":"","_jetpack_dont_email_post_to_subs":false,"_jetpack_newsletter_tier_id":0,"_jetpack_memberships_contains_paywalled_content":false,"_jetpack_memberships_contains_paid_content":false,"footnotes":""},"categories":[43,19,138,3384,44],"tags":[2772,898,2774],"class_list":["post-27501","post","type-post","status-publish","format-standard","has-post-thumbnail","hentry","category-asufin-destacado","category-asufin-en-los-medios","category-clausula-suelo","category-tv","category-wonder-woman","tag-albert-castillon","tag-espejo-publico","tag-susanna-griso"],"acf":[],"jetpack_featured_media_url":"https:\/\/i0.wp.com\/staging.asufin.com\/staging\/wp-content\/uploads\/2017\/01\/170131_WW_ESPEJO_PUBLICO_ASUFIN_SUELO-2.jpg?fit=978%2C653&ssl=1","jetpack_shortlink":"https:\/\/wp.me\/peayLa-79z","jetpack_likes_enabled":false,"jetpack_sharing_enabled":true,"_links":{"self":[{"href":"https:\/\/staging.asufin.com\/staging\/wp-json\/wp\/v2\/posts\/27501","targetHints":{"allow":["GET"]}}],"collection":[{"href":"https:\/\/staging.asufin.com\/staging\/wp-json\/wp\/v2\/posts"}],"about":[{"href":"https:\/\/staging.asufin.com\/staging\/wp-json\/wp\/v2\/types\/post"}],"author":[{"embeddable":true,"href":"https:\/\/staging.asufin.com\/staging\/wp-json\/wp\/v2\/users\/2"}],"replies":[{"embeddable":true,"href":"https:\/\/staging.asufin.com\/staging\/wp-json\/wp\/v2\/comments?post=27501"}],"version-history":[{"count":0,"href":"https:\/\/staging.asufin.com\/staging\/wp-json\/wp\/v2\/posts\/27501\/revisions"}],"wp:featuredmedia":[{"embeddable":true,"href":"https:\/\/staging.asufin.com\/staging\/wp-json\/wp\/v2\/media\/27508"}],"wp:attachment":[{"href":"https:\/\/staging.asufin.com\/staging\/wp-json\/wp\/v2\/media?parent=27501"}],"wp:term":[{"taxonomy":"category","embeddable":true,"href":"https:\/\/staging.asufin.com\/staging\/wp-json\/wp\/v2\/categories?post=27501"},{"taxonomy":"post_tag","embeddable":true,"href":"https:\/\/staging.asufin.com\/staging\/wp-json\/wp\/v2\/tags?post=27501"}],"curies":[{"name":"wp","href":"https:\/\/api.w.org\/{rel}","templated":true}]}}