{"id":27796,"date":"2017-02-14T16:30:34","date_gmt":"2017-02-14T15:30:34","guid":{"rendered":"https:\/\/asufin.com\/?p=27796"},"modified":"2017-10-30T08:40:31","modified_gmt":"2017-10-30T08:40:31","slug":"opv-bankia-asufin-alaba-la-independencia-jueces-abogados","status":"publish","type":"post","link":"https:\/\/staging.asufin.com\/staging\/opv-bankia-asufin-alaba-la-independencia-jueces-abogados\/","title":{"rendered":"OPV Bankia: ASUFIN alaba la independencia de jueces y abogados"},"content":{"rendered":"<h5>[column size=one_half position=first ]\u00bbASUFIN alaba la actuaci\u00f3n independiente de los jueces, abogados y sociedad civil[\/column]<\/h5>\n<h5>[column size=one_half position=last ]\u00bbEl auto que imputa a los ex directivos de Bankia \u00a0se muestra muy duro, indicando que hubo indicios m\u00faltiples y concurrentes de criminalidad[\/column]<\/h5>\n<p>La secci\u00f3n tercera de la Audiencia Nacional ha imputado al antiguo gobernador del Banco de Espa\u00f1a, Miguel \u00c1ngel Fern\u00e1ndez Ord\u00f3\u00f1ez; as\u00ed como a la c\u00fapula del supervisor en su etapa, incluido Fernando Restoy por la salida a bolsa de Bankia. Tendr\u00e1 que declarar en condici\u00f3n de investigado, Julio Segura, el ex presidente de la CNMV cuando se produjo la OPV.<\/p>\n<p>Ante esta imputaci\u00f3n, la presidenta de ASUFIN\u00a0indica que \u0093Estamos tardando a\u00f1os en llevar a al c\u00e1rcel a los responsables de la mala gesti\u00f3n de las cajas de ahorros&#8221;.<\/p>\n<p>El auto se muestra muy duro, indicado que hubo indicios \u0093m\u00faltiples, bastantes y concurrentes de criminalidad respecto de los responsables del Banco de Espa\u00f1a y la CNMV\u0094. ASUFIN alaba la actuaci\u00f3n independiente de muchos jueces de nuestro pa\u00eds; as\u00ed como el compromiso de los abogados y de la sociedad civil para devolver la cordura al sistema.<\/p>\n<p>[divider]OTROS MEDIOS[\/divider]<\/p>\n<p><a href=\"http:\/\/www.eleconomista.es\/legislacion\/noticias\/8152928\/02\/17\/El-juez-del-caso-Bankia-investigara-a-las-excupulas-de-Banco-de-Espana-y-la-CNMV.html\" target=\"_blank\" rel=\"noopener\">El Economista<\/a><\/p>\n<p><a href=\"http:\/\/www.elcorreogallego.es\/panorama\/ecg\/juez-caso-bankia-investigara-excupulas-banco-espana-cnmv\/idEdicion-2017-02-13\/idNoticia-1041289\/14.08px\" target=\"_blank\" rel=\"noopener\">El Correo Gallego<\/a><\/p>\n<p><a href=\"http:\/\/www.naiz.eus\/eu\/actualidad\/noticia\/20170213\/el-juez-del-caso-bankia-investigara-a-las-excupulas-del-banco-de-espana-y-de-la-cnmv\" target=\"_blank\" rel=\"noopener\">Naiz<\/a><\/p>\n<p><a href=\"http:\/\/www.madridactual.es\/20170213743933\/la-audiencia-nacional-ordena-investigar-a-fernandez-ordonez-por-el-caso-bankia\" target=\"_blank\" rel=\"noopener\">Madrid Actual<\/a><\/p>\n<p><a href=\"http:\/\/www.laopinioncoruna.es\/economia\/2017\/02\/14\/antiguas-cupulas-banco-espana-cnmv\/1152454.html\" target=\"_blank\" rel=\"noopener\">La Opini\u00f3n de A Coru\u00f1a<\/a><\/p>\n<p><a href=\"http:\/\/www.farodevigo.es\/economia\/2017\/02\/14\/antiguas-cupulas-banco-espana-cnmv\/1623055.html\" target=\"_blank\" rel=\"noopener\">Faro de Vigo<\/a><\/p>\n<p><a href=\"http:\/\/www.laopinion.es\/economia\/2017\/02\/14\/caso-bankia-salpica-antiguas-cupulas\/748975.html\" target=\"_blank\" rel=\"noopener\">La Opini\u00f3n de Tenerife<\/a><\/p>\n<p><a href=\"http:\/\/www.laprovincia.es\/economia\/2017\/02\/14\/caso-bankia-salpica-antiguas-cupulas\/908700.html\" target=\"_blank\" rel=\"noopener\">La Provincia &#8211; Diario de Las Palmas<\/a><\/p>\n<p><a href=\"http:\/\/www.rtpa.es\/nacional:El-juez-del-caso-Bankia-investigara-a-las-excupulas-de-Banco-de-Espa%C3%B1a-y-CNMV_111487056650.html\" target=\"_blank\" rel=\"noopener\">RTPA<\/a><\/p>\n<p><a href=\"http:\/\/eldia.es\/agencias\/9084749-juez-caso-Bankia-investigara-excupulas-Banco-Espana-CNMV\" target=\"_blank\" rel=\"noopener\">Eldia.es<\/a><\/p>\n<p><a href=\"http:\/\/www.invertia.com\/noticias\/articulo-final.asp?idNoticia=3188218\" target=\"_blank\" rel=\"noopener\">Invertia<\/a><\/p>\n<p><a href=\"http:\/\/www.laregion.es\/articulo\/espanha\/juez-caso-bankia-investigara-excupulas-banco-espana-cnmv\/20170213154204685042.html\" target=\"_blank\" rel=\"noopener\">La Regi\u00f3n\u00a0de Ourense<\/a><\/p>\n<p><a href=\"http:\/\/www.eleconomista.es\/legislacion\/noticias\/8152172\/02\/17\/El-juez-del-caso-Bankia-investigara-a-las-excupulas-del-Banco-de-Espana-y-la-CNMV.html\" target=\"_blank\" rel=\"noopener\">El Economista<\/a><\/p>\n<p><a href=\"http:\/\/www.finanzas.com\/noticias\/mercados\/bolsas\/20170213\/juez-caso-bankia-investigara-3567015.html\" target=\"_blank\" rel=\"noopener\">Inversi\u00f3n y Finanzas<\/a><\/p>\n<p><a href=\"http:\/\/www.eitb.eus\/es\/noticias\/economia\/detalle\/4645443\/el-juez-caso-bankia-investigara-al-banco-espana-cnmw\/\" target=\"_blank\" rel=\"noopener\">eitb.es<\/a><\/p>\n<p><a href=\"http:\/\/www.noticiasdealava.com\/2017\/02\/14\/economia\/el-juez-del-caso-bankia-investigara-a-las-excupulas-del-banco-de-espana-y-la-cnmv\" target=\"_blank\" rel=\"noopener\">Noticias de \u00c1lava<\/a><\/p>\n<p>&nbsp;<\/p>\n","protected":false},"excerpt":{"rendered":"<p>\u00bbASUFIN alaba la actuaci\u00f3n independiente de los jueces, abogados y sociedad civil<\/p>\n","protected":false},"author":2,"featured_media":27797,"comment_status":"open","ping_status":"closed","sticky":false,"template":"page-asufin-noticia.php","format":"standard","meta":{"_acf_changed":false,"_jetpack_newsletter_access":"","_jetpack_dont_email_post_to_subs":false,"_jetpack_newsletter_tier_id":0,"_jetpack_memberships_contains_paywalled_content":false,"_jetpack_memberships_contains_paid_content":false,"footnotes":""},"categories":[82,103],"tags":[396,2829,2830,2470],"class_list":["post-27796","post","type-post","status-publish","format-standard","has-post-thumbnail","hentry","category-asufin-cat","category-asufin-comunicados","tag-bankia","tag-fernando-restoy","tag-miguel-angel-fernandez-ordonez","tag-opv-bankia"],"acf":[],"jetpack_featured_media_url":"https:\/\/i0.wp.com\/staging.asufin.com\/staging\/wp-content\/uploads\/2017\/02\/medios_14.02-2.jpg?fit=759%2C469&ssl=1","jetpack_shortlink":"https:\/\/wp.me\/peayLa-7ek","jetpack_likes_enabled":false,"jetpack_sharing_enabled":true,"_links":{"self":[{"href":"https:\/\/staging.asufin.com\/staging\/wp-json\/wp\/v2\/posts\/27796","targetHints":{"allow":["GET"]}}],"collection":[{"href":"https:\/\/staging.asufin.com\/staging\/wp-json\/wp\/v2\/posts"}],"about":[{"href":"https:\/\/staging.asufin.com\/staging\/wp-json\/wp\/v2\/types\/post"}],"author":[{"embeddable":true,"href":"https:\/\/staging.asufin.com\/staging\/wp-json\/wp\/v2\/users\/2"}],"replies":[{"embeddable":true,"href":"https:\/\/staging.asufin.com\/staging\/wp-json\/wp\/v2\/comments?post=27796"}],"version-history":[{"count":0,"href":"https:\/\/staging.asufin.com\/staging\/wp-json\/wp\/v2\/posts\/27796\/revisions"}],"wp:featuredmedia":[{"embeddable":true,"href":"https:\/\/staging.asufin.com\/staging\/wp-json\/wp\/v2\/media\/27797"}],"wp:attachment":[{"href":"https:\/\/staging.asufin.com\/staging\/wp-json\/wp\/v2\/media?parent=27796"}],"wp:term":[{"taxonomy":"category","embeddable":true,"href":"https:\/\/staging.asufin.com\/staging\/wp-json\/wp\/v2\/categories?post=27796"},{"taxonomy":"post_tag","embeddable":true,"href":"https:\/\/staging.asufin.com\/staging\/wp-json\/wp\/v2\/tags?post=27796"}],"curies":[{"name":"wp","href":"https:\/\/api.w.org\/{rel}","templated":true}]}}