{"id":27928,"date":"2017-02-21T14:14:49","date_gmt":"2017-02-21T13:14:49","guid":{"rendered":"https:\/\/asufin.com\/?p=27928"},"modified":"2020-01-07T13:06:51","modified_gmt":"2020-01-07T12:06:51","slug":"asufin-sobre-plusvalias-espejo-publico-21-2-17","status":"publish","type":"post","link":"https:\/\/staging.asufin.com\/staging\/asufin-sobre-plusvalias-espejo-publico-21-2-17\/","title":{"rendered":"Asufin sobre Plusval\u00edas &#8211; Espejo P\u00fablico &#8211; 21.2.17"},"content":{"rendered":"<p>Nuestra presidenta, Patricia Su\u00e1rez, ha intervenido hoy (21.2.17) en el programa Espejo P\u00fablico. El espacio de hoy ha estado dedicado a las plusval\u00edas.\u00a0Entre otras cosas, hemos conocido a trav\u00e9s de sus declaraciones que la plusval\u00eda\u00a0se puede reclamar si no hubo beneficio con la venta y no han pasado m\u00e1s de 4 a\u00f1os. Algo que Patricia espera que se declare inconstitucional, ya que no se produce revalorizaci\u00f3n.<\/p>\n<p>Si no has podido verlo, <a href=\"http:\/\/www.atresplayer.com\/television\/programas\/espejo-publico\/2017\/febrero\/dia-21-padre-marta-castillo-bsqueda-polica-encontrado-algo_2017022100527.html\" target=\"_blank\" rel=\"noopener\">puedes hacerlo aqu\u00ed (min 01:32:00 aproximadamente)<\/a><\/p>\n<figure id=\"attachment_27930\" aria-describedby=\"caption-attachment-27930\" style=\"width: 974px\" class=\"wp-caption aligncenter\"><a href=\"https:\/\/i0.wp.com\/asufin.com\/wp-content\/uploads\/2017\/02\/wonder7.png?ssl=1\" target=\"_blank\" rel=\"noopener\"><img data-recalc-dims=\"1\" fetchpriority=\"high\" decoding=\"async\" data-attachment-id=\"27930\" data-permalink=\"https:\/\/staging.asufin.com\/staging\/wonder7\/\" data-orig-file=\"https:\/\/i0.wp.com\/staging.asufin.com\/staging\/wp-content\/uploads\/2017\/02\/wonder7-2.png?fit=974%2C545&amp;ssl=1\" data-orig-size=\"974,545\" data-comments-opened=\"1\" data-image-meta=\"{&quot;aperture&quot;:&quot;0&quot;,&quot;credit&quot;:&quot;&quot;,&quot;camera&quot;:&quot;&quot;,&quot;caption&quot;:&quot;&quot;,&quot;created_timestamp&quot;:&quot;0&quot;,&quot;copyright&quot;:&quot;&quot;,&quot;focal_length&quot;:&quot;0&quot;,&quot;iso&quot;:&quot;0&quot;,&quot;shutter_speed&quot;:&quot;0&quot;,&quot;title&quot;:&quot;&quot;,&quot;orientation&quot;:&quot;0&quot;}\" data-image-title=\"wonder_woman_espejo_publico\" data-image-description=\"\" data-image-caption=\"\" data-large-file=\"https:\/\/i0.wp.com\/staging.asufin.com\/staging\/wp-content\/uploads\/2017\/02\/wonder7-2.png?fit=800%2C448&amp;ssl=1\" class=\"wp-image-27930 size-full\" src=\"https:\/\/i0.wp.com\/asufin.com\/wp-content\/uploads\/2017\/02\/wonder7.png?resize=800%2C448&#038;ssl=1\" alt=\"wonder_woman_espejo_publico\" width=\"800\" height=\"448\" title=\"\"><\/a><figcaption id=\"caption-attachment-27930\" class=\"wp-caption-text\">Patricia Su\u00e1rez junto a Albert Castill\u00f3n y Susanna Griso en Espejo P\u00fablico<\/figcaption><\/figure>\n","protected":false},"excerpt":{"rendered":"<p>Nuestra presidenta, Patricia Su\u00e1rez, ha intervenido hoy (21.2.17) en el programa Espejo P\u00fablico. El espacio de hoy ha estado dedicado a las plusval\u00edas.\u00a0Entre otras cosas, hemos conocido a trav\u00e9s de sus declaraciones que la plusval\u00eda\u00a0se puede reclamar si no hubo beneficio con la venta y no han pasado m\u00e1s de 4 a\u00f1os. Algo que Patricia [&hellip;]<\/p>\n","protected":false},"author":2,"featured_media":27949,"comment_status":"open","ping_status":"closed","sticky":false,"template":"","format":"standard","meta":{"_acf_changed":false,"_jetpack_newsletter_access":"","_jetpack_dont_email_post_to_subs":false,"_jetpack_newsletter_tier_id":0,"_jetpack_memberships_contains_paywalled_content":false,"_jetpack_memberships_contains_paid_content":false,"footnotes":""},"categories":[43,19,2845,3384,44],"tags":[2772,898,2774],"class_list":["post-27928","post","type-post","status-publish","format-standard","has-post-thumbnail","hentry","category-asufin-destacado","category-asufin-en-los-medios","category-plusvalia","category-tv","category-wonder-woman","tag-albert-castillon","tag-espejo-publico","tag-susanna-griso"],"acf":[],"jetpack_featured_media_url":"https:\/\/i0.wp.com\/staging.asufin.com\/staging\/wp-content\/uploads\/2017\/02\/170221_WW_ESPEJO_PUBLICO_ASUFIN_FRONT-2.png?fit=978%2C653&ssl=1","jetpack_shortlink":"https:\/\/wp.me\/peayLa-7gs","jetpack_likes_enabled":false,"jetpack_sharing_enabled":true,"_links":{"self":[{"href":"https:\/\/staging.asufin.com\/staging\/wp-json\/wp\/v2\/posts\/27928","targetHints":{"allow":["GET"]}}],"collection":[{"href":"https:\/\/staging.asufin.com\/staging\/wp-json\/wp\/v2\/posts"}],"about":[{"href":"https:\/\/staging.asufin.com\/staging\/wp-json\/wp\/v2\/types\/post"}],"author":[{"embeddable":true,"href":"https:\/\/staging.asufin.com\/staging\/wp-json\/wp\/v2\/users\/2"}],"replies":[{"embeddable":true,"href":"https:\/\/staging.asufin.com\/staging\/wp-json\/wp\/v2\/comments?post=27928"}],"version-history":[{"count":0,"href":"https:\/\/staging.asufin.com\/staging\/wp-json\/wp\/v2\/posts\/27928\/revisions"}],"wp:featuredmedia":[{"embeddable":true,"href":"https:\/\/staging.asufin.com\/staging\/wp-json\/wp\/v2\/media\/27949"}],"wp:attachment":[{"href":"https:\/\/staging.asufin.com\/staging\/wp-json\/wp\/v2\/media?parent=27928"}],"wp:term":[{"taxonomy":"category","embeddable":true,"href":"https:\/\/staging.asufin.com\/staging\/wp-json\/wp\/v2\/categories?post=27928"},{"taxonomy":"post_tag","embeddable":true,"href":"https:\/\/staging.asufin.com\/staging\/wp-json\/wp\/v2\/tags?post=27928"}],"curies":[{"name":"wp","href":"https:\/\/api.w.org\/{rel}","templated":true}]}}