{"id":27997,"date":"2017-02-24T13:04:56","date_gmt":"2017-02-24T12:04:56","guid":{"rendered":"https:\/\/asufin.com\/?p=27997"},"modified":"2017-10-30T08:27:50","modified_gmt":"2017-10-30T08:27:50","slug":"hipotecas-abusivas-asufin-triunfa-visita-s-s-los-reyes","status":"publish","type":"post","link":"https:\/\/staging.asufin.com\/staging\/hipotecas-abusivas-asufin-triunfa-visita-s-s-los-reyes\/","title":{"rendered":"Hipotecas Abusivas: Asufin triunfa en su visita a S.S. de los Reyes"},"content":{"rendered":"<h5>\u00bb Patricia Su\u00e1rez, presidenta de Asufin, Almudena Vel\u00e1zquez, abogada, \u00a0y Carlos Hern\u00e1ndez, responsable de Consumo de San Sebasti\u00e1n de los reyes, presidieron esta charla<\/h5>\n<h5>\u00bb M\u00e1s de 80 vecinos asistieron a esta charla en la que se contestaron todas las dudas sobre productos como la <a href=\"https:\/\/asufin.com\/2016\/12\/formulario-demanda-clausula-suelo\/\" target=\"_blank\" rel=\"noopener\">Cl\u00e1usula Suelo<\/a>, <a href=\"https:\/\/asufin.com\/2016\/05\/demandas-individuales-hipoteca-multidivisa\/\" target=\"_blank\" rel=\"noopener\">Hipoteca Multidivisa<\/a>, <a href=\"https:\/\/asufin.com\/2016\/09\/irph\/\" target=\"_blank\" rel=\"noopener\">IRPH<\/a> o <a href=\"https:\/\/asufin.com\/2016\/09\/formulario-demanda-colectiva-hipoteca-tranquilidad\/\" target=\"_blank\" rel=\"noopener\">Hipoteca Tranquilidad<\/a><\/h5>\n<p class=\"p1\"><strong>Patricia Su\u00e1rez<\/strong>\u00a0inaugur\u00f3 la charla del pasado 23 de febrero con m\u00e1s de 80 personas que acudieron al Centro de Formaci\u00f3n Ocupacional de San Sebasti\u00e1n de los reyes para informarse sobre Hipotecas Abusivas.<\/p>\n<p class=\"p1\">La presidenta de Asufin empez\u00f3 su intervenci\u00f3n introduciendo la historia de la asociaci\u00f3n y la suya personal como afectada por un producto financiero. Seguidamente, explic\u00f3 la cl\u00e1usula suelo y como identificarla en una escritura. De este modo, introdujo la jurisprudencia de este producto desde que empez\u00f3 a reclamarse, actualizando la estrategia que han seguido las entidades con el paso del tiempo.<\/p>\n<p class=\"p1\">Y como arma indispensable en esta reclamaci\u00f3n, la Patricia Su\u00e1rez present\u00f3 la <strong><a href=\"http:\/\/calculadoraclausulasuelo.asufin.com\/\" target=\"_blank\" rel=\"noopener\">calculadora de cl\u00e1usula suelo<\/a><\/strong> de la asociaci\u00f3n. Un instrumento gratuito que permite calcular la correspondiente devoluci\u00f3n por esta cl\u00e1usula. Un paso previo muy importante \u00a0e indispensable ante cualquier reclamaci\u00f3n.\u00a0De igual manera, puso de manifiesto el <strong>efecto disuasorio<\/strong> que se est\u00e1 creando por las entidades al poner trabas al cliente para que no reclame; as\u00ed, se consigue disminuir significativamente el n\u00famero de reclamaciones. Su\u00e1rez ha instado a los vecinos de San Sebasti\u00e1n de los Reyes a reclamar por aquello que ha sido abonado injustamente.<\/p>\n<p class=\"p1\">La presidenta de Asufin ha terminado su intervenci\u00f3n hablando de los gastos de la hipoteca y cu\u00e1l es la opci\u00f3n que presenta la asociaci\u00f3n para gestionar dicha reclamaci\u00f3n. Es de suma importancia que el consumidor compare honorarios y servicios antes de reclamar. Ante esta avalancha de reclamaciones, se promociona el gratis total y este \u00a0como tal no existe.<\/p>\n<p class=\"p1\"><strong>Almudena Vel\u00e1zquez<\/strong>, abogada experta en derecho bancario desde 2005, ha explicado como estructurar correctamente una reclamaci\u00f3n tanto judicial como extrajudicial. De este modo, ofreci\u00f3 asesoramiento a los presentes sobre los escenarios posibles de reclamaci\u00f3n. Aqu\u00ed ser\u00e1 el juez quien decida si la cl\u00e1usula es transparente o no. Por esto, tambi\u00e9n es importante lo que nos ofrece el RDL del gobierno, con sus sus ventajas y desventajas.<\/p>\n<h3 class=\"p1\">Los gastos de la Hipoteca<\/h3>\n<p class=\"p1\">Con respecto a los <strong><a href=\"https:\/\/asufin.com\/2016\/12\/formulario-demanda-gastos-hipoteca\/\" target=\"_blank\" rel=\"noopener\">gastos de hipoteca<\/a><\/strong>, es importante la disparidad existente en tribunales. Hay jueces y Audiencias que s\u00ed reconocen la devoluci\u00f3n \u00edntegra de controvertido Impuesto de Actos Jur\u00eddicos Documentados, arancel de notario, arancel de registro e incluso tasaci\u00f3n. Sin embargo, otros consideran lo contrario.\u00a0No hay ning\u00fan banco que<span class=\"Apple-converted-space\">\u00a0<\/span>est\u00e9 devolviendo el 100%, por lo que hay que ir a tribunales.<\/p>\n<p class=\"p1\">Seguidamente, se dio paso a los vecinos de la localidad para que formulasen todas las preguntas sobre hipotecas abusivas.<\/p>\n<p class=\"p1\">Queremos agradecer al Ayuntamiento de San Sebasti\u00e1n de los Reyes, a su Alcalde <strong>Narciso Romero<\/strong>; as\u00ed como a <strong>Carlos Hern\u00e1ndez<\/strong> y <strong>Sara Vall\u00e9s<\/strong>, responsables de Consumo y OMIC respectivamente.<\/p>\n<div class=\"tiled-gallery type-rectangular tiled-gallery-unresized\" data-original-width=\"800\" data-carousel-extra='{&quot;blog_id&quot;:1,&quot;permalink&quot;:&quot;https:\\\/\\\/staging.asufin.com\\\/staging\\\/hipotecas-abusivas-asufin-triunfa-visita-s-s-los-reyes\\\/&quot;,&quot;likes_blog_id&quot;:209385604}' itemscope itemtype=\"http:\/\/schema.org\/ImageGallery\" > <div class=\"gallery-row\" style=\"width: 800px; height: 586px;\" data-original-width=\"800\" data-original-height=\"586\" > <div class=\"gallery-group images-4\" style=\"width: 218px; height: 586px;\" data-original-width=\"218\" data-original-height=\"586\" > <div class=\"tiled-gallery-item tiled-gallery-item-small\" itemprop=\"associatedMedia\" itemscope itemtype=\"http:\/\/schema.org\/ImageObject\"> <a href=\"https:\/\/staging.asufin.com\/staging\/170223_sanse_1\/\" border=\"0\" itemprop=\"url\"> <meta itemprop=\"width\" content=\"214\"> <meta itemprop=\"height\" content=\"143\"> <img loading=\"lazy\" decoding=\"async\" class=\"\" data-attachment-id=\"28006\" data-orig-file=\"https:\/\/staging.asufin.com\/staging\/wp-content\/uploads\/2017\/02\/170223_SANSE_1-2.png\" data-orig-size=\"518,345\" data-comments-opened=\"1\" data-image-meta=\"{&quot;aperture&quot;:&quot;0&quot;,&quot;credit&quot;:&quot;&quot;,&quot;camera&quot;:&quot;&quot;,&quot;caption&quot;:&quot;&quot;,&quot;created_timestamp&quot;:&quot;0&quot;,&quot;copyright&quot;:&quot;&quot;,&quot;focal_length&quot;:&quot;0&quot;,&quot;iso&quot;:&quot;0&quot;,&quot;shutter_speed&quot;:&quot;0&quot;,&quot;title&quot;:&quot;&quot;,&quot;orientation&quot;:&quot;0&quot;}\" data-image-title=\"170223_SANSE_1\" data-image-description=\"\" data-medium-file=\"https:\/\/i0.wp.com\/staging.asufin.com\/staging\/wp-content\/uploads\/2017\/02\/170223_SANSE_1-2.png?fit=300%2C200&#038;ssl=1\" data-large-file=\"https:\/\/i0.wp.com\/staging.asufin.com\/staging\/wp-content\/uploads\/2017\/02\/170223_SANSE_1-2.png?fit=518%2C345&#038;ssl=1\" src=\"https:\/\/i0.wp.com\/staging.asufin.com\/staging\/wp-content\/uploads\/2017\/02\/170223_SANSE_1-2.png?w=214&#038;h=143&#038;ssl=1\" srcset=\"https:\/\/i0.wp.com\/staging.asufin.com\/staging\/wp-content\/uploads\/2017\/02\/170223_SANSE_1-2.png?w=518&amp;ssl=1 518w, https:\/\/i0.wp.com\/staging.asufin.com\/staging\/wp-content\/uploads\/2017\/02\/170223_SANSE_1-2.png?resize=300%2C200&amp;ssl=1 300w, https:\/\/i0.wp.com\/staging.asufin.com\/staging\/wp-content\/uploads\/2017\/02\/170223_SANSE_1-2.png?resize=360%2C240&amp;ssl=1 360w\" width=\"214\" height=\"143\" loading=\"lazy\" data-original-width=\"214\" data-original-height=\"143\" itemprop=\"http:\/\/schema.org\/image\" title=\"170223_SANSE_1\" alt=\"Aforo pr\u00e1cticamente completo en la charla &quot;Hipotecas Abusivas&quot;. Sal\u00f3n de Actos del Centro de Formaci\u00f3n Ocupacional de San Sebasti\u00e1n de los Reyes\" style=\"width: 214px; height: 143px;\" \/> <\/a> <div class=\"tiled-gallery-caption\" itemprop=\"caption description\"> Aforo pr\u00e1cticamente completo en la charla &#8220;Hipotecas Abusivas&#8221;. Sal\u00f3n de Actos del Centro de Formaci\u00f3n Ocupacional de San Sebasti\u00e1n de los Reyes <\/div> <\/div> <div class=\"tiled-gallery-item tiled-gallery-item-small\" itemprop=\"associatedMedia\" itemscope itemtype=\"http:\/\/schema.org\/ImageObject\"> <a href=\"https:\/\/staging.asufin.com\/staging\/170223_sanse_2\/\" border=\"0\" itemprop=\"url\"> <meta itemprop=\"width\" content=\"214\"> <meta itemprop=\"height\" content=\"143\"> <img loading=\"lazy\" decoding=\"async\" class=\"\" data-attachment-id=\"28007\" data-orig-file=\"https:\/\/staging.asufin.com\/staging\/wp-content\/uploads\/2017\/02\/170223_SANSE_2-2.png\" data-orig-size=\"518,345\" data-comments-opened=\"1\" data-image-meta=\"{&quot;aperture&quot;:&quot;0&quot;,&quot;credit&quot;:&quot;&quot;,&quot;camera&quot;:&quot;&quot;,&quot;caption&quot;:&quot;&quot;,&quot;created_timestamp&quot;:&quot;0&quot;,&quot;copyright&quot;:&quot;&quot;,&quot;focal_length&quot;:&quot;0&quot;,&quot;iso&quot;:&quot;0&quot;,&quot;shutter_speed&quot;:&quot;0&quot;,&quot;title&quot;:&quot;&quot;,&quot;orientation&quot;:&quot;0&quot;}\" data-image-title=\"170223_SANSE_2\" data-image-description=\"\" data-medium-file=\"https:\/\/i0.wp.com\/staging.asufin.com\/staging\/wp-content\/uploads\/2017\/02\/170223_SANSE_2-2.png?fit=300%2C200&#038;ssl=1\" data-large-file=\"https:\/\/i0.wp.com\/staging.asufin.com\/staging\/wp-content\/uploads\/2017\/02\/170223_SANSE_2-2.png?fit=518%2C345&#038;ssl=1\" src=\"https:\/\/i0.wp.com\/staging.asufin.com\/staging\/wp-content\/uploads\/2017\/02\/170223_SANSE_2-2.png?w=214&#038;h=143&#038;ssl=1\" srcset=\"https:\/\/i0.wp.com\/staging.asufin.com\/staging\/wp-content\/uploads\/2017\/02\/170223_SANSE_2-2.png?w=518&amp;ssl=1 518w, https:\/\/i0.wp.com\/staging.asufin.com\/staging\/wp-content\/uploads\/2017\/02\/170223_SANSE_2-2.png?resize=300%2C200&amp;ssl=1 300w, https:\/\/i0.wp.com\/staging.asufin.com\/staging\/wp-content\/uploads\/2017\/02\/170223_SANSE_2-2.png?resize=360%2C240&amp;ssl=1 360w\" width=\"214\" height=\"143\" loading=\"lazy\" data-original-width=\"214\" data-original-height=\"143\" itemprop=\"http:\/\/schema.org\/image\" title=\"170223_SANSE_2\" alt=\"Aforo pr\u00e1cticamente completo en la charla &quot;Hipotecas Abusivas&quot;. Sal\u00f3n de Actos del Centro de Formaci\u00f3n Ocupacional de San Sebasti\u00e1n de los Reyes\" style=\"width: 214px; height: 143px;\" \/> <\/a> <div class=\"tiled-gallery-caption\" itemprop=\"caption description\"> Aforo pr\u00e1cticamente completo en la charla &#8220;Hipotecas Abusivas&#8221;. Sal\u00f3n de Actos del Centro de Formaci\u00f3n Ocupacional de San Sebasti\u00e1n de los Reyes <\/div> <\/div> <div class=\"tiled-gallery-item tiled-gallery-item-small\" itemprop=\"associatedMedia\" itemscope itemtype=\"http:\/\/schema.org\/ImageObject\"> <a href=\"https:\/\/staging.asufin.com\/staging\/170223_sanse_3\/\" border=\"0\" itemprop=\"url\"> <meta itemprop=\"width\" content=\"214\"> <meta itemprop=\"height\" content=\"142\"> <img loading=\"lazy\" decoding=\"async\" class=\"\" data-attachment-id=\"28008\" data-orig-file=\"https:\/\/staging.asufin.com\/staging\/wp-content\/uploads\/2017\/02\/170223_SANSE_3-2.png\" data-orig-size=\"518,345\" data-comments-opened=\"1\" data-image-meta=\"{&quot;aperture&quot;:&quot;0&quot;,&quot;credit&quot;:&quot;&quot;,&quot;camera&quot;:&quot;&quot;,&quot;caption&quot;:&quot;&quot;,&quot;created_timestamp&quot;:&quot;0&quot;,&quot;copyright&quot;:&quot;&quot;,&quot;focal_length&quot;:&quot;0&quot;,&quot;iso&quot;:&quot;0&quot;,&quot;shutter_speed&quot;:&quot;0&quot;,&quot;title&quot;:&quot;&quot;,&quot;orientation&quot;:&quot;0&quot;}\" data-image-title=\"170223_SANSE_3\" data-image-description=\"\" data-medium-file=\"https:\/\/i0.wp.com\/staging.asufin.com\/staging\/wp-content\/uploads\/2017\/02\/170223_SANSE_3-2.png?fit=300%2C200&#038;ssl=1\" data-large-file=\"https:\/\/i0.wp.com\/staging.asufin.com\/staging\/wp-content\/uploads\/2017\/02\/170223_SANSE_3-2.png?fit=518%2C345&#038;ssl=1\" src=\"https:\/\/i0.wp.com\/staging.asufin.com\/staging\/wp-content\/uploads\/2017\/02\/170223_SANSE_3-2.png?w=214&#038;h=142&#038;ssl=1\" srcset=\"https:\/\/i0.wp.com\/staging.asufin.com\/staging\/wp-content\/uploads\/2017\/02\/170223_SANSE_3-2.png?w=518&amp;ssl=1 518w, https:\/\/i0.wp.com\/staging.asufin.com\/staging\/wp-content\/uploads\/2017\/02\/170223_SANSE_3-2.png?resize=300%2C200&amp;ssl=1 300w, https:\/\/i0.wp.com\/staging.asufin.com\/staging\/wp-content\/uploads\/2017\/02\/170223_SANSE_3-2.png?resize=100%2C65&amp;ssl=1 100w, https:\/\/i0.wp.com\/staging.asufin.com\/staging\/wp-content\/uploads\/2017\/02\/170223_SANSE_3-2.png?resize=360%2C240&amp;ssl=1 360w\" width=\"214\" height=\"142\" loading=\"lazy\" data-original-width=\"214\" data-original-height=\"142\" itemprop=\"http:\/\/schema.org\/image\" title=\"170223_SANSE_3\" alt=\"Carlos Hern\u00e1ndez interviene junto a Patricia Su\u00e1rez y Almudena Vel\u00e1zquez\" style=\"width: 214px; height: 142px;\" \/> <\/a> <div class=\"tiled-gallery-caption\" itemprop=\"caption description\"> Carlos Hern\u00e1ndez interviene junto a Patricia Su\u00e1rez y Almudena Vel\u00e1zquez <\/div> <\/div> <div class=\"tiled-gallery-item tiled-gallery-item-small\" itemprop=\"associatedMedia\" itemscope itemtype=\"http:\/\/schema.org\/ImageObject\"> <a href=\"https:\/\/staging.asufin.com\/staging\/170223_sanse_4\/\" border=\"0\" itemprop=\"url\"> <meta itemprop=\"width\" content=\"214\"> <meta itemprop=\"height\" content=\"142\"> <img loading=\"lazy\" decoding=\"async\" class=\"\" data-attachment-id=\"28009\" data-orig-file=\"https:\/\/staging.asufin.com\/staging\/wp-content\/uploads\/2017\/02\/170223_SANSE_4-2.png\" data-orig-size=\"518,345\" data-comments-opened=\"1\" data-image-meta=\"{&quot;aperture&quot;:&quot;0&quot;,&quot;credit&quot;:&quot;&quot;,&quot;camera&quot;:&quot;&quot;,&quot;caption&quot;:&quot;&quot;,&quot;created_timestamp&quot;:&quot;0&quot;,&quot;copyright&quot;:&quot;&quot;,&quot;focal_length&quot;:&quot;0&quot;,&quot;iso&quot;:&quot;0&quot;,&quot;shutter_speed&quot;:&quot;0&quot;,&quot;title&quot;:&quot;&quot;,&quot;orientation&quot;:&quot;0&quot;}\" data-image-title=\"170223_SANSE_4\" data-image-description=\"\" data-medium-file=\"https:\/\/i0.wp.com\/staging.asufin.com\/staging\/wp-content\/uploads\/2017\/02\/170223_SANSE_4-2.png?fit=300%2C200&#038;ssl=1\" data-large-file=\"https:\/\/i0.wp.com\/staging.asufin.com\/staging\/wp-content\/uploads\/2017\/02\/170223_SANSE_4-2.png?fit=518%2C345&#038;ssl=1\" src=\"https:\/\/i0.wp.com\/staging.asufin.com\/staging\/wp-content\/uploads\/2017\/02\/170223_SANSE_4-2.png?w=214&#038;h=142&#038;ssl=1\" srcset=\"https:\/\/i0.wp.com\/staging.asufin.com\/staging\/wp-content\/uploads\/2017\/02\/170223_SANSE_4-2.png?w=518&amp;ssl=1 518w, https:\/\/i0.wp.com\/staging.asufin.com\/staging\/wp-content\/uploads\/2017\/02\/170223_SANSE_4-2.png?resize=300%2C200&amp;ssl=1 300w, https:\/\/i0.wp.com\/staging.asufin.com\/staging\/wp-content\/uploads\/2017\/02\/170223_SANSE_4-2.png?resize=100%2C65&amp;ssl=1 100w, https:\/\/i0.wp.com\/staging.asufin.com\/staging\/wp-content\/uploads\/2017\/02\/170223_SANSE_4-2.png?resize=360%2C240&amp;ssl=1 360w\" width=\"214\" height=\"142\" loading=\"lazy\" data-original-width=\"214\" data-original-height=\"142\" itemprop=\"http:\/\/schema.org\/image\" title=\"170223_SANSE_4\" alt=\"Patricia Su\u00e1rez interviene junto Almudena Vel\u00e1zquez y Carlos Hernandez\" style=\"width: 214px; height: 142px;\" \/> <\/a> <div class=\"tiled-gallery-caption\" itemprop=\"caption description\"> Patricia Su\u00e1rez interviene junto Almudena Vel\u00e1zquez y Carlos Hernandez <\/div> <\/div> <\/div> <!-- close group --> <div class=\"gallery-group images-3\" style=\"width: 291px; height: 586px;\" data-original-width=\"291\" data-original-height=\"586\" > <div class=\"tiled-gallery-item tiled-gallery-item-large\" itemprop=\"associatedMedia\" itemscope itemtype=\"http:\/\/schema.org\/ImageObject\"> <a href=\"https:\/\/staging.asufin.com\/staging\/170223_sanse_5\/\" border=\"0\" itemprop=\"url\"> <meta itemprop=\"width\" content=\"287\"> <meta itemprop=\"height\" content=\"192\"> <img loading=\"lazy\" decoding=\"async\" class=\"\" data-attachment-id=\"28010\" data-orig-file=\"https:\/\/staging.asufin.com\/staging\/wp-content\/uploads\/2017\/02\/170223_SANSE_5-2.png\" data-orig-size=\"518,345\" data-comments-opened=\"1\" data-image-meta=\"{&quot;aperture&quot;:&quot;0&quot;,&quot;credit&quot;:&quot;&quot;,&quot;camera&quot;:&quot;&quot;,&quot;caption&quot;:&quot;&quot;,&quot;created_timestamp&quot;:&quot;0&quot;,&quot;copyright&quot;:&quot;&quot;,&quot;focal_length&quot;:&quot;0&quot;,&quot;iso&quot;:&quot;0&quot;,&quot;shutter_speed&quot;:&quot;0&quot;,&quot;title&quot;:&quot;&quot;,&quot;orientation&quot;:&quot;0&quot;}\" data-image-title=\"170223_SANSE_5\" data-image-description=\"\" data-medium-file=\"https:\/\/i0.wp.com\/staging.asufin.com\/staging\/wp-content\/uploads\/2017\/02\/170223_SANSE_5-2.png?fit=300%2C200&#038;ssl=1\" data-large-file=\"https:\/\/i0.wp.com\/staging.asufin.com\/staging\/wp-content\/uploads\/2017\/02\/170223_SANSE_5-2.png?fit=518%2C345&#038;ssl=1\" src=\"https:\/\/i0.wp.com\/staging.asufin.com\/staging\/wp-content\/uploads\/2017\/02\/170223_SANSE_5-2.png?w=287&#038;h=192&#038;ssl=1\" srcset=\"https:\/\/i0.wp.com\/staging.asufin.com\/staging\/wp-content\/uploads\/2017\/02\/170223_SANSE_5-2.png?w=518&amp;ssl=1 518w, https:\/\/i0.wp.com\/staging.asufin.com\/staging\/wp-content\/uploads\/2017\/02\/170223_SANSE_5-2.png?resize=300%2C200&amp;ssl=1 300w, https:\/\/i0.wp.com\/staging.asufin.com\/staging\/wp-content\/uploads\/2017\/02\/170223_SANSE_5-2.png?resize=360%2C240&amp;ssl=1 360w\" width=\"287\" height=\"192\" loading=\"lazy\" data-original-width=\"287\" data-original-height=\"192\" itemprop=\"http:\/\/schema.org\/image\" title=\"170223_SANSE_5\" alt=\"Patricia Su\u00e1rez interviene junto Almudena Vel\u00e1zquez y Carlos Hernandez\" style=\"width: 287px; height: 192px;\" \/> <\/a> <div class=\"tiled-gallery-caption\" itemprop=\"caption description\"> Patricia Su\u00e1rez interviene junto Almudena Vel\u00e1zquez y Carlos Hernandez <\/div> <\/div> <div class=\"tiled-gallery-item tiled-gallery-item-large\" itemprop=\"associatedMedia\" itemscope itemtype=\"http:\/\/schema.org\/ImageObject\"> <a href=\"https:\/\/staging.asufin.com\/staging\/170223_sanse_6\/\" border=\"0\" itemprop=\"url\"> <meta itemprop=\"width\" content=\"287\"> <meta itemprop=\"height\" content=\"191\"> <img loading=\"lazy\" decoding=\"async\" class=\"\" data-attachment-id=\"28011\" data-orig-file=\"https:\/\/staging.asufin.com\/staging\/wp-content\/uploads\/2017\/02\/170223_SANSE_6-2.png\" data-orig-size=\"518,345\" data-comments-opened=\"1\" data-image-meta=\"{&quot;aperture&quot;:&quot;0&quot;,&quot;credit&quot;:&quot;&quot;,&quot;camera&quot;:&quot;&quot;,&quot;caption&quot;:&quot;&quot;,&quot;created_timestamp&quot;:&quot;0&quot;,&quot;copyright&quot;:&quot;&quot;,&quot;focal_length&quot;:&quot;0&quot;,&quot;iso&quot;:&quot;0&quot;,&quot;shutter_speed&quot;:&quot;0&quot;,&quot;title&quot;:&quot;&quot;,&quot;orientation&quot;:&quot;0&quot;}\" data-image-title=\"170223_SANSE_6\" data-image-description=\"\" data-medium-file=\"https:\/\/i0.wp.com\/staging.asufin.com\/staging\/wp-content\/uploads\/2017\/02\/170223_SANSE_6-2.png?fit=300%2C200&#038;ssl=1\" data-large-file=\"https:\/\/i0.wp.com\/staging.asufin.com\/staging\/wp-content\/uploads\/2017\/02\/170223_SANSE_6-2.png?fit=518%2C345&#038;ssl=1\" src=\"https:\/\/i0.wp.com\/staging.asufin.com\/staging\/wp-content\/uploads\/2017\/02\/170223_SANSE_6-2.png?w=287&#038;h=191&#038;ssl=1\" srcset=\"https:\/\/i0.wp.com\/staging.asufin.com\/staging\/wp-content\/uploads\/2017\/02\/170223_SANSE_6-2.png?w=518&amp;ssl=1 518w, https:\/\/i0.wp.com\/staging.asufin.com\/staging\/wp-content\/uploads\/2017\/02\/170223_SANSE_6-2.png?resize=300%2C200&amp;ssl=1 300w, https:\/\/i0.wp.com\/staging.asufin.com\/staging\/wp-content\/uploads\/2017\/02\/170223_SANSE_6-2.png?resize=360%2C240&amp;ssl=1 360w\" width=\"287\" height=\"191\" loading=\"lazy\" data-original-width=\"287\" data-original-height=\"191\" itemprop=\"http:\/\/schema.org\/image\" title=\"170223_SANSE_6\" alt=\"Aforo pr\u00e1cticamente completo en la charla &quot;Hipotecas Abusivas&quot;. Sal\u00f3n de Actos del Centro de Formaci\u00f3n Ocupacional de San Sebasti\u00e1n de los Reyes\" style=\"width: 287px; height: 191px;\" \/> <\/a> <div class=\"tiled-gallery-caption\" itemprop=\"caption description\"> Aforo pr\u00e1cticamente completo en la charla &#8220;Hipotecas Abusivas&#8221;. Sal\u00f3n de Actos del Centro de Formaci\u00f3n Ocupacional de San Sebasti\u00e1n de los Reyes <\/div> <\/div> <div class=\"tiled-gallery-item tiled-gallery-item-large\" itemprop=\"associatedMedia\" itemscope itemtype=\"http:\/\/schema.org\/ImageObject\"> <a href=\"https:\/\/staging.asufin.com\/staging\/170223_sanse_7\/\" border=\"0\" itemprop=\"url\"> <meta itemprop=\"width\" content=\"287\"> <meta itemprop=\"height\" content=\"191\"> <img loading=\"lazy\" decoding=\"async\" class=\"\" data-attachment-id=\"28012\" data-orig-file=\"https:\/\/staging.asufin.com\/staging\/wp-content\/uploads\/2017\/02\/170223_SANSE_7-2.png\" data-orig-size=\"518,345\" data-comments-opened=\"1\" data-image-meta=\"{&quot;aperture&quot;:&quot;0&quot;,&quot;credit&quot;:&quot;&quot;,&quot;camera&quot;:&quot;&quot;,&quot;caption&quot;:&quot;&quot;,&quot;created_timestamp&quot;:&quot;0&quot;,&quot;copyright&quot;:&quot;&quot;,&quot;focal_length&quot;:&quot;0&quot;,&quot;iso&quot;:&quot;0&quot;,&quot;shutter_speed&quot;:&quot;0&quot;,&quot;title&quot;:&quot;&quot;,&quot;orientation&quot;:&quot;0&quot;}\" data-image-title=\"170223_SANSE_7\" data-image-description=\"\" data-medium-file=\"https:\/\/i0.wp.com\/staging.asufin.com\/staging\/wp-content\/uploads\/2017\/02\/170223_SANSE_7-2.png?fit=300%2C200&#038;ssl=1\" data-large-file=\"https:\/\/i0.wp.com\/staging.asufin.com\/staging\/wp-content\/uploads\/2017\/02\/170223_SANSE_7-2.png?fit=518%2C345&#038;ssl=1\" src=\"https:\/\/i0.wp.com\/staging.asufin.com\/staging\/wp-content\/uploads\/2017\/02\/170223_SANSE_7-2.png?w=287&#038;h=191&#038;ssl=1\" srcset=\"https:\/\/i0.wp.com\/staging.asufin.com\/staging\/wp-content\/uploads\/2017\/02\/170223_SANSE_7-2.png?w=518&amp;ssl=1 518w, https:\/\/i0.wp.com\/staging.asufin.com\/staging\/wp-content\/uploads\/2017\/02\/170223_SANSE_7-2.png?resize=300%2C200&amp;ssl=1 300w, https:\/\/i0.wp.com\/staging.asufin.com\/staging\/wp-content\/uploads\/2017\/02\/170223_SANSE_7-2.png?resize=360%2C240&amp;ssl=1 360w\" width=\"287\" height=\"191\" loading=\"lazy\" data-original-width=\"287\" data-original-height=\"191\" itemprop=\"http:\/\/schema.org\/image\" title=\"170223_SANSE_7\" alt=\"Aforo pr\u00e1cticamente completo en la charla &quot;Hipotecas Abusivas&quot;. Sal\u00f3n de Actos del Centro de Formaci\u00f3n Ocupacional de San Sebasti\u00e1n de los Reyes\" style=\"width: 287px; height: 191px;\" \/> <\/a> <div class=\"tiled-gallery-caption\" itemprop=\"caption description\"> Aforo pr\u00e1cticamente completo en la charla &#8220;Hipotecas Abusivas&#8221;. Sal\u00f3n de Actos del Centro de Formaci\u00f3n Ocupacional de San Sebasti\u00e1n de los Reyes <\/div> <\/div> <\/div> <!-- close group --> <div class=\"gallery-group images-3\" style=\"width: 291px; height: 586px;\" data-original-width=\"291\" data-original-height=\"586\" > <div class=\"tiled-gallery-item tiled-gallery-item-large\" itemprop=\"associatedMedia\" itemscope itemtype=\"http:\/\/schema.org\/ImageObject\"> <a href=\"https:\/\/staging.asufin.com\/staging\/170223_sanse_8\/\" border=\"0\" itemprop=\"url\"> <meta itemprop=\"width\" content=\"287\"> <meta itemprop=\"height\" content=\"192\"> <img loading=\"lazy\" decoding=\"async\" class=\"\" data-attachment-id=\"28013\" data-orig-file=\"https:\/\/staging.asufin.com\/staging\/wp-content\/uploads\/2017\/02\/170223_SANSE_8-2.png\" data-orig-size=\"518,345\" data-comments-opened=\"1\" data-image-meta=\"{&quot;aperture&quot;:&quot;0&quot;,&quot;credit&quot;:&quot;&quot;,&quot;camera&quot;:&quot;&quot;,&quot;caption&quot;:&quot;&quot;,&quot;created_timestamp&quot;:&quot;0&quot;,&quot;copyright&quot;:&quot;&quot;,&quot;focal_length&quot;:&quot;0&quot;,&quot;iso&quot;:&quot;0&quot;,&quot;shutter_speed&quot;:&quot;0&quot;,&quot;title&quot;:&quot;&quot;,&quot;orientation&quot;:&quot;0&quot;}\" data-image-title=\"170223_SANSE_8\" data-image-description=\"\" data-medium-file=\"https:\/\/i0.wp.com\/staging.asufin.com\/staging\/wp-content\/uploads\/2017\/02\/170223_SANSE_8-2.png?fit=300%2C200&#038;ssl=1\" data-large-file=\"https:\/\/i0.wp.com\/staging.asufin.com\/staging\/wp-content\/uploads\/2017\/02\/170223_SANSE_8-2.png?fit=518%2C345&#038;ssl=1\" src=\"https:\/\/i0.wp.com\/staging.asufin.com\/staging\/wp-content\/uploads\/2017\/02\/170223_SANSE_8-2.png?w=287&#038;h=192&#038;ssl=1\" srcset=\"https:\/\/i0.wp.com\/staging.asufin.com\/staging\/wp-content\/uploads\/2017\/02\/170223_SANSE_8-2.png?w=518&amp;ssl=1 518w, https:\/\/i0.wp.com\/staging.asufin.com\/staging\/wp-content\/uploads\/2017\/02\/170223_SANSE_8-2.png?resize=300%2C200&amp;ssl=1 300w, https:\/\/i0.wp.com\/staging.asufin.com\/staging\/wp-content\/uploads\/2017\/02\/170223_SANSE_8-2.png?resize=360%2C240&amp;ssl=1 360w\" width=\"287\" height=\"192\" loading=\"lazy\" data-original-width=\"287\" data-original-height=\"192\" itemprop=\"http:\/\/schema.org\/image\" title=\"170223_SANSE_8\" alt=\"Patricia Su\u00e1rez interviene junto Almudena Vel\u00e1zquez y Carlos Hernandez\" style=\"width: 287px; height: 192px;\" \/> <\/a> <div class=\"tiled-gallery-caption\" itemprop=\"caption description\"> Patricia Su\u00e1rez interviene junto Almudena Vel\u00e1zquez y Carlos Hernandez <\/div> <\/div> <div class=\"tiled-gallery-item tiled-gallery-item-large\" itemprop=\"associatedMedia\" itemscope itemtype=\"http:\/\/schema.org\/ImageObject\"> <a href=\"https:\/\/staging.asufin.com\/staging\/170223_sanse_9\/\" border=\"0\" itemprop=\"url\"> <meta itemprop=\"width\" content=\"287\"> <meta itemprop=\"height\" content=\"191\"> <img loading=\"lazy\" decoding=\"async\" class=\"\" data-attachment-id=\"28014\" data-orig-file=\"https:\/\/staging.asufin.com\/staging\/wp-content\/uploads\/2017\/02\/170223_SANSE_9-2.png\" data-orig-size=\"518,345\" data-comments-opened=\"1\" data-image-meta=\"{&quot;aperture&quot;:&quot;0&quot;,&quot;credit&quot;:&quot;&quot;,&quot;camera&quot;:&quot;&quot;,&quot;caption&quot;:&quot;&quot;,&quot;created_timestamp&quot;:&quot;0&quot;,&quot;copyright&quot;:&quot;&quot;,&quot;focal_length&quot;:&quot;0&quot;,&quot;iso&quot;:&quot;0&quot;,&quot;shutter_speed&quot;:&quot;0&quot;,&quot;title&quot;:&quot;&quot;,&quot;orientation&quot;:&quot;0&quot;}\" data-image-title=\"170223_SANSE_9\" data-image-description=\"\" data-medium-file=\"https:\/\/i0.wp.com\/staging.asufin.com\/staging\/wp-content\/uploads\/2017\/02\/170223_SANSE_9-2.png?fit=300%2C200&#038;ssl=1\" data-large-file=\"https:\/\/i0.wp.com\/staging.asufin.com\/staging\/wp-content\/uploads\/2017\/02\/170223_SANSE_9-2.png?fit=518%2C345&#038;ssl=1\" src=\"https:\/\/i0.wp.com\/staging.asufin.com\/staging\/wp-content\/uploads\/2017\/02\/170223_SANSE_9-2.png?w=287&#038;h=191&#038;ssl=1\" srcset=\"https:\/\/i0.wp.com\/staging.asufin.com\/staging\/wp-content\/uploads\/2017\/02\/170223_SANSE_9-2.png?w=518&amp;ssl=1 518w, https:\/\/i0.wp.com\/staging.asufin.com\/staging\/wp-content\/uploads\/2017\/02\/170223_SANSE_9-2.png?resize=300%2C200&amp;ssl=1 300w, https:\/\/i0.wp.com\/staging.asufin.com\/staging\/wp-content\/uploads\/2017\/02\/170223_SANSE_9-2.png?resize=360%2C240&amp;ssl=1 360w\" width=\"287\" height=\"191\" loading=\"lazy\" data-original-width=\"287\" data-original-height=\"191\" itemprop=\"http:\/\/schema.org\/image\" title=\"170223_SANSE_9\" alt=\"Patricia Su\u00e1rez interviene en la charla &quot;Hipotecas Abusivas\" style=\"width: 287px; height: 191px;\" \/> <\/a> <div class=\"tiled-gallery-caption\" itemprop=\"caption description\"> Patricia Su\u00e1rez interviene en la charla &#8220;Hipotecas Abusivas <\/div> <\/div> <div class=\"tiled-gallery-item tiled-gallery-item-large\" itemprop=\"associatedMedia\" itemscope itemtype=\"http:\/\/schema.org\/ImageObject\"> <a href=\"https:\/\/staging.asufin.com\/staging\/170223_sanse_10\/\" border=\"0\" itemprop=\"url\"> <meta itemprop=\"width\" content=\"287\"> <meta itemprop=\"height\" content=\"191\"> <img loading=\"lazy\" decoding=\"async\" class=\"\" data-attachment-id=\"28015\" data-orig-file=\"https:\/\/staging.asufin.com\/staging\/wp-content\/uploads\/2017\/02\/170223_SANSE_10-2.png\" data-orig-size=\"518,345\" data-comments-opened=\"1\" data-image-meta=\"{&quot;aperture&quot;:&quot;0&quot;,&quot;credit&quot;:&quot;&quot;,&quot;camera&quot;:&quot;&quot;,&quot;caption&quot;:&quot;&quot;,&quot;created_timestamp&quot;:&quot;0&quot;,&quot;copyright&quot;:&quot;&quot;,&quot;focal_length&quot;:&quot;0&quot;,&quot;iso&quot;:&quot;0&quot;,&quot;shutter_speed&quot;:&quot;0&quot;,&quot;title&quot;:&quot;&quot;,&quot;orientation&quot;:&quot;0&quot;}\" data-image-title=\"170223_SANSE_10\" data-image-description=\"\" data-medium-file=\"https:\/\/i0.wp.com\/staging.asufin.com\/staging\/wp-content\/uploads\/2017\/02\/170223_SANSE_10-2.png?fit=300%2C200&#038;ssl=1\" data-large-file=\"https:\/\/i0.wp.com\/staging.asufin.com\/staging\/wp-content\/uploads\/2017\/02\/170223_SANSE_10-2.png?fit=518%2C345&#038;ssl=1\" src=\"https:\/\/i0.wp.com\/staging.asufin.com\/staging\/wp-content\/uploads\/2017\/02\/170223_SANSE_10-2.png?w=287&#038;h=191&#038;ssl=1\" srcset=\"https:\/\/i0.wp.com\/staging.asufin.com\/staging\/wp-content\/uploads\/2017\/02\/170223_SANSE_10-2.png?w=518&amp;ssl=1 518w, https:\/\/i0.wp.com\/staging.asufin.com\/staging\/wp-content\/uploads\/2017\/02\/170223_SANSE_10-2.png?resize=300%2C200&amp;ssl=1 300w, https:\/\/i0.wp.com\/staging.asufin.com\/staging\/wp-content\/uploads\/2017\/02\/170223_SANSE_10-2.png?resize=360%2C240&amp;ssl=1 360w\" width=\"287\" height=\"191\" loading=\"lazy\" data-original-width=\"287\" data-original-height=\"191\" itemprop=\"http:\/\/schema.org\/image\" title=\"170223_SANSE_10\" alt=\"Almudena Vel\u00e1zquez interviene en la charla Hipotecas Abusivas\" style=\"width: 287px; height: 191px;\" \/> <\/a> <div class=\"tiled-gallery-caption\" itemprop=\"caption description\"> Almudena Vel\u00e1zquez interviene en la charla Hipotecas Abusivas <\/div> <\/div> <\/div> <!-- close group --> <\/div> <!-- close row --> <\/div>\n<p>[divider] OTROS MEDIOS [\/divider]<\/p>\n<p><a href=\"http:\/\/www.cronicanorte.es\/segunda-jornada-las-clausulas-suelo-hipotecarias-sanse\/110884\" target=\"_blank\" rel=\"noopener\">Cr\u00f3nica Norte<\/a><\/p>\n","protected":false},"excerpt":{"rendered":"<p>\u00bb Patricia Su\u00e1rez, presidenta de Asufin, Almudena Vel\u00e1zquez, abogada,  y Carlos Hern\u00e1ndez, responsable de Consumo de San Sebasti\u00e1n de los reyes, presidieron esta charla<\/p>\n","protected":false},"author":2,"featured_media":28004,"comment_status":"open","ping_status":"closed","sticky":false,"template":"","format":"standard","meta":{"_acf_changed":false,"_jetpack_newsletter_access":"","_jetpack_dont_email_post_to_subs":true,"_jetpack_newsletter_tier_id":0,"_jetpack_memberships_contains_paywalled_content":false,"_jetpack_memberships_contains_paid_content":false,"footnotes":""},"categories":[43,191,2809,44],"tags":[738,2843,2823,2844],"class_list":["post-27997","post","type-post","status-publish","format-standard","has-post-thumbnail","hentry","category-asufin-destacado","category-eventos","category-omic","category-wonder-woman","tag-carlos-hernandez","tag-narciso-romero","tag-san-sebastian-de-los-reyes","tag-sara-valles"],"acf":[],"jetpack_featured_media_url":"https:\/\/i0.wp.com\/staging.asufin.com\/staging\/wp-content\/uploads\/2017\/02\/170223_SANSE_FRONT-2.png?fit=1037%2C691&ssl=1","jetpack_shortlink":"https:\/\/wp.me\/peayLa-7hz","jetpack_likes_enabled":false,"jetpack_sharing_enabled":true,"_links":{"self":[{"href":"https:\/\/staging.asufin.com\/staging\/wp-json\/wp\/v2\/posts\/27997","targetHints":{"allow":["GET"]}}],"collection":[{"href":"https:\/\/staging.asufin.com\/staging\/wp-json\/wp\/v2\/posts"}],"about":[{"href":"https:\/\/staging.asufin.com\/staging\/wp-json\/wp\/v2\/types\/post"}],"author":[{"embeddable":true,"href":"https:\/\/staging.asufin.com\/staging\/wp-json\/wp\/v2\/users\/2"}],"replies":[{"embeddable":true,"href":"https:\/\/staging.asufin.com\/staging\/wp-json\/wp\/v2\/comments?post=27997"}],"version-history":[{"count":0,"href":"https:\/\/staging.asufin.com\/staging\/wp-json\/wp\/v2\/posts\/27997\/revisions"}],"wp:featuredmedia":[{"embeddable":true,"href":"https:\/\/staging.asufin.com\/staging\/wp-json\/wp\/v2\/media\/28004"}],"wp:attachment":[{"href":"https:\/\/staging.asufin.com\/staging\/wp-json\/wp\/v2\/media?parent=27997"}],"wp:term":[{"taxonomy":"category","embeddable":true,"href":"https:\/\/staging.asufin.com\/staging\/wp-json\/wp\/v2\/categories?post=27997"},{"taxonomy":"post_tag","embeddable":true,"href":"https:\/\/staging.asufin.com\/staging\/wp-json\/wp\/v2\/tags?post=27997"}],"curies":[{"name":"wp","href":"https:\/\/api.w.org\/{rel}","templated":true}]}}