{"id":28258,"date":"2017-03-13T14:31:09","date_gmt":"2017-03-13T13:31:09","guid":{"rendered":"https:\/\/asufin.com\/?p=28258"},"modified":"2017-10-27T11:59:58","modified_gmt":"2017-10-27T11:59:58","slug":"asufin-expone-la-hipoteca-multidivisa-la-universidad-burgos","status":"publish","type":"post","link":"https:\/\/staging.asufin.com\/staging\/asufin-expone-la-hipoteca-multidivisa-la-universidad-burgos\/","title":{"rendered":"Asufin expone la Hipoteca Multidivisa en la Universidad de Burgos"},"content":{"rendered":"<h5>\u00bb Las jornadas de la Tutela del Deudor Hipotecario se celebraron el pasado 8 y 9 de marzo en la Facultad de Derecho de Burgos<\/h5>\n<h5>\u00bb El ICA de Burgos cont\u00f3 con la presencia de jueces, abogados y nuestra presidenta, Patricia Su\u00e1rez<\/h5>\n<h5>\u00bb La presidenta de ASUFIN abord\u00f3 la problem\u00e1tica de las Hipotecas Multidivisa, presentando este producto como algo que se puede reclamar y que sigue perjudicando a miles de familias<\/h5>\n<p>En la primera jornada de la conferencia celebrada el 8 de marzo particip\u00f3 Don I\u00f1igo Herrero Elejalde, juez de primera instancia y Don Jos\u00e9 Ignacio Melgosa, Magistrado &#8211; Juez de Audiencia Provincial. La intervenci\u00f3n de ambos produjo mucho debate sobre el control judicial en materia de protecci\u00f3n al consumidor.<\/p>\n<p>En la jornada del d\u00eda 9 de marzo, Don Jes\u00fas \u00c1ngel Saiz Redondo, abogado del ICA de Burgo habl\u00f3 de las ejecuciones hipotecarias y de las v\u00edas para oponerse. A continuaci\u00f3n, Patricia Su\u00e1rez abord\u00f3 la problem\u00e1tica de las hipotecas multidivisa desde sus inicios, su incorrecta comercializaci\u00f3n en clientes minoristas y la jurisprudencia que est\u00e1 dando la raz\u00f3n al consumidor. Por \u00faltimo, finaliz\u00f3 su intervenci\u00f3n para presentar el proyecto de Finsalud, una fundaci\u00f3n pionera en la investigaci\u00f3n sobre impacto de los fraudes financieros en la salud de los afectados.<\/p>\n<p>Unas jornadas organizadas por el ICA de Burgos que contaron con m\u00e1s de 100 personas, en su mayor\u00eda abogados en ejercicio y alumnos del master de abogac\u00eda. En Burgos, nuestro abogado colaborador <strong><a href=\"https:\/\/asufin.com\/2015\/09\/nulidad-parcial-de-una-hipoteca-multidivisa-en-burgos\/\" target=\"_blank\" rel=\"noopener\">Jaime Cod\u00f3n<\/a><\/strong> ha ganado ya varias sentencias y, aunque la <strong><a href=\"https:\/\/asufin.com\/2016\/05\/la-audiencia-provincial-de-burgos-confirma-la-nulidad-parcial-de-una-hipoteca-multidivisa-de-bankinter\/\" target=\"_blank\" rel=\"noopener\">Audiencia Provincial lo tiene muy claro<\/a><\/strong>, no hab\u00eda mucho conocimiento de este tipo de hipotecas; la presidenta de ASUFIN ha explicado que este problema existe y se puede reclamar.<\/p>\n<div class=\"tiled-gallery type-rectangular tiled-gallery-unresized\" data-original-width=\"800\" data-carousel-extra='{&quot;blog_id&quot;:1,&quot;permalink&quot;:&quot;https:\\\/\\\/staging.asufin.com\\\/staging\\\/asufin-expone-la-hipoteca-multidivisa-la-universidad-burgos\\\/&quot;,&quot;likes_blog_id&quot;:209385604}' itemscope itemtype=\"http:\/\/schema.org\/ImageGallery\" > <div class=\"gallery-row\" style=\"width: 800px; height: 571px;\" data-original-width=\"800\" data-original-height=\"571\" > <div class=\"gallery-group images-3\" style=\"width: 253px; height: 571px;\" data-original-width=\"253\" data-original-height=\"571\" > <div class=\"tiled-gallery-item tiled-gallery-item-small\" itemprop=\"associatedMedia\" itemscope itemtype=\"http:\/\/schema.org\/ImageObject\"> <a href=\"https:\/\/staging.asufin.com\/staging\/170309_asufin_ica_burgos_1\/\" border=\"0\" itemprop=\"url\"> <meta itemprop=\"width\" content=\"249\"> <meta itemprop=\"height\" content=\"187\"> <img loading=\"lazy\" decoding=\"async\" class=\"\" data-attachment-id=\"28293\" data-orig-file=\"https:\/\/staging.asufin.com\/staging\/wp-content\/uploads\/2017\/03\/170309_ASUFIN_ICA_BURGOS_1-2.jpeg\" data-orig-size=\"1280,960\" data-comments-opened=\"1\" data-image-meta=\"{&quot;aperture&quot;:&quot;0&quot;,&quot;credit&quot;:&quot;&quot;,&quot;camera&quot;:&quot;&quot;,&quot;caption&quot;:&quot;&quot;,&quot;created_timestamp&quot;:&quot;0&quot;,&quot;copyright&quot;:&quot;&quot;,&quot;focal_length&quot;:&quot;0&quot;,&quot;iso&quot;:&quot;0&quot;,&quot;shutter_speed&quot;:&quot;0&quot;,&quot;title&quot;:&quot;&quot;,&quot;orientation&quot;:&quot;1&quot;}\" data-image-title=\"170309_ASUFIN_ICA_BURGOS_1\" data-image-description=\"\" data-medium-file=\"https:\/\/i0.wp.com\/staging.asufin.com\/staging\/wp-content\/uploads\/2017\/03\/170309_ASUFIN_ICA_BURGOS_1-2.jpeg?fit=300%2C225&#038;ssl=1\" data-large-file=\"https:\/\/i0.wp.com\/staging.asufin.com\/staging\/wp-content\/uploads\/2017\/03\/170309_ASUFIN_ICA_BURGOS_1-2.jpeg?fit=800%2C600&#038;ssl=1\" src=\"https:\/\/i0.wp.com\/staging.asufin.com\/staging\/wp-content\/uploads\/2017\/03\/170309_ASUFIN_ICA_BURGOS_1-2.jpeg?w=249&#038;h=187&#038;ssl=1\" srcset=\"https:\/\/i0.wp.com\/staging.asufin.com\/staging\/wp-content\/uploads\/2017\/03\/170309_ASUFIN_ICA_BURGOS_1-2.jpeg?w=1280&amp;ssl=1 1280w, https:\/\/i0.wp.com\/staging.asufin.com\/staging\/wp-content\/uploads\/2017\/03\/170309_ASUFIN_ICA_BURGOS_1-2.jpeg?resize=300%2C225&amp;ssl=1 300w, https:\/\/i0.wp.com\/staging.asufin.com\/staging\/wp-content\/uploads\/2017\/03\/170309_ASUFIN_ICA_BURGOS_1-2.jpeg?resize=768%2C576&amp;ssl=1 768w, https:\/\/i0.wp.com\/staging.asufin.com\/staging\/wp-content\/uploads\/2017\/03\/170309_ASUFIN_ICA_BURGOS_1-2.jpeg?resize=1024%2C768&amp;ssl=1 1024w, https:\/\/i0.wp.com\/staging.asufin.com\/staging\/wp-content\/uploads\/2017\/03\/170309_ASUFIN_ICA_BURGOS_1-2.jpeg?resize=600%2C450&amp;ssl=1 600w\" width=\"249\" height=\"187\" loading=\"lazy\" data-original-width=\"249\" data-original-height=\"187\" itemprop=\"http:\/\/schema.org\/image\" title=\"170309_ASUFIN_ICA_BURGOS_1\" alt=\"La presidenta de ASUFIN, Patricia Su\u00e1rez en la Universidad de Burgos\" style=\"width: 249px; height: 187px;\" \/> <\/a> <div class=\"tiled-gallery-caption\" itemprop=\"caption description\"> La presidenta de ASUFIN, Patricia Su\u00e1rez en la Universidad de Burgos <\/div> <\/div> <div class=\"tiled-gallery-item tiled-gallery-item-small\" itemprop=\"associatedMedia\" itemscope itemtype=\"http:\/\/schema.org\/ImageObject\"> <a href=\"https:\/\/staging.asufin.com\/staging\/170309_asufin_ica_burgos_3\/\" border=\"0\" itemprop=\"url\"> <meta itemprop=\"width\" content=\"249\"> <meta itemprop=\"height\" content=\"186\"> <img loading=\"lazy\" decoding=\"async\" class=\"\" data-attachment-id=\"28295\" data-orig-file=\"https:\/\/staging.asufin.com\/staging\/wp-content\/uploads\/2017\/03\/170309_ASUFIN_ICA_BURGOS_3-2.jpeg\" data-orig-size=\"1600,1200\" data-comments-opened=\"1\" data-image-meta=\"{&quot;aperture&quot;:&quot;0&quot;,&quot;credit&quot;:&quot;&quot;,&quot;camera&quot;:&quot;&quot;,&quot;caption&quot;:&quot;&quot;,&quot;created_timestamp&quot;:&quot;0&quot;,&quot;copyright&quot;:&quot;&quot;,&quot;focal_length&quot;:&quot;0&quot;,&quot;iso&quot;:&quot;0&quot;,&quot;shutter_speed&quot;:&quot;0&quot;,&quot;title&quot;:&quot;&quot;,&quot;orientation&quot;:&quot;1&quot;}\" data-image-title=\"170309_ASUFIN_ICA_BURGOS_3\" data-image-description=\"\" data-medium-file=\"https:\/\/i0.wp.com\/staging.asufin.com\/staging\/wp-content\/uploads\/2017\/03\/170309_ASUFIN_ICA_BURGOS_3-2.jpeg?fit=300%2C225&#038;ssl=1\" data-large-file=\"https:\/\/i0.wp.com\/staging.asufin.com\/staging\/wp-content\/uploads\/2017\/03\/170309_ASUFIN_ICA_BURGOS_3-2.jpeg?fit=800%2C600&#038;ssl=1\" src=\"https:\/\/i0.wp.com\/staging.asufin.com\/staging\/wp-content\/uploads\/2017\/03\/170309_ASUFIN_ICA_BURGOS_3-2.jpeg?w=249&#038;h=186&#038;ssl=1\" srcset=\"https:\/\/i0.wp.com\/staging.asufin.com\/staging\/wp-content\/uploads\/2017\/03\/170309_ASUFIN_ICA_BURGOS_3-2.jpeg?w=1600&amp;ssl=1 1600w, https:\/\/i0.wp.com\/staging.asufin.com\/staging\/wp-content\/uploads\/2017\/03\/170309_ASUFIN_ICA_BURGOS_3-2.jpeg?resize=300%2C225&amp;ssl=1 300w, https:\/\/i0.wp.com\/staging.asufin.com\/staging\/wp-content\/uploads\/2017\/03\/170309_ASUFIN_ICA_BURGOS_3-2.jpeg?resize=768%2C576&amp;ssl=1 768w, https:\/\/i0.wp.com\/staging.asufin.com\/staging\/wp-content\/uploads\/2017\/03\/170309_ASUFIN_ICA_BURGOS_3-2.jpeg?resize=1024%2C768&amp;ssl=1 1024w, https:\/\/i0.wp.com\/staging.asufin.com\/staging\/wp-content\/uploads\/2017\/03\/170309_ASUFIN_ICA_BURGOS_3-2.jpeg?resize=600%2C450&amp;ssl=1 600w, https:\/\/i0.wp.com\/staging.asufin.com\/staging\/wp-content\/uploads\/2017\/03\/170309_ASUFIN_ICA_BURGOS_3-2.jpeg?resize=1320%2C990&amp;ssl=1 1320w\" width=\"249\" height=\"186\" loading=\"lazy\" data-original-width=\"249\" data-original-height=\"186\" itemprop=\"http:\/\/schema.org\/image\" title=\"170309_ASUFIN_ICA_BURGOS_3\" alt=\"La Facultad de Derecho de la Universidad de Burgos\" style=\"width: 249px; height: 186px;\" \/> <\/a> <div class=\"tiled-gallery-caption\" itemprop=\"caption description\"> La Facultad de Derecho de la Universidad de Burgos <\/div> <\/div> <div class=\"tiled-gallery-item tiled-gallery-item-small\" itemprop=\"associatedMedia\" itemscope itemtype=\"http:\/\/schema.org\/ImageObject\"> <a href=\"https:\/\/staging.asufin.com\/staging\/170309_asufin_ica_burgos_4\/\" border=\"0\" itemprop=\"url\"> <meta itemprop=\"width\" content=\"249\"> <meta itemprop=\"height\" content=\"186\"> <img loading=\"lazy\" decoding=\"async\" class=\"\" data-attachment-id=\"28296\" data-orig-file=\"https:\/\/staging.asufin.com\/staging\/wp-content\/uploads\/2017\/03\/170309_ASUFIN_ICA_BURGOS_4-2.jpeg\" data-orig-size=\"1600,1200\" data-comments-opened=\"1\" data-image-meta=\"{&quot;aperture&quot;:&quot;0&quot;,&quot;credit&quot;:&quot;&quot;,&quot;camera&quot;:&quot;&quot;,&quot;caption&quot;:&quot;&quot;,&quot;created_timestamp&quot;:&quot;0&quot;,&quot;copyright&quot;:&quot;&quot;,&quot;focal_length&quot;:&quot;0&quot;,&quot;iso&quot;:&quot;0&quot;,&quot;shutter_speed&quot;:&quot;0&quot;,&quot;title&quot;:&quot;&quot;,&quot;orientation&quot;:&quot;0&quot;}\" data-image-title=\"170309_ASUFIN_ICA_BURGOS_4\" data-image-description=\"\" data-medium-file=\"https:\/\/i0.wp.com\/staging.asufin.com\/staging\/wp-content\/uploads\/2017\/03\/170309_ASUFIN_ICA_BURGOS_4-2.jpeg?fit=300%2C225&#038;ssl=1\" data-large-file=\"https:\/\/i0.wp.com\/staging.asufin.com\/staging\/wp-content\/uploads\/2017\/03\/170309_ASUFIN_ICA_BURGOS_4-2.jpeg?fit=800%2C600&#038;ssl=1\" src=\"https:\/\/i0.wp.com\/staging.asufin.com\/staging\/wp-content\/uploads\/2017\/03\/170309_ASUFIN_ICA_BURGOS_4-2.jpeg?w=249&#038;h=186&#038;ssl=1\" srcset=\"https:\/\/i0.wp.com\/staging.asufin.com\/staging\/wp-content\/uploads\/2017\/03\/170309_ASUFIN_ICA_BURGOS_4-2.jpeg?w=1600&amp;ssl=1 1600w, https:\/\/i0.wp.com\/staging.asufin.com\/staging\/wp-content\/uploads\/2017\/03\/170309_ASUFIN_ICA_BURGOS_4-2.jpeg?resize=300%2C225&amp;ssl=1 300w, https:\/\/i0.wp.com\/staging.asufin.com\/staging\/wp-content\/uploads\/2017\/03\/170309_ASUFIN_ICA_BURGOS_4-2.jpeg?resize=768%2C576&amp;ssl=1 768w, https:\/\/i0.wp.com\/staging.asufin.com\/staging\/wp-content\/uploads\/2017\/03\/170309_ASUFIN_ICA_BURGOS_4-2.jpeg?resize=1024%2C768&amp;ssl=1 1024w, https:\/\/i0.wp.com\/staging.asufin.com\/staging\/wp-content\/uploads\/2017\/03\/170309_ASUFIN_ICA_BURGOS_4-2.jpeg?resize=600%2C450&amp;ssl=1 600w, https:\/\/i0.wp.com\/staging.asufin.com\/staging\/wp-content\/uploads\/2017\/03\/170309_ASUFIN_ICA_BURGOS_4-2.jpeg?resize=1320%2C990&amp;ssl=1 1320w\" width=\"249\" height=\"186\" loading=\"lazy\" data-original-width=\"249\" data-original-height=\"186\" itemprop=\"http:\/\/schema.org\/image\" title=\"170309_ASUFIN_ICA_BURGOS_4\" alt=\"De izq. a Derecha: Oscar Molinuevo, Jes\u00fas \u00c1ngel Saiz Redondo, Patricia Su\u00e1rez y Eva Sancho\" style=\"width: 249px; height: 186px;\" \/> <\/a> <div class=\"tiled-gallery-caption\" itemprop=\"caption description\"> De izq. a Derecha: Oscar Molinuevo, Jes\u00fas \u00c1ngel Saiz Redondo, Patricia Su\u00e1rez y Eva Sancho <\/div> <\/div> <\/div> <!-- close group --> <div class=\"gallery-group images-4\" style=\"width: 168px; height: 571px;\" data-original-width=\"168\" data-original-height=\"571\" > <div class=\"tiled-gallery-item tiled-gallery-item-small\" itemprop=\"associatedMedia\" itemscope itemtype=\"http:\/\/schema.org\/ImageObject\"> <a href=\"https:\/\/staging.asufin.com\/staging\/170309_asufin_ica_burgos_5\/\" border=\"0\" itemprop=\"url\"> <meta itemprop=\"width\" content=\"164\"> <meta itemprop=\"height\" content=\"91\"> <img loading=\"lazy\" decoding=\"async\" class=\"\" data-attachment-id=\"28297\" data-orig-file=\"https:\/\/staging.asufin.com\/staging\/wp-content\/uploads\/2017\/03\/170309_ASUFIN_ICA_BURGOS_5-2.jpeg\" data-orig-size=\"1600,887\" data-comments-opened=\"1\" data-image-meta=\"{&quot;aperture&quot;:&quot;0&quot;,&quot;credit&quot;:&quot;&quot;,&quot;camera&quot;:&quot;&quot;,&quot;caption&quot;:&quot;&quot;,&quot;created_timestamp&quot;:&quot;0&quot;,&quot;copyright&quot;:&quot;&quot;,&quot;focal_length&quot;:&quot;0&quot;,&quot;iso&quot;:&quot;0&quot;,&quot;shutter_speed&quot;:&quot;0&quot;,&quot;title&quot;:&quot;&quot;,&quot;orientation&quot;:&quot;0&quot;}\" data-image-title=\"170309_ASUFIN_ICA_BURGOS_5\" data-image-description=\"\" data-medium-file=\"https:\/\/i0.wp.com\/staging.asufin.com\/staging\/wp-content\/uploads\/2017\/03\/170309_ASUFIN_ICA_BURGOS_5-2.jpeg?fit=300%2C166&#038;ssl=1\" data-large-file=\"https:\/\/i0.wp.com\/staging.asufin.com\/staging\/wp-content\/uploads\/2017\/03\/170309_ASUFIN_ICA_BURGOS_5-2.jpeg?fit=800%2C444&#038;ssl=1\" src=\"https:\/\/i0.wp.com\/staging.asufin.com\/staging\/wp-content\/uploads\/2017\/03\/170309_ASUFIN_ICA_BURGOS_5-2.jpeg?w=164&#038;h=91&#038;ssl=1\" srcset=\"https:\/\/i0.wp.com\/staging.asufin.com\/staging\/wp-content\/uploads\/2017\/03\/170309_ASUFIN_ICA_BURGOS_5-2.jpeg?w=1600&amp;ssl=1 1600w, https:\/\/i0.wp.com\/staging.asufin.com\/staging\/wp-content\/uploads\/2017\/03\/170309_ASUFIN_ICA_BURGOS_5-2.jpeg?resize=300%2C166&amp;ssl=1 300w, https:\/\/i0.wp.com\/staging.asufin.com\/staging\/wp-content\/uploads\/2017\/03\/170309_ASUFIN_ICA_BURGOS_5-2.jpeg?resize=768%2C426&amp;ssl=1 768w, https:\/\/i0.wp.com\/staging.asufin.com\/staging\/wp-content\/uploads\/2017\/03\/170309_ASUFIN_ICA_BURGOS_5-2.jpeg?resize=1024%2C568&amp;ssl=1 1024w, https:\/\/i0.wp.com\/staging.asufin.com\/staging\/wp-content\/uploads\/2017\/03\/170309_ASUFIN_ICA_BURGOS_5-2.jpeg?resize=600%2C333&amp;ssl=1 600w, https:\/\/i0.wp.com\/staging.asufin.com\/staging\/wp-content\/uploads\/2017\/03\/170309_ASUFIN_ICA_BURGOS_5-2.jpeg?resize=1320%2C732&amp;ssl=1 1320w\" width=\"164\" height=\"91\" loading=\"lazy\" data-original-width=\"164\" data-original-height=\"91\" itemprop=\"http:\/\/schema.org\/image\" title=\"170309_ASUFIN_ICA_BURGOS_5\" alt=\"De izq. a Derecha: Oscar Molinuevo, Jes\u00fas \u00c1ngel Saiz Redondo, Patricia Su\u00e1rez y Eva Sancho\" style=\"width: 164px; height: 91px;\" \/> <\/a> <div class=\"tiled-gallery-caption\" itemprop=\"caption description\"> De izq. a Derecha: Oscar Molinuevo, Jes\u00fas \u00c1ngel Saiz Redondo, Patricia Su\u00e1rez y Eva Sancho <\/div> <\/div> <div class=\"tiled-gallery-item tiled-gallery-item-small\" itemprop=\"associatedMedia\" itemscope itemtype=\"http:\/\/schema.org\/ImageObject\"> <a href=\"https:\/\/staging.asufin.com\/staging\/170309_asufin_ica_burgos_6\/\" border=\"0\" itemprop=\"url\"> <meta itemprop=\"width\" content=\"164\"> <meta itemprop=\"height\" content=\"218\"> <img loading=\"lazy\" decoding=\"async\" class=\"\" data-attachment-id=\"28298\" data-orig-file=\"https:\/\/staging.asufin.com\/staging\/wp-content\/uploads\/2017\/03\/170309_ASUFIN_ICA_BURGOS_6-2.jpeg\" data-orig-size=\"1200,1600\" data-comments-opened=\"1\" data-image-meta=\"{&quot;aperture&quot;:&quot;0&quot;,&quot;credit&quot;:&quot;&quot;,&quot;camera&quot;:&quot;&quot;,&quot;caption&quot;:&quot;&quot;,&quot;created_timestamp&quot;:&quot;0&quot;,&quot;copyright&quot;:&quot;&quot;,&quot;focal_length&quot;:&quot;0&quot;,&quot;iso&quot;:&quot;0&quot;,&quot;shutter_speed&quot;:&quot;0&quot;,&quot;title&quot;:&quot;&quot;,&quot;orientation&quot;:&quot;0&quot;}\" data-image-title=\"170309_ASUFIN_ICA_BURGOS_6\" data-image-description=\"\" data-medium-file=\"https:\/\/i0.wp.com\/staging.asufin.com\/staging\/wp-content\/uploads\/2017\/03\/170309_ASUFIN_ICA_BURGOS_6-2.jpeg?fit=225%2C300&#038;ssl=1\" data-large-file=\"https:\/\/i0.wp.com\/staging.asufin.com\/staging\/wp-content\/uploads\/2017\/03\/170309_ASUFIN_ICA_BURGOS_6-2.jpeg?fit=768%2C1024&#038;ssl=1\" src=\"https:\/\/i0.wp.com\/staging.asufin.com\/staging\/wp-content\/uploads\/2017\/03\/170309_ASUFIN_ICA_BURGOS_6-2.jpeg?w=164&#038;h=218&#038;ssl=1\" srcset=\"https:\/\/i0.wp.com\/staging.asufin.com\/staging\/wp-content\/uploads\/2017\/03\/170309_ASUFIN_ICA_BURGOS_6-2.jpeg?w=1200&amp;ssl=1 1200w, https:\/\/i0.wp.com\/staging.asufin.com\/staging\/wp-content\/uploads\/2017\/03\/170309_ASUFIN_ICA_BURGOS_6-2.jpeg?resize=225%2C300&amp;ssl=1 225w, https:\/\/i0.wp.com\/staging.asufin.com\/staging\/wp-content\/uploads\/2017\/03\/170309_ASUFIN_ICA_BURGOS_6-2.jpeg?resize=768%2C1024&amp;ssl=1 768w, https:\/\/i0.wp.com\/staging.asufin.com\/staging\/wp-content\/uploads\/2017\/03\/170309_ASUFIN_ICA_BURGOS_6-2.jpeg?resize=600%2C800&amp;ssl=1 600w\" width=\"164\" height=\"218\" loading=\"lazy\" data-original-width=\"164\" data-original-height=\"218\" itemprop=\"http:\/\/schema.org\/image\" title=\"170309_ASUFIN_ICA_BURGOS_6\" alt=\"De izq. a Derecha: Oscar Molinuevo, Jes\u00fas \u00c1ngel Saiz Redondo, Patricia Su\u00e1rez y Eva Sancho\" style=\"width: 164px; height: 218px;\" \/> <\/a> <div class=\"tiled-gallery-caption\" itemprop=\"caption description\"> De izq. a Derecha: Oscar Molinuevo, Jes\u00fas \u00c1ngel Saiz Redondo, Patricia Su\u00e1rez y Eva Sancho <\/div> <\/div> <div class=\"tiled-gallery-item tiled-gallery-item-small\" itemprop=\"associatedMedia\" itemscope itemtype=\"http:\/\/schema.org\/ImageObject\"> <a href=\"https:\/\/staging.asufin.com\/staging\/170309_asufin_ica_burgos_7\/\" border=\"0\" itemprop=\"url\"> <meta itemprop=\"width\" content=\"164\"> <meta itemprop=\"height\" content=\"123\"> <img loading=\"lazy\" decoding=\"async\" class=\"\" data-attachment-id=\"28299\" data-orig-file=\"https:\/\/staging.asufin.com\/staging\/wp-content\/uploads\/2017\/03\/170309_ASUFIN_ICA_BURGOS_7-2.jpeg\" data-orig-size=\"1600,1200\" data-comments-opened=\"1\" data-image-meta=\"{&quot;aperture&quot;:&quot;0&quot;,&quot;credit&quot;:&quot;&quot;,&quot;camera&quot;:&quot;&quot;,&quot;caption&quot;:&quot;&quot;,&quot;created_timestamp&quot;:&quot;0&quot;,&quot;copyright&quot;:&quot;&quot;,&quot;focal_length&quot;:&quot;0&quot;,&quot;iso&quot;:&quot;0&quot;,&quot;shutter_speed&quot;:&quot;0&quot;,&quot;title&quot;:&quot;&quot;,&quot;orientation&quot;:&quot;0&quot;}\" data-image-title=\"170309_ASUFIN_ICA_BURGOS_7\" data-image-description=\"\" data-medium-file=\"https:\/\/i0.wp.com\/staging.asufin.com\/staging\/wp-content\/uploads\/2017\/03\/170309_ASUFIN_ICA_BURGOS_7-2.jpeg?fit=300%2C225&#038;ssl=1\" data-large-file=\"https:\/\/i0.wp.com\/staging.asufin.com\/staging\/wp-content\/uploads\/2017\/03\/170309_ASUFIN_ICA_BURGOS_7-2.jpeg?fit=800%2C600&#038;ssl=1\" src=\"https:\/\/i0.wp.com\/staging.asufin.com\/staging\/wp-content\/uploads\/2017\/03\/170309_ASUFIN_ICA_BURGOS_7-2.jpeg?w=164&#038;h=123&#038;ssl=1\" srcset=\"https:\/\/i0.wp.com\/staging.asufin.com\/staging\/wp-content\/uploads\/2017\/03\/170309_ASUFIN_ICA_BURGOS_7-2.jpeg?w=1600&amp;ssl=1 1600w, https:\/\/i0.wp.com\/staging.asufin.com\/staging\/wp-content\/uploads\/2017\/03\/170309_ASUFIN_ICA_BURGOS_7-2.jpeg?resize=300%2C225&amp;ssl=1 300w, https:\/\/i0.wp.com\/staging.asufin.com\/staging\/wp-content\/uploads\/2017\/03\/170309_ASUFIN_ICA_BURGOS_7-2.jpeg?resize=768%2C576&amp;ssl=1 768w, https:\/\/i0.wp.com\/staging.asufin.com\/staging\/wp-content\/uploads\/2017\/03\/170309_ASUFIN_ICA_BURGOS_7-2.jpeg?resize=1024%2C768&amp;ssl=1 1024w, https:\/\/i0.wp.com\/staging.asufin.com\/staging\/wp-content\/uploads\/2017\/03\/170309_ASUFIN_ICA_BURGOS_7-2.jpeg?resize=600%2C450&amp;ssl=1 600w, https:\/\/i0.wp.com\/staging.asufin.com\/staging\/wp-content\/uploads\/2017\/03\/170309_ASUFIN_ICA_BURGOS_7-2.jpeg?resize=1320%2C990&amp;ssl=1 1320w\" width=\"164\" height=\"123\" loading=\"lazy\" data-original-width=\"164\" data-original-height=\"123\" itemprop=\"http:\/\/schema.org\/image\" title=\"170309_ASUFIN_ICA_BURGOS_7\" alt=\"De izq. a Derecha: Oscar Molinuevo, Jes\u00fas \u00c1ngel Saiz Redondo, Patricia Su\u00e1rez y Eva Sancho\" style=\"width: 164px; height: 123px;\" \/> <\/a> <div class=\"tiled-gallery-caption\" itemprop=\"caption description\"> De izq. a Derecha: Oscar Molinuevo, Jes\u00fas \u00c1ngel Saiz Redondo, Patricia Su\u00e1rez y Eva Sancho <\/div> <\/div> <div class=\"tiled-gallery-item tiled-gallery-item-small\" itemprop=\"associatedMedia\" itemscope itemtype=\"http:\/\/schema.org\/ImageObject\"> <a href=\"https:\/\/staging.asufin.com\/staging\/170309_asufin_ica_burgos_8\/\" border=\"0\" itemprop=\"url\"> <meta itemprop=\"width\" content=\"164\"> <meta itemprop=\"height\" content=\"123\"> <img loading=\"lazy\" decoding=\"async\" class=\"\" data-attachment-id=\"28300\" data-orig-file=\"https:\/\/staging.asufin.com\/staging\/wp-content\/uploads\/2017\/03\/170309_ASUFIN_ICA_BURGOS_8-2.jpeg\" data-orig-size=\"1600,1200\" data-comments-opened=\"1\" data-image-meta=\"{&quot;aperture&quot;:&quot;0&quot;,&quot;credit&quot;:&quot;&quot;,&quot;camera&quot;:&quot;&quot;,&quot;caption&quot;:&quot;&quot;,&quot;created_timestamp&quot;:&quot;0&quot;,&quot;copyright&quot;:&quot;&quot;,&quot;focal_length&quot;:&quot;0&quot;,&quot;iso&quot;:&quot;0&quot;,&quot;shutter_speed&quot;:&quot;0&quot;,&quot;title&quot;:&quot;&quot;,&quot;orientation&quot;:&quot;0&quot;}\" data-image-title=\"170309_ASUFIN_ICA_BURGOS_8\" data-image-description=\"\" data-medium-file=\"https:\/\/i0.wp.com\/staging.asufin.com\/staging\/wp-content\/uploads\/2017\/03\/170309_ASUFIN_ICA_BURGOS_8-2.jpeg?fit=300%2C225&#038;ssl=1\" data-large-file=\"https:\/\/i0.wp.com\/staging.asufin.com\/staging\/wp-content\/uploads\/2017\/03\/170309_ASUFIN_ICA_BURGOS_8-2.jpeg?fit=800%2C600&#038;ssl=1\" src=\"https:\/\/i0.wp.com\/staging.asufin.com\/staging\/wp-content\/uploads\/2017\/03\/170309_ASUFIN_ICA_BURGOS_8-2.jpeg?w=164&#038;h=123&#038;ssl=1\" srcset=\"https:\/\/i0.wp.com\/staging.asufin.com\/staging\/wp-content\/uploads\/2017\/03\/170309_ASUFIN_ICA_BURGOS_8-2.jpeg?w=1600&amp;ssl=1 1600w, https:\/\/i0.wp.com\/staging.asufin.com\/staging\/wp-content\/uploads\/2017\/03\/170309_ASUFIN_ICA_BURGOS_8-2.jpeg?resize=300%2C225&amp;ssl=1 300w, https:\/\/i0.wp.com\/staging.asufin.com\/staging\/wp-content\/uploads\/2017\/03\/170309_ASUFIN_ICA_BURGOS_8-2.jpeg?resize=768%2C576&amp;ssl=1 768w, https:\/\/i0.wp.com\/staging.asufin.com\/staging\/wp-content\/uploads\/2017\/03\/170309_ASUFIN_ICA_BURGOS_8-2.jpeg?resize=1024%2C768&amp;ssl=1 1024w, https:\/\/i0.wp.com\/staging.asufin.com\/staging\/wp-content\/uploads\/2017\/03\/170309_ASUFIN_ICA_BURGOS_8-2.jpeg?resize=600%2C450&amp;ssl=1 600w, https:\/\/i0.wp.com\/staging.asufin.com\/staging\/wp-content\/uploads\/2017\/03\/170309_ASUFIN_ICA_BURGOS_8-2.jpeg?resize=1320%2C990&amp;ssl=1 1320w\" width=\"164\" height=\"123\" loading=\"lazy\" data-original-width=\"164\" data-original-height=\"123\" itemprop=\"http:\/\/schema.org\/image\" title=\"170309_ASUFIN_ICA_BURGOS_8\" alt=\"De izq. a Derecha: Oscar Molinuevo, Jes\u00fas \u00c1ngel Saiz Redondo, Patricia Su\u00e1rez y Eva Sancho\" style=\"width: 164px; height: 123px;\" \/> <\/a> <div class=\"tiled-gallery-caption\" itemprop=\"caption description\"> De izq. a Derecha: Oscar Molinuevo, Jes\u00fas \u00c1ngel Saiz Redondo, Patricia Su\u00e1rez y Eva Sancho <\/div> <\/div> <\/div> <!-- close group --> <div class=\"gallery-group images-2\" style=\"width: 379px; height: 571px;\" data-original-width=\"379\" data-original-height=\"571\" > <div class=\"tiled-gallery-item tiled-gallery-item-large\" itemprop=\"associatedMedia\" itemscope itemtype=\"http:\/\/schema.org\/ImageObject\"> <a href=\"https:\/\/staging.asufin.com\/staging\/170309_asufin_ica_burgos_9\/\" border=\"0\" itemprop=\"url\"> <meta itemprop=\"width\" content=\"375\"> <meta itemprop=\"height\" content=\"282\"> <img loading=\"lazy\" decoding=\"async\" class=\"\" data-attachment-id=\"28301\" data-orig-file=\"https:\/\/staging.asufin.com\/staging\/wp-content\/uploads\/2017\/03\/170309_ASUFIN_ICA_BURGOS_9-2.jpeg\" data-orig-size=\"1600,1200\" data-comments-opened=\"1\" data-image-meta=\"{&quot;aperture&quot;:&quot;0&quot;,&quot;credit&quot;:&quot;&quot;,&quot;camera&quot;:&quot;&quot;,&quot;caption&quot;:&quot;&quot;,&quot;created_timestamp&quot;:&quot;0&quot;,&quot;copyright&quot;:&quot;&quot;,&quot;focal_length&quot;:&quot;0&quot;,&quot;iso&quot;:&quot;0&quot;,&quot;shutter_speed&quot;:&quot;0&quot;,&quot;title&quot;:&quot;&quot;,&quot;orientation&quot;:&quot;0&quot;}\" data-image-title=\"170309_ASUFIN_ICA_BURGOS_9\" data-image-description=\"\" data-medium-file=\"https:\/\/i0.wp.com\/staging.asufin.com\/staging\/wp-content\/uploads\/2017\/03\/170309_ASUFIN_ICA_BURGOS_9-2.jpeg?fit=300%2C225&#038;ssl=1\" data-large-file=\"https:\/\/i0.wp.com\/staging.asufin.com\/staging\/wp-content\/uploads\/2017\/03\/170309_ASUFIN_ICA_BURGOS_9-2.jpeg?fit=800%2C600&#038;ssl=1\" src=\"https:\/\/i0.wp.com\/staging.asufin.com\/staging\/wp-content\/uploads\/2017\/03\/170309_ASUFIN_ICA_BURGOS_9-2.jpeg?w=375&#038;h=282&#038;ssl=1\" srcset=\"https:\/\/i0.wp.com\/staging.asufin.com\/staging\/wp-content\/uploads\/2017\/03\/170309_ASUFIN_ICA_BURGOS_9-2.jpeg?w=1600&amp;ssl=1 1600w, https:\/\/i0.wp.com\/staging.asufin.com\/staging\/wp-content\/uploads\/2017\/03\/170309_ASUFIN_ICA_BURGOS_9-2.jpeg?resize=300%2C225&amp;ssl=1 300w, https:\/\/i0.wp.com\/staging.asufin.com\/staging\/wp-content\/uploads\/2017\/03\/170309_ASUFIN_ICA_BURGOS_9-2.jpeg?resize=768%2C576&amp;ssl=1 768w, https:\/\/i0.wp.com\/staging.asufin.com\/staging\/wp-content\/uploads\/2017\/03\/170309_ASUFIN_ICA_BURGOS_9-2.jpeg?resize=1024%2C768&amp;ssl=1 1024w, https:\/\/i0.wp.com\/staging.asufin.com\/staging\/wp-content\/uploads\/2017\/03\/170309_ASUFIN_ICA_BURGOS_9-2.jpeg?resize=600%2C450&amp;ssl=1 600w, https:\/\/i0.wp.com\/staging.asufin.com\/staging\/wp-content\/uploads\/2017\/03\/170309_ASUFIN_ICA_BURGOS_9-2.jpeg?resize=1320%2C990&amp;ssl=1 1320w\" width=\"375\" height=\"282\" loading=\"lazy\" data-original-width=\"375\" data-original-height=\"282\" itemprop=\"http:\/\/schema.org\/image\" title=\"170309_ASUFIN_ICA_BURGOS_9\" alt=\"De izq. a Derecha: Oscar Molinuevo, Jes\u00fas \u00c1ngel Saiz Redondo, Patricia Su\u00e1rez y Eva Sancho\" style=\"width: 375px; height: 282px;\" \/> <\/a> <div class=\"tiled-gallery-caption\" itemprop=\"caption description\"> De izq. a Derecha: Oscar Molinuevo, Jes\u00fas \u00c1ngel Saiz Redondo, Patricia Su\u00e1rez y Eva Sancho <\/div> <\/div> <div class=\"tiled-gallery-item tiled-gallery-item-large\" itemprop=\"associatedMedia\" itemscope itemtype=\"http:\/\/schema.org\/ImageObject\"> <a href=\"https:\/\/staging.asufin.com\/staging\/170309_asufin_ica_burgos_2\/\" border=\"0\" itemprop=\"url\"> <meta itemprop=\"width\" content=\"375\"> <meta itemprop=\"height\" content=\"281\"> <img loading=\"lazy\" decoding=\"async\" class=\"\" data-attachment-id=\"28294\" data-orig-file=\"https:\/\/staging.asufin.com\/staging\/wp-content\/uploads\/2017\/03\/170309_ASUFIN_ICA_BURGOS_2-2.jpeg\" data-orig-size=\"1600,1200\" data-comments-opened=\"1\" data-image-meta=\"{&quot;aperture&quot;:&quot;0&quot;,&quot;credit&quot;:&quot;&quot;,&quot;camera&quot;:&quot;&quot;,&quot;caption&quot;:&quot;&quot;,&quot;created_timestamp&quot;:&quot;0&quot;,&quot;copyright&quot;:&quot;&quot;,&quot;focal_length&quot;:&quot;0&quot;,&quot;iso&quot;:&quot;0&quot;,&quot;shutter_speed&quot;:&quot;0&quot;,&quot;title&quot;:&quot;&quot;,&quot;orientation&quot;:&quot;1&quot;}\" data-image-title=\"170309_ASUFIN_ICA_BURGOS_2\" data-image-description=\"\" data-medium-file=\"https:\/\/i0.wp.com\/staging.asufin.com\/staging\/wp-content\/uploads\/2017\/03\/170309_ASUFIN_ICA_BURGOS_2-2.jpeg?fit=300%2C225&#038;ssl=1\" data-large-file=\"https:\/\/i0.wp.com\/staging.asufin.com\/staging\/wp-content\/uploads\/2017\/03\/170309_ASUFIN_ICA_BURGOS_2-2.jpeg?fit=800%2C600&#038;ssl=1\" src=\"https:\/\/i0.wp.com\/staging.asufin.com\/staging\/wp-content\/uploads\/2017\/03\/170309_ASUFIN_ICA_BURGOS_2-2.jpeg?w=375&#038;h=281&#038;ssl=1\" srcset=\"https:\/\/i0.wp.com\/staging.asufin.com\/staging\/wp-content\/uploads\/2017\/03\/170309_ASUFIN_ICA_BURGOS_2-2.jpeg?w=1600&amp;ssl=1 1600w, https:\/\/i0.wp.com\/staging.asufin.com\/staging\/wp-content\/uploads\/2017\/03\/170309_ASUFIN_ICA_BURGOS_2-2.jpeg?resize=300%2C225&amp;ssl=1 300w, https:\/\/i0.wp.com\/staging.asufin.com\/staging\/wp-content\/uploads\/2017\/03\/170309_ASUFIN_ICA_BURGOS_2-2.jpeg?resize=768%2C576&amp;ssl=1 768w, https:\/\/i0.wp.com\/staging.asufin.com\/staging\/wp-content\/uploads\/2017\/03\/170309_ASUFIN_ICA_BURGOS_2-2.jpeg?resize=1024%2C768&amp;ssl=1 1024w, https:\/\/i0.wp.com\/staging.asufin.com\/staging\/wp-content\/uploads\/2017\/03\/170309_ASUFIN_ICA_BURGOS_2-2.jpeg?resize=600%2C450&amp;ssl=1 600w, https:\/\/i0.wp.com\/staging.asufin.com\/staging\/wp-content\/uploads\/2017\/03\/170309_ASUFIN_ICA_BURGOS_2-2.jpeg?resize=1320%2C990&amp;ssl=1 1320w\" width=\"375\" height=\"281\" loading=\"lazy\" data-original-width=\"375\" data-original-height=\"281\" itemprop=\"http:\/\/schema.org\/image\" title=\"170309_ASUFIN_ICA_BURGOS_2\" alt=\"De izq. a Derecha: Oscar Molinuevo, Jes\u00fas \u00c1ngel Saiz Redondo, Patricia Su\u00e1rez y Eva Sancho\" style=\"width: 375px; height: 281px;\" \/> <\/a> <div class=\"tiled-gallery-caption\" itemprop=\"caption description\"> De izq. a Derecha: Oscar Molinuevo, Jes\u00fas \u00c1ngel Saiz Redondo, Patricia Su\u00e1rez y Eva Sancho <\/div> <\/div> <\/div> <!-- close group --> <\/div> <!-- close row --> <\/div>\n","protected":false},"excerpt":{"rendered":"<p>\u00bb Las jornadas de la Tutela del Deudor Hipotecario se celebraron el pasado 8 y 9 de marzo en la Facultad de Derecho de Burgos \u00bb El ICA de Burgos cont\u00f3 con la presencia de jueces, abogados y nuestra presidenta, Patricia Su\u00e1rez \u00bb La presidenta de ASUFIN abord\u00f3 la problem\u00e1tica de las Hipotecas Multidivisa, presentando [&hellip;]<\/p>\n","protected":false},"author":2,"featured_media":28296,"comment_status":"open","ping_status":"closed","sticky":false,"template":"page-asufin-noticia.php","format":"standard","meta":{"_acf_changed":false,"_jetpack_newsletter_access":"","_jetpack_dont_email_post_to_subs":false,"_jetpack_newsletter_tier_id":0,"_jetpack_memberships_contains_paywalled_content":false,"_jetpack_memberships_contains_paid_content":false,"footnotes":""},"categories":[43,191],"tags":[2863,2866,2279,2867],"class_list":["post-28258","post","type-post","status-publish","format-standard","has-post-thumbnail","hentry","category-asufin-destacado","category-eventos","tag-ica-burgos","tag-inigo-herrero-elejalde","tag-jaime-codon","tag-jose-ignacio-melgosa"],"acf":[],"jetpack_featured_media_url":"https:\/\/i0.wp.com\/staging.asufin.com\/staging\/wp-content\/uploads\/2017\/03\/170309_ASUFIN_ICA_BURGOS_4-2.jpeg?fit=1600%2C1200&ssl=1","jetpack_shortlink":"https:\/\/wp.me\/peayLa-7lM","jetpack_likes_enabled":false,"jetpack_sharing_enabled":true,"_links":{"self":[{"href":"https:\/\/staging.asufin.com\/staging\/wp-json\/wp\/v2\/posts\/28258","targetHints":{"allow":["GET"]}}],"collection":[{"href":"https:\/\/staging.asufin.com\/staging\/wp-json\/wp\/v2\/posts"}],"about":[{"href":"https:\/\/staging.asufin.com\/staging\/wp-json\/wp\/v2\/types\/post"}],"author":[{"embeddable":true,"href":"https:\/\/staging.asufin.com\/staging\/wp-json\/wp\/v2\/users\/2"}],"replies":[{"embeddable":true,"href":"https:\/\/staging.asufin.com\/staging\/wp-json\/wp\/v2\/comments?post=28258"}],"version-history":[{"count":0,"href":"https:\/\/staging.asufin.com\/staging\/wp-json\/wp\/v2\/posts\/28258\/revisions"}],"wp:featuredmedia":[{"embeddable":true,"href":"https:\/\/staging.asufin.com\/staging\/wp-json\/wp\/v2\/media\/28296"}],"wp:attachment":[{"href":"https:\/\/staging.asufin.com\/staging\/wp-json\/wp\/v2\/media?parent=28258"}],"wp:term":[{"taxonomy":"category","embeddable":true,"href":"https:\/\/staging.asufin.com\/staging\/wp-json\/wp\/v2\/categories?post=28258"},{"taxonomy":"post_tag","embeddable":true,"href":"https:\/\/staging.asufin.com\/staging\/wp-json\/wp\/v2\/tags?post=28258"}],"curies":[{"name":"wp","href":"https:\/\/api.w.org\/{rel}","templated":true}]}}