{"id":28473,"date":"2017-03-23T16:18:11","date_gmt":"2017-03-23T15:18:11","guid":{"rendered":"https:\/\/asufin.com\/?p=28473"},"modified":"2017-10-27T11:53:59","modified_gmt":"2017-10-27T11:53:59","slug":"asufin-firma-convenio-colaboracion-ayuntamiento-cabanillas-del-campo","status":"publish","type":"post","link":"https:\/\/staging.asufin.com\/staging\/asufin-firma-convenio-colaboracion-ayuntamiento-cabanillas-del-campo\/","title":{"rendered":"ASUFIN firma un Convenio de Colaboraci\u00f3n con el Ayuntamiento de Cabanillas del Campo"},"content":{"rendered":"<h5>\u00bb ASUFIN firma un Convenio de Colaboraci\u00f3n con el Ayuntamiento de Cabanillas del Campo para prestar asesoramiento a los vecinos afectados por cl\u00e1usula suelo y otras cl\u00e1usulas abusivas.<\/h5>\n<h5>\u00bb Esta misma tarde, nuestros servicios jur\u00eddicos revisar\u00e1n las escrituras de los vecinos Cabanillas del Campo.<\/h5>\n<p>ASUFIN ha visitado hoy\u00a0Cabanillas del Campo (Guadalajara) para firmar un Acuerdo de Colaboraci\u00f3n que presta asesoramiento especializado a los afectados por cl\u00e1usulas suelo de la localidad. El Acuerdo ha sido firmado\u00a0por el Alcalde de la localidad, Jos\u00e9 Garc\u00eda Salinas, y la presidenta de\u00a0 ASUFIN, Patricia Su\u00e1rez.<\/p>\n<p>Parte fundamental del Acuerdo es el apoyo de la alcald\u00eda para realizar consultas personalizadas una vez por semana en el edificio del Ayuntamiento. Esta misma tarde, una de nuestras abogadas, Almudena Vel\u00e1zquez, estar\u00e1 en el municipio atendiendo a los primeros afectados.<\/p>\n<p>De esta manera, ASUFIN y el Ayuntamiento de Cabanillas del Campo, trabajar\u00e1n de forma conjunta para informar y asesorar a los consumidores; revisar sus hipotecas para detectar si tienen cl\u00e1usula suelo y hacerles de forma gratuita, un estudio sobre el dinero que los bancos les han cobrado indebidamente y los intereses que les tienen que devolver.<\/p>\n<div class=\"tiled-gallery type-rectangular tiled-gallery-unresized\" data-original-width=\"800\" data-carousel-extra='{&quot;blog_id&quot;:1,&quot;permalink&quot;:&quot;https:\\\/\\\/staging.asufin.com\\\/staging\\\/asufin-firma-convenio-colaboracion-ayuntamiento-cabanillas-del-campo\\\/&quot;,&quot;likes_blog_id&quot;:209385604}' itemscope itemtype=\"http:\/\/schema.org\/ImageGallery\" > <div class=\"gallery-row\" style=\"width: 800px; height: 268px;\" data-original-width=\"800\" data-original-height=\"268\" > <div class=\"gallery-group images-1\" style=\"width: 400px; height: 268px;\" data-original-width=\"400\" data-original-height=\"268\" > <div class=\"tiled-gallery-item tiled-gallery-item-large\" itemprop=\"associatedMedia\" itemscope itemtype=\"http:\/\/schema.org\/ImageObject\"> <a href=\"https:\/\/staging.asufin.com\/staging\/cabanillas4-2\/\" border=\"0\" itemprop=\"url\"> <meta itemprop=\"width\" content=\"396\"> <meta itemprop=\"height\" content=\"264\"> <img loading=\"lazy\" decoding=\"async\" class=\"\" data-attachment-id=\"28481\" data-orig-file=\"https:\/\/staging.asufin.com\/staging\/wp-content\/uploads\/2017\/03\/cabanillas4-1-2.jpg\" data-orig-size=\"1600,1066\" data-comments-opened=\"1\" data-image-meta=\"{&quot;aperture&quot;:&quot;0&quot;,&quot;credit&quot;:&quot;&quot;,&quot;camera&quot;:&quot;&quot;,&quot;caption&quot;:&quot;&quot;,&quot;created_timestamp&quot;:&quot;0&quot;,&quot;copyright&quot;:&quot;&quot;,&quot;focal_length&quot;:&quot;0&quot;,&quot;iso&quot;:&quot;0&quot;,&quot;shutter_speed&quot;:&quot;0&quot;,&quot;title&quot;:&quot;&quot;,&quot;orientation&quot;:&quot;1&quot;}\" data-image-title=\"cabanillas4\" data-image-description=\"\" data-medium-file=\"https:\/\/i0.wp.com\/staging.asufin.com\/staging\/wp-content\/uploads\/2017\/03\/cabanillas4-1-2.jpg?fit=300%2C200&#038;ssl=1\" data-large-file=\"https:\/\/i0.wp.com\/staging.asufin.com\/staging\/wp-content\/uploads\/2017\/03\/cabanillas4-1-2.jpg?fit=800%2C533&#038;ssl=1\" src=\"https:\/\/i0.wp.com\/staging.asufin.com\/staging\/wp-content\/uploads\/2017\/03\/cabanillas4-1-2.jpg?w=396&#038;h=264&#038;ssl=1\" srcset=\"https:\/\/i0.wp.com\/staging.asufin.com\/staging\/wp-content\/uploads\/2017\/03\/cabanillas4-1-2.jpg?w=1600&amp;ssl=1 1600w, https:\/\/i0.wp.com\/staging.asufin.com\/staging\/wp-content\/uploads\/2017\/03\/cabanillas4-1-2.jpg?resize=300%2C200&amp;ssl=1 300w, https:\/\/i0.wp.com\/staging.asufin.com\/staging\/wp-content\/uploads\/2017\/03\/cabanillas4-1-2.jpg?resize=768%2C512&amp;ssl=1 768w, https:\/\/i0.wp.com\/staging.asufin.com\/staging\/wp-content\/uploads\/2017\/03\/cabanillas4-1-2.jpg?resize=1024%2C682&amp;ssl=1 1024w, https:\/\/i0.wp.com\/staging.asufin.com\/staging\/wp-content\/uploads\/2017\/03\/cabanillas4-1-2.jpg?resize=600%2C400&amp;ssl=1 600w, https:\/\/i0.wp.com\/staging.asufin.com\/staging\/wp-content\/uploads\/2017\/03\/cabanillas4-1-2.jpg?resize=360%2C240&amp;ssl=1 360w, https:\/\/i0.wp.com\/staging.asufin.com\/staging\/wp-content\/uploads\/2017\/03\/cabanillas4-1-2.jpg?resize=1320%2C879&amp;ssl=1 1320w\" width=\"396\" height=\"264\" loading=\"lazy\" data-original-width=\"396\" data-original-height=\"264\" itemprop=\"http:\/\/schema.org\/image\" title=\"cabanillas4\" alt=\"Patricia Su\u00e1rez en el despacho del alcalde a punto de firmar el acuerdo con el Ayuntamiento de Cabanillas del Campo\" style=\"width: 396px; height: 264px;\" \/> <\/a> <div class=\"tiled-gallery-caption\" itemprop=\"caption description\"> Patricia Su\u00e1rez en el despacho del alcalde a punto de firmar el acuerdo con el Ayuntamiento de Cabanillas del Campo <\/div> <\/div> <\/div> <!-- close group --> <div class=\"gallery-group images-1\" style=\"width: 400px; height: 268px;\" data-original-width=\"400\" data-original-height=\"268\" > <div class=\"tiled-gallery-item tiled-gallery-item-large\" itemprop=\"associatedMedia\" itemscope itemtype=\"http:\/\/schema.org\/ImageObject\"> <a href=\"https:\/\/staging.asufin.com\/staging\/cabanillas2-2\/\" border=\"0\" itemprop=\"url\"> <meta itemprop=\"width\" content=\"396\"> <meta itemprop=\"height\" content=\"264\"> <img loading=\"lazy\" decoding=\"async\" class=\"\" data-attachment-id=\"28480\" data-orig-file=\"https:\/\/staging.asufin.com\/staging\/wp-content\/uploads\/2017\/03\/cabanillas2-1-2.jpg\" data-orig-size=\"1600,1066\" data-comments-opened=\"1\" data-image-meta=\"{&quot;aperture&quot;:&quot;0&quot;,&quot;credit&quot;:&quot;&quot;,&quot;camera&quot;:&quot;&quot;,&quot;caption&quot;:&quot;&quot;,&quot;created_timestamp&quot;:&quot;0&quot;,&quot;copyright&quot;:&quot;&quot;,&quot;focal_length&quot;:&quot;0&quot;,&quot;iso&quot;:&quot;0&quot;,&quot;shutter_speed&quot;:&quot;0&quot;,&quot;title&quot;:&quot;&quot;,&quot;orientation&quot;:&quot;1&quot;}\" data-image-title=\"cabanillas2\" data-image-description=\"\" data-medium-file=\"https:\/\/i0.wp.com\/staging.asufin.com\/staging\/wp-content\/uploads\/2017\/03\/cabanillas2-1-2.jpg?fit=300%2C200&#038;ssl=1\" data-large-file=\"https:\/\/i0.wp.com\/staging.asufin.com\/staging\/wp-content\/uploads\/2017\/03\/cabanillas2-1-2.jpg?fit=800%2C533&#038;ssl=1\" src=\"https:\/\/i0.wp.com\/staging.asufin.com\/staging\/wp-content\/uploads\/2017\/03\/cabanillas2-1-2.jpg?w=396&#038;h=264&#038;ssl=1\" srcset=\"https:\/\/i0.wp.com\/staging.asufin.com\/staging\/wp-content\/uploads\/2017\/03\/cabanillas2-1-2.jpg?w=1600&amp;ssl=1 1600w, https:\/\/i0.wp.com\/staging.asufin.com\/staging\/wp-content\/uploads\/2017\/03\/cabanillas2-1-2.jpg?resize=300%2C200&amp;ssl=1 300w, https:\/\/i0.wp.com\/staging.asufin.com\/staging\/wp-content\/uploads\/2017\/03\/cabanillas2-1-2.jpg?resize=768%2C512&amp;ssl=1 768w, https:\/\/i0.wp.com\/staging.asufin.com\/staging\/wp-content\/uploads\/2017\/03\/cabanillas2-1-2.jpg?resize=1024%2C682&amp;ssl=1 1024w, https:\/\/i0.wp.com\/staging.asufin.com\/staging\/wp-content\/uploads\/2017\/03\/cabanillas2-1-2.jpg?resize=600%2C400&amp;ssl=1 600w, https:\/\/i0.wp.com\/staging.asufin.com\/staging\/wp-content\/uploads\/2017\/03\/cabanillas2-1-2.jpg?resize=360%2C240&amp;ssl=1 360w, https:\/\/i0.wp.com\/staging.asufin.com\/staging\/wp-content\/uploads\/2017\/03\/cabanillas2-1-2.jpg?resize=1320%2C879&amp;ssl=1 1320w\" width=\"396\" height=\"264\" loading=\"lazy\" data-original-width=\"396\" data-original-height=\"264\" itemprop=\"http:\/\/schema.org\/image\" title=\"cabanillas2\" alt=\"De izq. a der. Jos\u00e9 Garc\u00eda Salinas, Alcalde de Cabanillas del Campo, Patricia Su\u00e1rez, Presidenta de ASUFIN y Manuel Luis Gallego Delgado, Concejal de Cultura y Juventud\" style=\"width: 396px; height: 264px;\" \/> <\/a> <div class=\"tiled-gallery-caption\" itemprop=\"caption description\"> De izq. a der. Jos\u00e9 Garc\u00eda Salinas, Alcalde de Cabanillas del Campo, Patricia Su\u00e1rez, Presidenta de ASUFIN y Manuel Luis Gallego Delgado, Concejal de Cultura y Juventud <\/div> <\/div> <\/div> <!-- close group --> <\/div> <!-- close row --> <\/div>\n<p>[divider]OTROS MEDIOS[\/divider]<\/p>\n<p><a href=\"http:\/\/eldiadigital.es\/not\/211329\/en-marcha-una-asesoria-gratuita-sobre-clausulas-abusivas-en-hipotecas\/\" target=\"_blank\" rel=\"noopener\">eldiadigital.es<\/a><\/p>\n","protected":false},"excerpt":{"rendered":"<p>>> ASUFIN firma un Convenio de Colaboraci\u00f3n con el Ayuntamiento de Cabanillas del Campo<\/p>\n","protected":false},"author":2,"featured_media":28488,"comment_status":"open","ping_status":"closed","sticky":false,"template":"page-asufin-noticia.php","format":"standard","meta":{"_acf_changed":false,"_jetpack_newsletter_access":"","_jetpack_dont_email_post_to_subs":true,"_jetpack_newsletter_tier_id":0,"_jetpack_memberships_contains_paywalled_content":false,"_jetpack_memberships_contains_paid_content":false,"footnotes":""},"categories":[43,191,44],"tags":[2875,2876,2877,33],"class_list":["post-28473","post","type-post","status-publish","format-standard","has-post-thumbnail","hentry","category-asufin-destacado","category-eventos","category-wonder-woman","tag-cabanillas-del-campo","tag-jose-garcia-salinas","tag-manuel-luis-gallego-delgado","tag-patricia-suarez"],"acf":[],"jetpack_featured_media_url":"https:\/\/i0.wp.com\/staging.asufin.com\/staging\/wp-content\/uploads\/2017\/03\/170323_ASUFIN_ACUERDO_CABANILLAS_DEL_CAMPO-2.jpeg?fit=1600%2C1200&ssl=1","jetpack_shortlink":"https:\/\/wp.me\/peayLa-7pf","jetpack_likes_enabled":false,"jetpack_sharing_enabled":true,"_links":{"self":[{"href":"https:\/\/staging.asufin.com\/staging\/wp-json\/wp\/v2\/posts\/28473","targetHints":{"allow":["GET"]}}],"collection":[{"href":"https:\/\/staging.asufin.com\/staging\/wp-json\/wp\/v2\/posts"}],"about":[{"href":"https:\/\/staging.asufin.com\/staging\/wp-json\/wp\/v2\/types\/post"}],"author":[{"embeddable":true,"href":"https:\/\/staging.asufin.com\/staging\/wp-json\/wp\/v2\/users\/2"}],"replies":[{"embeddable":true,"href":"https:\/\/staging.asufin.com\/staging\/wp-json\/wp\/v2\/comments?post=28473"}],"version-history":[{"count":0,"href":"https:\/\/staging.asufin.com\/staging\/wp-json\/wp\/v2\/posts\/28473\/revisions"}],"wp:featuredmedia":[{"embeddable":true,"href":"https:\/\/staging.asufin.com\/staging\/wp-json\/wp\/v2\/media\/28488"}],"wp:attachment":[{"href":"https:\/\/staging.asufin.com\/staging\/wp-json\/wp\/v2\/media?parent=28473"}],"wp:term":[{"taxonomy":"category","embeddable":true,"href":"https:\/\/staging.asufin.com\/staging\/wp-json\/wp\/v2\/categories?post=28473"},{"taxonomy":"post_tag","embeddable":true,"href":"https:\/\/staging.asufin.com\/staging\/wp-json\/wp\/v2\/tags?post=28473"}],"curies":[{"name":"wp","href":"https:\/\/api.w.org\/{rel}","templated":true}]}}