{"id":28925,"date":"2017-04-24T18:00:09","date_gmt":"2017-04-24T16:00:09","guid":{"rendered":"https:\/\/asufin.com\/?p=28925"},"modified":"2022-03-10T18:54:03","modified_gmt":"2022-03-10T18:54:03","slug":"hipoteca-multidivisa-asufin-conferencia-europea-hipoteca-divisas-barcelona","status":"publish","type":"post","link":"https:\/\/staging.asufin.com\/staging\/hipoteca-multidivisa-asufin-conferencia-europea-hipoteca-divisas-barcelona\/","title":{"rendered":"ASUFIN organiza la VI Conferencia Europea sobre hipotecas en divisas en Barcelona"},"content":{"rendered":"<h5>\u00bb <a href=\"https:\/\/staging.asufin.com\/staging\/\" target=\"_blank\" rel=\"noopener noreferrer\">ASUFIN<\/a> en colaboraci\u00f3n con el Grupo de Abogados J\u00f3venes de Barcelona (GAJ Barcelona) organiza la VI Conferencia Europea sobre la problem\u00e1tica de la hipoteca multidivisa en Europa.<\/h5>\n<h5>\u00bb Representantes de toda Europa (Islandia, Polonia, Francia, Eslovenia, Croacia, Bosnia, Serbia, Italia y Espa\u00f1a) asistir\u00e1n a la conferencia para exponer la situaci\u00f3n en sus pa\u00edses.<\/h5>\n<h5>\u00bb <strong>Carlos S\u00e1nchez<\/strong>, Letrado del Gabinete del Tribunal Supremo, nos explicar\u00e1 la novedosa jurisprudencia espa\u00f1ola en relaci\u00f3n a las hipotecas multidivisa.<\/h5>\n<h5>\u00bb <a href=\"http:\/\/finsalud.com\/\" target=\"_blank\" rel=\"noopener noreferrer\">Finsalud<\/a> tendr\u00e1 tambi\u00e9n su espacio para explicar los avances del proyecto &#8216;Fraudes Financieros y Salud&#8217; para medir el impacto de los fraudes financieros en la salud de las afectados.<\/h5>\n<p><strong>18.05.2017. 16.30h. ICAB. Calle Mallorca, 283, Barcelona. Entrada Gratuita &#8211; Aforo limitado. <a href=\"https:\/\/goo.gl\/RG6TF8\" target=\"_blank\" rel=\"noopener\">Imprescindible Inscripci\u00f3n<\/a>.<\/strong><\/p>\n<p>Durante los a\u00f1os 2007-2008, las entidades financieras colocaron pr\u00e9stamos en divisas en toda Europa. Miles de familias accedieron a un pr\u00e9stamo para la compra de su vivienda habitual y quedaron atrapadas en un pr\u00e9stamo que se ha convertido en su pesadilla. Atra\u00eddos por los bajos tipos de inter\u00e9s y las cuotas m\u00e1s bajas, se endeudaron mayoritariamente en francos suizos sin que el banco les advirtiese del riesgo de tipo de cambio.<\/p>\n<p><a href=\"https:\/\/asufin.com\/\" target=\"_blank\" rel=\"noopener noreferrer\">ASUFIN<\/a> en colaboraci\u00f3n con el Grupo de Abogados J\u00f3venes de Barcelona (GAJ Barcelona) ha invitado a representantes de las asociaciones de consumidores de distintos pa\u00edses europeos para conocer mejor la situaci\u00f3n de las familias endeudadas en divisas en Europa. La Fundaci\u00f3n <a href=\"http:\/\/finsalud.com\/\" target=\"_blank\" rel=\"noopener noreferrer\">Finsalud<\/a> nos explicar\u00e1 el proyecto &#8216;Fraudes Financieros y Salud&#8217; para medir el impacto de los fraudes financieros en la salud de las personas. Finalmente, contaremos con la presencia de Carlos S\u00e1nchez, letrado del Tribunal Supremo Espa\u00f1ol para explicarnos la novedosa jurisprudencia espa\u00f1ola en relaci\u00f3n a las hipotecas multidivisa.<\/p>\n<p>Se trata de la VI Edici\u00f3n de la Conferencia Europea sobre Hipotecas en Divisas. Otras ediciones han tenido lugar en <a href=\"http:\/\/www.fxloans.org\/swiss-franc-loans-conference-in-cyprus\/\" target=\"_blank\" rel=\"noopener\">Chipre (I &#8211; diciembre 2014)<\/a>, <a href=\"https:\/\/asufin.com\/2015\/06\/asufin-participara-en-la-2a-conferencia-europea-sobre-hipotecas-multidivisa-en-atenas\/\" target=\"_blank\" rel=\"noopener\">Atenas (II &#8211; junio 2015)<\/a>,\u00a0 <a href=\"https:\/\/asufin.com\/2015\/08\/asufin-participara-en-la-global-legal-confex-2015-en-londres\/\" target=\"_blank\" rel=\"noopener\">Londres (III &#8211; septiembre 2015)<\/a>, <a href=\"https:\/\/asufin.com\/2016\/05\/asufin-aterriza-en-bruselas-para-pedir-el-cese-de-las-hipotecas-multidivisa-en-europa\/\" target=\"_blank\" rel=\"noopener\">Bruselas (VI &#8211; mayo 2016)<\/a> y <a href=\"https:\/\/asufin.com\/2016\/10\/conferencia-varsovia-asufin-sigue-defendiendo-los-afectados-europa\/\" target=\"_blank\" rel=\"noopener\">Varsovia (V &#8211; octubre 2016)<\/a>. Esta ser\u00e1 la primera vez que se organice por ASUFIN que ha elegido la ciudad de Barcelona para organizar la primera conferencia de este tipo en Espa\u00f1a.<\/p>\n<p>&#8230;..<\/p>\n<p>Las primeras 100<strong> <a href=\"https:\/\/goo.gl\/RG6TF8\" target=\"_blank\" rel=\"noopener\">entradas son gratuitas<\/a><\/strong>, incluye pausa caf\u00e9 y traducci\u00f3n simult\u00e1nea ingl\u00e9s-castellano. Sin embargo, ASUFIN es una asociaci\u00f3n sin \u00e1nimo de lucro que se financia con las cuotas de sus socios. Por ello, las 100 entrdas siguientes incluir\u00e1n un donativo. Muchas gracias!<br \/>\n&#8230;.<br \/>\n<a title=\"Registrarse para el evento\" href=\"https:\/\/www.ticketea.com\/entradas-curso-hipotecas-en-divisas-en-europa\/\" target=\"_blank\" rel=\"noopener\"><br \/>\n<img data-recalc-dims=\"1\" decoding=\"async\" src=\"https:\/\/i0.wp.com\/d18t9gwja9h9h.cloudfront.net\/assets\/images\/buttons\/es\/registeronline.png?w=800&#038;ssl=1\" alt=\"Registrarse para el evento\" title=\"\"><br \/>\n<\/a><\/p>\n<h4>PROGRAMA<\/h4>\n<h4>CONFERENCIA: HIPOTECAS EN DIVISAS EN EUROPA<\/h4>\n<p><strong>16.30h &#8211; Apertura &#8211; Oriol Espar (Gaj Barcelona) &#8211; <a href=\"https:\/\/asufin.com\/category\/general\/wonder-woman\/\" target=\"_blank\" rel=\"noopener\">Patricia Su\u00e1rez<\/a> (presidenta Asufin)<\/strong><\/p>\n<p><strong>16.40h &#8211; Historia del endeudamiento en divisas en el mundo<\/strong><br \/>\n&#8211; <a href=\"http:\/\/uti.is\/\" target=\"_blank\" rel=\"noopener\">Sigr\u00fan Davidsdottir<\/a> (periodista islandesa)<\/p>\n<p><strong>17.00 &#8211; Hipotecas en divisas en los Balcanes<\/strong><br \/>\n&#8211; ESLOVENIA &#8211; Alja Pestar (presidenta de <a href=\"http:\/\/www.zdruzenje-frank.si\/\" target=\"_blank\" rel=\"noopener\">Zdru\u009eenje Frank<\/a>) &#8211; Bo\u009atjan M. Zupan?i? (Juez en el Tribunal de Derechos Humanos de Estrasburgo)<br \/>\n&#8211; CROACIA &#8211; Denis Majo (presidente <a href=\"https:\/\/www.facebook.com\/UdrugaFranak.hr\/\" target=\"_blank\" rel=\"noopener\">Udruge Franak<\/a>) &#8211; <a href=\"http:\/\/www.fxloans.org\/work\/nicole-kwiatkowski\/\" target=\"_blank\" rel=\"noopener\">Nicole Kwiatkowski<\/a> (abogada)<br \/>\n&#8211; BOSNIA-HERZEGOVINA &#8211; <a href=\"http:\/\/www.fxloans.org\/work\/dalibor-mrsa\/\" target=\"_blank\" rel=\"noopener\">Dalibor Mr\u009aa<\/a> (abogado)<br \/>\n&#8211; SERBIA &#8211; Jelena Pavlovic (abogada)<\/p>\n<p><strong>18.00 &#8211; Hipotecas en divisas en Polonia, Francia e Italia<\/strong><br \/>\n&#8211; POLONIA &#8211; <a href=\"http:\/\/law24.pl\/prawnicy\/\" target=\"_blank\" rel=\"noopener\">Beata Komarnicka Nowak<\/a> (abogada)<br \/>\n&#8211; ITALIA &#8211; <a href=\"http:\/\/www.fxloans.org\/work\/franca-berno\/\" target=\"_blank\" rel=\"noopener\">Franca Berno<\/a> (presidenta de <a href=\"http:\/\/www.tuconfin.it\/\" target=\"_blank\" rel=\"noopener\">Tuconfin<\/a>)<br \/>\n&#8211; FRANCIA &#8211;<a href=\"http:\/\/www.fxloans.org\/work\/charles-constantin-vallet\/\" target=\"_blank\" rel=\"noopener\"> Charles Constantin-Vallet <\/a>(abogado) &#8211; comunicaci\u00f3n escrita<\/p>\n<p><strong>18.30h &#8211; pausa<\/strong><\/p>\n<p><strong>19.00h &#8211; Fraudes Financieros y Salud<\/strong><br \/>\n&#8211; Mar\u00eda Victoria Zunzunegui (Fundaci\u00f3n <a href=\"http:\/\/finsalud.com\/\" target=\"_blank\" rel=\"noopener\">Finsalud<\/a>)<\/p>\n<p><strong>19.15h &#8211; Hipotecas en divisas en Espa\u00f1a<\/strong><br \/>\n&#8211; Patricia Su\u00e1rez &#8211; Presidenta Asufin<br \/>\n&#8211; Carlos S\u00e1nchez Mart\u00edn &#8211; Letrado del Tribunal Supremo Espa\u00f1ol<\/p>\n<p><strong>20.30h &#8211; Cierre &#8211; Oriol Espar (Gaj Barcelona) &#8211; Patricia Su\u00e1rez (presidenta Asufin)<\/strong><\/p>\n<p>&#8230;.<\/p>\n<p>Durant els anys 2007-2008, les entitats financeres van col\u00b7locar pr\u00e9stecs en divises en tota Europa. Milers de fam\u00edlies van accedir a un pr\u00e9stec per a la compra del seu habitatge habitual i van quedar atrapades en un pr\u00e9stec que s&#8217;ha convertit en el seu malson. Atrets pels baixos tipus d&#8217;inter\u00e8s i les quotes m\u00e9s baixes, es van endeutar majorit\u00e0riament en francs su\u00efssos sense que el banc els advert\u00eds del risc de tipus de canvi.<\/p>\n<p>ASUFIN en col\u00b7laboraci\u00f3 amb el Grup d&#8217;Advocats Joves de Barcelona (GAJ Barcelona) ha convidat a representants de les associacions de consumidors de diferents pa\u00efsos europeus per con\u00e8ixer millor la situaci\u00f3 de les fam\u00edlies endeutades en divises a Europa. La Fundaci\u00f3 Finsalud ens explicar\u00e0 el projectes &#8216;Fraus Financers i Salut&#8217; per mesurar l&#8217;impacte dels fraus financers en la salut de les persones. Finalment, comptarem amb la pres\u00e8ncia de Carlos S\u00e1nchez, lletrat del Tribunal Suprem Espa\u00f1ol per explicar-nos la nova jurisprud\u00e8ncia espanyola en relaci\u00f3 a les hipoteques multidivisa.<\/p>\n<p>L&#8217;entrada general \u00e9s gratu\u00efta, inclou pausa caf\u00e8 i traducci\u00f3 simult\u00e0nia angl\u00e8s-castell\u00e0.<\/p>\n<p><strong>PROGRAMA<\/strong><\/p>\n<p><strong>CONFERENCIA EUROPEA: HIPOTEQUES EN DIVISES A EUROPA<\/strong><br \/>\n<strong>16.00h &#8211; Obertura &#8211; Oriol Espar (Gaj Barcelona) &#8211; Patricia Su\u00e1rez (presidenta Asufin)<\/strong><\/p>\n<p><strong>16.10h &#8211; Historia de l&#8217;endeutament en divises al m\u00f3n<\/strong><br \/>\n&#8211; Sigr\u00fan Davidsdottir (periodista islandesa)<\/p>\n<p><strong>16.30 &#8211; Hipoteques en divises en els Balcans<\/strong><br \/>\n&#8211; ESLOV\u00c8NIA &#8211; Alja Pestar (presidenta de Zdru\u009eenje Frank) &#8211; Bo\u009atjan M. Zupan?i? (Jutge en el Tribunal de Drets Humans d&#8217;Estrasburg)<br \/>\n&#8211; CRO\u00c0CIA &#8211; Denis Maco (president Udruge Franak) &#8211; Nicole Kwiatkowski (advocada)<br \/>\n&#8211; B\u00d2SNIA I HERCEGOVINA &#8211; Dalibor Mr\u009aa (advocat)<br \/>\n&#8211; SERBIA &#8211; Jelena Pavlovic (advocada)<\/p>\n<p><strong>17.30 &#8211; Hipoteques en divises a Pol\u00f2nia, Fran\u00e7a i It\u00e0lia<\/strong><br \/>\n&#8211; POL\u00d2NIA &#8211; Beata Komarnicka Nowak (advocada)<br \/>\n&#8211; FRAN\u00c7A &#8211; Charles Constantin-Vallet (advocat)<br \/>\n&#8211; IT\u00c0LIA &#8211; Franca Berno (presidenta de Tuconfin)<\/p>\n<p><strong>18.30h &#8211; pausa<\/strong><\/p>\n<p><strong>19.00h &#8211; Fraus Financers i Salut<\/strong><br \/>\n&#8211; Mar\u00eda Victoria Zunzunegui (Fundaci\u00f3 Finsalud)<\/p>\n<p><strong>19.15h &#8211; Hipoteques en divises a Espanya<\/strong><br \/>\n&#8211; Patricia Su\u00e1rez &#8211; Presidenta Asufin<br \/>\n&#8211; Carlos S\u00e1nchez Mart\u00edn &#8211; Lletrat del Tribunal Suprem Espa\u00f1ol<\/p>\n<p><strong>20.30h &#8211; Tancament- Oriol Espar (Gaj Barcelona) &#8211; Patricia Su\u00e1rez (presidenta Asufin)<\/strong><\/p>\n<p>[alert type=white ]<\/p>\n<p style=\"text-align: center;\"><strong>+ INFO<\/strong><\/p>\n<p style=\"text-align: center;\"><strong>Fecha: 18.05.2017. 16.30h.<br \/>\nLugar: ICAB. Calle Mallorca, 283, Barcelona.<br \/>\nEntrada gratuita &#8211; Aforo limitado. <a href=\"https:\/\/goo.gl\/RG6TF8\" target=\"_blank\" rel=\"noopener\">Imprescindible Inscripci\u00f3n<\/a>.<\/strong><\/p>\n<p style=\"text-align: center;\"><strong>Organiza: ASUFIN en colaboraci\u00f3n con GAJ Barcelona<\/strong><\/p>\n<p>[\/alert]<\/p>\n","protected":false},"excerpt":{"rendered":"<p>\u00bb ASUFIN en colaboraci\u00f3n con el Grupo de Abogados J\u00f3venes de Barcelona (GAJ Barcelona) organiza la VI Conferencia Europea sobre la problem\u00e1tica de la hipoteca multidivisa en Europa.<\/p>\n","protected":false},"author":2,"featured_media":28932,"comment_status":"open","ping_status":"closed","sticky":false,"template":"","format":"standard","meta":{"_acf_changed":false,"_jetpack_newsletter_access":"","_jetpack_dont_email_post_to_subs":false,"_jetpack_newsletter_tier_id":0,"_jetpack_memberships_contains_paywalled_content":false,"_jetpack_memberships_contains_paid_content":false,"footnotes":""},"categories":[43,191,1975,1137],"tags":[253,2893,2789],"class_list":["post-28925","post","type-post","status-publish","format-standard","has-post-thumbnail","hentry","category-asufin-destacado","category-eventos","category-europa","category-hipoteca-multidivisa","tag-barcelona","tag-gaj-barcelona","tag-icab"],"acf":[],"jetpack_featured_media_url":"https:\/\/i0.wp.com\/staging.asufin.com\/staging\/wp-content\/uploads\/2017\/04\/icab_fx_loans_759x500_v2-2.jpg?fit=2039%2C1200&ssl=1","jetpack_shortlink":"https:\/\/wp.me\/peayLa-7wx","jetpack_likes_enabled":false,"jetpack_sharing_enabled":true,"_links":{"self":[{"href":"https:\/\/staging.asufin.com\/staging\/wp-json\/wp\/v2\/posts\/28925","targetHints":{"allow":["GET"]}}],"collection":[{"href":"https:\/\/staging.asufin.com\/staging\/wp-json\/wp\/v2\/posts"}],"about":[{"href":"https:\/\/staging.asufin.com\/staging\/wp-json\/wp\/v2\/types\/post"}],"author":[{"embeddable":true,"href":"https:\/\/staging.asufin.com\/staging\/wp-json\/wp\/v2\/users\/2"}],"replies":[{"embeddable":true,"href":"https:\/\/staging.asufin.com\/staging\/wp-json\/wp\/v2\/comments?post=28925"}],"version-history":[{"count":1,"href":"https:\/\/staging.asufin.com\/staging\/wp-json\/wp\/v2\/posts\/28925\/revisions"}],"predecessor-version":[{"id":89748,"href":"https:\/\/staging.asufin.com\/staging\/wp-json\/wp\/v2\/posts\/28925\/revisions\/89748"}],"wp:featuredmedia":[{"embeddable":true,"href":"https:\/\/staging.asufin.com\/staging\/wp-json\/wp\/v2\/media\/28932"}],"wp:attachment":[{"href":"https:\/\/staging.asufin.com\/staging\/wp-json\/wp\/v2\/media?parent=28925"}],"wp:term":[{"taxonomy":"category","embeddable":true,"href":"https:\/\/staging.asufin.com\/staging\/wp-json\/wp\/v2\/categories?post=28925"},{"taxonomy":"post_tag","embeddable":true,"href":"https:\/\/staging.asufin.com\/staging\/wp-json\/wp\/v2\/tags?post=28925"}],"curies":[{"name":"wp","href":"https:\/\/api.w.org\/{rel}","templated":true}]}}