{"id":28987,"date":"2017-04-27T16:45:57","date_gmt":"2017-04-27T14:45:57","guid":{"rendered":"https:\/\/asufin.com\/?p=28987"},"modified":"2017-10-27T11:34:34","modified_gmt":"2017-10-27T11:34:34","slug":"asufin-firma-convenio-colaboracion-ayuntamiento-san-sebastian-los-reyes","status":"publish","type":"post","link":"https:\/\/staging.asufin.com\/staging\/asufin-firma-convenio-colaboracion-ayuntamiento-san-sebastian-los-reyes\/","title":{"rendered":"ASUFIN firma un Convenio de Colaboraci\u00f3n con el Ayuntamiento de San Sebasti\u00e1n de los Reyes"},"content":{"rendered":"<h5>\u00bb ASUFIN firma un Convenio de Colaboraci\u00f3n con el Ayuntamiento de San Sebasti\u00e1n de los Reyes\u00a0para prestar asesoramiento a los vecinos afectados por cl\u00e1usula suelo y otras cl\u00e1usulas abusivas.<\/h5>\n<h5>\u00bb Nuestros servicios jur\u00eddicos revisar\u00e1n las escrituras de los vecinos de San Sebasti\u00e1n de los Reyes de manera gratuita.<\/h5>\n<p>ASUFIN ha visitado hoy San Sebasti\u00e1n de los Reyes\u00a0(Madrid) para firmar un Acuerdo de Colaboraci\u00f3n que presta asesoramiento especializado a los afectados por cl\u00e1usulas suelo de la localidad. El Acuerdo ha sido firmado\u00a0por el Alcalde de la localidad, Narciso Romero, y la presidenta de\u00a0 ASUFIN, Patricia Su\u00e1rez. Tambi\u00e9n han estado presentes en la firma Carlos Hern\u00e1ndez, Responsable de Desarrollo Local, Jussara Malvar,\u00a0Concejala Bienestar Social, y Sara Valle, Responsable de la OMIC.<\/p>\n<p>Parte fundamental del Acuerdo es el apoyo de la alcald\u00eda para realizar consultas personalizadas que contar\u00e1n con el asesoramiento de varios de nuestros abogados, Almudena Vel\u00e1zquez y Alejandro Robles, \u00a0estar\u00e1n en el municipio atendiendo a los afectados.<\/p>\n<p>De esta manera, ASUFIN y el Ayuntamiento de San Sebasti\u00e1n de los Reyes, trabajar\u00e1n de forma conjunta para informar y asesorar a los consumidores; revisar sus hipotecas para detectar si tienen cl\u00e1usula suelo y hacerles de forma gratuita, un estudio sobre el dinero que los bancos les han cobrado de m\u00e1s y los intereses que les tienen que devolver.<\/p>\n<p>Tambi\u00e9n estamos colaborando con <a href=\"https:\/\/asufin.com\/category\/colaboraciones\/omic\/\" target=\"_blank\" rel=\"noopener\">diversos ayuntamientos<\/a> repartidos por toda la geograf\u00eda espa\u00f1ola, como son <a href=\"https:\/\/asufin.com\/2017\/03\/asufin-firma-convenio-colaboracion-ayuntamiento-cabanillas-del-campo\/\" target=\"_blank\" rel=\"noopener\">Cabanillas del Campo<\/a>, <a href=\"https:\/\/asufin.com\/2017\/03\/hipotecas-abusivas-exito-rota\/\" target=\"_blank\" rel=\"noopener\">Rota<\/a>, <a href=\"https:\/\/asufin.com\/2017\/04\/hipotecas-abusivas-exito-manilva\/\" target=\"_blank\" rel=\"noopener\">Manilva <\/a>y <a href=\"https:\/\/asufin.com\/2017\/02\/hipotecas-abusivas-rotundo-exito-don-benito\/\" target=\"_blank\" rel=\"noopener\">Don Benito<\/a>.\u00a0La asociaci\u00f3n est\u00e1 a punto de llegar a acuerdos con otros Ayuntamientos que permitan a sus ciudadanos recibir un asesoramiento especializado.<\/p>\n<div class=\"tiled-gallery type-rectangular tiled-gallery-unresized\" data-original-width=\"800\" data-carousel-extra='{&quot;blog_id&quot;:1,&quot;permalink&quot;:&quot;https:\\\/\\\/staging.asufin.com\\\/staging\\\/asufin-firma-convenio-colaboracion-ayuntamiento-san-sebastian-los-reyes\\\/&quot;,&quot;likes_blog_id&quot;:209385604}' itemscope itemtype=\"http:\/\/schema.org\/ImageGallery\" > <div class=\"gallery-row\" style=\"width: 800px; height: 221px;\" data-original-width=\"800\" data-original-height=\"221\" > <div class=\"gallery-group images-2\" style=\"width: 147px; height: 221px;\" data-original-width=\"147\" data-original-height=\"221\" > <div class=\"tiled-gallery-item tiled-gallery-item-small\" itemprop=\"associatedMedia\" itemscope itemtype=\"http:\/\/schema.org\/ImageObject\"> <a href=\"https:\/\/staging.asufin.com\/staging\/img_2216-2\/\" border=\"0\" itemprop=\"url\"> <meta itemprop=\"width\" content=\"143\"> <meta itemprop=\"height\" content=\"118\"> <img loading=\"lazy\" decoding=\"async\" class=\"\" data-attachment-id=\"28997\" data-orig-file=\"https:\/\/staging.asufin.com\/staging\/wp-content\/uploads\/2017\/04\/IMG_2216-1-2.png\" data-orig-size=\"2500,2067\" data-comments-opened=\"1\" data-image-meta=\"{&quot;aperture&quot;:&quot;0&quot;,&quot;credit&quot;:&quot;&quot;,&quot;camera&quot;:&quot;&quot;,&quot;caption&quot;:&quot;&quot;,&quot;created_timestamp&quot;:&quot;0&quot;,&quot;copyright&quot;:&quot;&quot;,&quot;focal_length&quot;:&quot;0&quot;,&quot;iso&quot;:&quot;0&quot;,&quot;shutter_speed&quot;:&quot;0&quot;,&quot;title&quot;:&quot;&quot;,&quot;orientation&quot;:&quot;0&quot;}\" data-image-title=\"IMG_2216\" data-image-description=\"\" data-medium-file=\"https:\/\/i0.wp.com\/staging.asufin.com\/staging\/wp-content\/uploads\/2017\/04\/IMG_2216-1-2.png?fit=300%2C248&#038;ssl=1\" data-large-file=\"https:\/\/i0.wp.com\/staging.asufin.com\/staging\/wp-content\/uploads\/2017\/04\/IMG_2216-1-2.png?fit=800%2C662&#038;ssl=1\" src=\"https:\/\/i0.wp.com\/staging.asufin.com\/staging\/wp-content\/uploads\/2017\/04\/IMG_2216-1-2.png?w=143&#038;h=118&#038;ssl=1\" srcset=\"https:\/\/i0.wp.com\/staging.asufin.com\/staging\/wp-content\/uploads\/2017\/04\/IMG_2216-1-2.png?w=2500&amp;ssl=1 2500w, https:\/\/i0.wp.com\/staging.asufin.com\/staging\/wp-content\/uploads\/2017\/04\/IMG_2216-1-2.png?resize=300%2C248&amp;ssl=1 300w, https:\/\/i0.wp.com\/staging.asufin.com\/staging\/wp-content\/uploads\/2017\/04\/IMG_2216-1-2.png?resize=768%2C635&amp;ssl=1 768w, https:\/\/i0.wp.com\/staging.asufin.com\/staging\/wp-content\/uploads\/2017\/04\/IMG_2216-1-2.png?resize=1024%2C847&amp;ssl=1 1024w, https:\/\/i0.wp.com\/staging.asufin.com\/staging\/wp-content\/uploads\/2017\/04\/IMG_2216-1-2.png?resize=600%2C496&amp;ssl=1 600w, https:\/\/i0.wp.com\/staging.asufin.com\/staging\/wp-content\/uploads\/2017\/04\/IMG_2216-1-2.png?resize=1320%2C1091&amp;ssl=1 1320w, https:\/\/i0.wp.com\/staging.asufin.com\/staging\/wp-content\/uploads\/2017\/04\/IMG_2216-1-2.png?w=1600&amp;ssl=1 1600w, https:\/\/i0.wp.com\/staging.asufin.com\/staging\/wp-content\/uploads\/2017\/04\/IMG_2216-1-2.png?w=2400&amp;ssl=1 2400w\" width=\"143\" height=\"118\" loading=\"lazy\" data-original-width=\"143\" data-original-height=\"118\" itemprop=\"http:\/\/schema.org\/image\" title=\"IMG_2216\" alt=\"De izq. a der. Patricia Su\u00e1rez, Narciso Romero y Jussara Malvar\" style=\"width: 143px; height: 118px;\" \/> <\/a> <div class=\"tiled-gallery-caption\" itemprop=\"caption description\"> De izq. a der. Patricia Su\u00e1rez, Narciso Romero y Jussara Malvar <\/div> <\/div> <div class=\"tiled-gallery-item tiled-gallery-item-small\" itemprop=\"associatedMedia\" itemscope itemtype=\"http:\/\/schema.org\/ImageObject\"> <a href=\"https:\/\/staging.asufin.com\/staging\/img_2183\/\" border=\"0\" itemprop=\"url\"> <meta itemprop=\"width\" content=\"143\"> <meta itemprop=\"height\" content=\"95\"> <img loading=\"lazy\" decoding=\"async\" class=\"\" data-attachment-id=\"29002\" data-orig-file=\"https:\/\/staging.asufin.com\/staging\/wp-content\/uploads\/2017\/04\/IMG_2183-2.png\" data-orig-size=\"1500,1000\" data-comments-opened=\"1\" data-image-meta=\"{&quot;aperture&quot;:&quot;0&quot;,&quot;credit&quot;:&quot;&quot;,&quot;camera&quot;:&quot;&quot;,&quot;caption&quot;:&quot;&quot;,&quot;created_timestamp&quot;:&quot;0&quot;,&quot;copyright&quot;:&quot;&quot;,&quot;focal_length&quot;:&quot;0&quot;,&quot;iso&quot;:&quot;0&quot;,&quot;shutter_speed&quot;:&quot;0&quot;,&quot;title&quot;:&quot;&quot;,&quot;orientation&quot;:&quot;0&quot;}\" data-image-title=\"IMG_2183\" data-image-description=\"\" data-medium-file=\"https:\/\/i0.wp.com\/staging.asufin.com\/staging\/wp-content\/uploads\/2017\/04\/IMG_2183-2.png?fit=300%2C200&#038;ssl=1\" data-large-file=\"https:\/\/i0.wp.com\/staging.asufin.com\/staging\/wp-content\/uploads\/2017\/04\/IMG_2183-2.png?fit=800%2C534&#038;ssl=1\" src=\"https:\/\/i0.wp.com\/staging.asufin.com\/staging\/wp-content\/uploads\/2017\/04\/IMG_2183-2.png?w=143&#038;h=95&#038;ssl=1\" srcset=\"https:\/\/i0.wp.com\/staging.asufin.com\/staging\/wp-content\/uploads\/2017\/04\/IMG_2183-2.png?w=1500&amp;ssl=1 1500w, https:\/\/i0.wp.com\/staging.asufin.com\/staging\/wp-content\/uploads\/2017\/04\/IMG_2183-2.png?resize=300%2C200&amp;ssl=1 300w, https:\/\/i0.wp.com\/staging.asufin.com\/staging\/wp-content\/uploads\/2017\/04\/IMG_2183-2.png?resize=768%2C512&amp;ssl=1 768w, https:\/\/i0.wp.com\/staging.asufin.com\/staging\/wp-content\/uploads\/2017\/04\/IMG_2183-2.png?resize=1024%2C683&amp;ssl=1 1024w, https:\/\/i0.wp.com\/staging.asufin.com\/staging\/wp-content\/uploads\/2017\/04\/IMG_2183-2.png?resize=600%2C400&amp;ssl=1 600w, https:\/\/i0.wp.com\/staging.asufin.com\/staging\/wp-content\/uploads\/2017\/04\/IMG_2183-2.png?resize=100%2C65&amp;ssl=1 100w, https:\/\/i0.wp.com\/staging.asufin.com\/staging\/wp-content\/uploads\/2017\/04\/IMG_2183-2.png?resize=260%2C170&amp;ssl=1 260w, https:\/\/i0.wp.com\/staging.asufin.com\/staging\/wp-content\/uploads\/2017\/04\/IMG_2183-2.png?resize=360%2C240&amp;ssl=1 360w, https:\/\/i0.wp.com\/staging.asufin.com\/staging\/wp-content\/uploads\/2017\/04\/IMG_2183-2.png?resize=759%2C500&amp;ssl=1 759w, https:\/\/i0.wp.com\/staging.asufin.com\/staging\/wp-content\/uploads\/2017\/04\/IMG_2183-2.png?resize=1320%2C880&amp;ssl=1 1320w\" width=\"143\" height=\"95\" loading=\"lazy\" data-original-width=\"143\" data-original-height=\"95\" itemprop=\"http:\/\/schema.org\/image\" title=\"IMG_2183\" alt=\"De izq. a der. Carlos Hern\u00e1ndez, Responsable de Desarrollo Local, Patricia Su\u00e1rez, Presidenta de ASUFIN, Narciso Romero, alcalde de San Sebasti\u00e1n de los Reyes, Jussara Malvar, Concejala de Bienestar Social y Sara Valle, Responsable de la OMIC\" style=\"width: 143px; height: 95px;\" \/> <\/a> <div class=\"tiled-gallery-caption\" itemprop=\"caption description\"> De izq. a der. Carlos Hern\u00e1ndez, Responsable de Desarrollo Local, Patricia Su\u00e1rez, Presidenta de ASUFIN, Narciso Romero, alcalde de San Sebasti\u00e1n de los Reyes, Jussara Malvar, Concejala de Bienestar Social y Sara Valle, Responsable de la OMIC <\/div> <\/div> <\/div> <!-- close group --> <div class=\"gallery-group images-1\" style=\"width: 308px; height: 221px;\" data-original-width=\"308\" data-original-height=\"221\" > <div class=\"tiled-gallery-item tiled-gallery-item-large\" itemprop=\"associatedMedia\" itemscope itemtype=\"http:\/\/schema.org\/ImageObject\"> <a href=\"https:\/\/staging.asufin.com\/staging\/img_2210\/\" border=\"0\" itemprop=\"url\"> <meta itemprop=\"width\" content=\"304\"> <meta itemprop=\"height\" content=\"217\"> <img loading=\"lazy\" decoding=\"async\" class=\"\" data-attachment-id=\"28991\" data-orig-file=\"https:\/\/staging.asufin.com\/staging\/wp-content\/uploads\/2017\/04\/IMG_2210-3.png\" data-orig-size=\"2500,1790\" data-comments-opened=\"1\" data-image-meta=\"{&quot;aperture&quot;:&quot;0&quot;,&quot;credit&quot;:&quot;&quot;,&quot;camera&quot;:&quot;&quot;,&quot;caption&quot;:&quot;&quot;,&quot;created_timestamp&quot;:&quot;0&quot;,&quot;copyright&quot;:&quot;&quot;,&quot;focal_length&quot;:&quot;0&quot;,&quot;iso&quot;:&quot;0&quot;,&quot;shutter_speed&quot;:&quot;0&quot;,&quot;title&quot;:&quot;&quot;,&quot;orientation&quot;:&quot;0&quot;}\" data-image-title=\"IMG_2210\" data-image-description=\"\" data-medium-file=\"https:\/\/i0.wp.com\/staging.asufin.com\/staging\/wp-content\/uploads\/2017\/04\/IMG_2210-3.png?fit=300%2C215&#038;ssl=1\" data-large-file=\"https:\/\/i0.wp.com\/staging.asufin.com\/staging\/wp-content\/uploads\/2017\/04\/IMG_2210-3.png?fit=800%2C573&#038;ssl=1\" src=\"https:\/\/i0.wp.com\/staging.asufin.com\/staging\/wp-content\/uploads\/2017\/04\/IMG_2210-3.png?w=304&#038;h=217&#038;ssl=1\" srcset=\"https:\/\/i0.wp.com\/staging.asufin.com\/staging\/wp-content\/uploads\/2017\/04\/IMG_2210-3.png?w=2500&amp;ssl=1 2500w, https:\/\/i0.wp.com\/staging.asufin.com\/staging\/wp-content\/uploads\/2017\/04\/IMG_2210-3.png?resize=300%2C215&amp;ssl=1 300w, https:\/\/i0.wp.com\/staging.asufin.com\/staging\/wp-content\/uploads\/2017\/04\/IMG_2210-3.png?resize=768%2C550&amp;ssl=1 768w, https:\/\/i0.wp.com\/staging.asufin.com\/staging\/wp-content\/uploads\/2017\/04\/IMG_2210-3.png?resize=1024%2C733&amp;ssl=1 1024w, https:\/\/i0.wp.com\/staging.asufin.com\/staging\/wp-content\/uploads\/2017\/04\/IMG_2210-3.png?resize=600%2C430&amp;ssl=1 600w, https:\/\/i0.wp.com\/staging.asufin.com\/staging\/wp-content\/uploads\/2017\/04\/IMG_2210-3.png?resize=1320%2C945&amp;ssl=1 1320w, https:\/\/i0.wp.com\/staging.asufin.com\/staging\/wp-content\/uploads\/2017\/04\/IMG_2210-3.png?w=1600&amp;ssl=1 1600w, https:\/\/i0.wp.com\/staging.asufin.com\/staging\/wp-content\/uploads\/2017\/04\/IMG_2210-3.png?w=2400&amp;ssl=1 2400w\" width=\"304\" height=\"217\" loading=\"lazy\" data-original-width=\"304\" data-original-height=\"217\" itemprop=\"http:\/\/schema.org\/image\" title=\"IMG_2210\" alt=\"Carlos Hern\u00e1ndez y Patricia Su\u00e1rez\" style=\"width: 304px; height: 217px;\" \/> <\/a> <div class=\"tiled-gallery-caption\" itemprop=\"caption description\"> Carlos Hern\u00e1ndez y Patricia Su\u00e1rez <\/div> <\/div> <\/div> <!-- close group --> <div class=\"gallery-group images-1\" style=\"width: 345px; height: 221px;\" data-original-width=\"345\" data-original-height=\"221\" > <div class=\"tiled-gallery-item tiled-gallery-item-large\" itemprop=\"associatedMedia\" itemscope itemtype=\"http:\/\/schema.org\/ImageObject\"> <a href=\"https:\/\/staging.asufin.com\/staging\/img_2193-2\/\" border=\"0\" itemprop=\"url\"> <meta itemprop=\"width\" content=\"341\"> <meta itemprop=\"height\" content=\"217\"> <img loading=\"lazy\" decoding=\"async\" class=\"\" data-attachment-id=\"28994\" data-orig-file=\"https:\/\/staging.asufin.com\/staging\/wp-content\/uploads\/2017\/04\/IMG_2193-1-2.png\" data-orig-size=\"2500,1593\" data-comments-opened=\"1\" data-image-meta=\"{&quot;aperture&quot;:&quot;0&quot;,&quot;credit&quot;:&quot;&quot;,&quot;camera&quot;:&quot;&quot;,&quot;caption&quot;:&quot;&quot;,&quot;created_timestamp&quot;:&quot;0&quot;,&quot;copyright&quot;:&quot;&quot;,&quot;focal_length&quot;:&quot;0&quot;,&quot;iso&quot;:&quot;0&quot;,&quot;shutter_speed&quot;:&quot;0&quot;,&quot;title&quot;:&quot;&quot;,&quot;orientation&quot;:&quot;0&quot;}\" data-image-title=\"IMG_2193\" data-image-description=\"\" data-medium-file=\"https:\/\/i0.wp.com\/staging.asufin.com\/staging\/wp-content\/uploads\/2017\/04\/IMG_2193-1-2.png?fit=300%2C191&#038;ssl=1\" data-large-file=\"https:\/\/i0.wp.com\/staging.asufin.com\/staging\/wp-content\/uploads\/2017\/04\/IMG_2193-1-2.png?fit=800%2C509&#038;ssl=1\" src=\"https:\/\/i0.wp.com\/staging.asufin.com\/staging\/wp-content\/uploads\/2017\/04\/IMG_2193-1-2.png?w=341&#038;h=217&#038;ssl=1\" srcset=\"https:\/\/i0.wp.com\/staging.asufin.com\/staging\/wp-content\/uploads\/2017\/04\/IMG_2193-1-2.png?w=2500&amp;ssl=1 2500w, https:\/\/i0.wp.com\/staging.asufin.com\/staging\/wp-content\/uploads\/2017\/04\/IMG_2193-1-2.png?resize=300%2C191&amp;ssl=1 300w, https:\/\/i0.wp.com\/staging.asufin.com\/staging\/wp-content\/uploads\/2017\/04\/IMG_2193-1-2.png?resize=768%2C489&amp;ssl=1 768w, https:\/\/i0.wp.com\/staging.asufin.com\/staging\/wp-content\/uploads\/2017\/04\/IMG_2193-1-2.png?resize=1024%2C652&amp;ssl=1 1024w, https:\/\/i0.wp.com\/staging.asufin.com\/staging\/wp-content\/uploads\/2017\/04\/IMG_2193-1-2.png?resize=600%2C382&amp;ssl=1 600w, https:\/\/i0.wp.com\/staging.asufin.com\/staging\/wp-content\/uploads\/2017\/04\/IMG_2193-1-2.png?resize=100%2C65&amp;ssl=1 100w, https:\/\/i0.wp.com\/staging.asufin.com\/staging\/wp-content\/uploads\/2017\/04\/IMG_2193-1-2.png?resize=1320%2C841&amp;ssl=1 1320w, https:\/\/i0.wp.com\/staging.asufin.com\/staging\/wp-content\/uploads\/2017\/04\/IMG_2193-1-2.png?w=1600&amp;ssl=1 1600w, https:\/\/i0.wp.com\/staging.asufin.com\/staging\/wp-content\/uploads\/2017\/04\/IMG_2193-1-2.png?w=2400&amp;ssl=1 2400w\" width=\"341\" height=\"217\" loading=\"lazy\" data-original-width=\"341\" data-original-height=\"217\" itemprop=\"http:\/\/schema.org\/image\" title=\"IMG_2193\" alt=\"De izq. a der. Carlos Hern\u00e1ndez, Responsable de Desarrollo Local, Patricia Su\u00e1rez, Presidenta de ASUFIN, Narciso Romero, alcalde de San Sebasti\u00e1n de los Reyes, Jussara Malvar, Concejala de Bienestar Social y Sara Valle, Responsable de la OMIC\" style=\"width: 341px; height: 217px;\" \/> <\/a> <div class=\"tiled-gallery-caption\" itemprop=\"caption description\"> De izq. a der. Carlos Hern\u00e1ndez, Responsable de Desarrollo Local, Patricia Su\u00e1rez, Presidenta de ASUFIN, Narciso Romero, alcalde de San Sebasti\u00e1n de los Reyes, Jussara Malvar, Concejala de Bienestar Social y Sara Valle, Responsable de la OMIC <\/div> <\/div> <\/div> <!-- close group --> <\/div> <!-- close row --> <\/div>\n<p>[divider]OTROS MEDIOS[\/divider]<\/p>\n<p><a href=\"http:\/\/cadenaser.com\/emisora\/2017\/04\/24\/ser_madrid_norte\/1493039324_761939.html\" target=\"_blank\" rel=\"noopener\">Cadena Ser<\/a><\/p>\n<p><a href=\"http:\/\/www.lavanguardia.com\/local\/madrid\/20170420\/421875768531\/san-sebastian-de-los-reyes-da-asesoramiento-gratuito-de-clausulas-abusivas.html\" target=\"_blank\" rel=\"noopener\">La Vanguardia<\/a><\/p>\n<p><a href=\"http:\/\/www.ssreyes.org\/es\/cargarAplicacionNoticia.do?idCategoria=0&amp;fechaDesde=&amp;texto=&amp;identificador=3706&amp;fechaHasta=\" target=\"_blank\" rel=\"noopener\">Ayuntamiento\u00a0San Sebasti\u00e1n de los Reyes<\/a><\/p>\n<p><a href=\"http:\/\/www.cronicanorte.es\/sanse-asesora-de-forma-gratuita-sobre-las-clausulas-abusivas-en-hipotecas\/112734\" target=\"_blank\" rel=\"noopener\">Cr\u00f3nica Norte<\/a><\/p>\n<p><a href=\"http:\/\/ecodiario.eleconomista.es\/politica\/noticias\/8164808\/02\/17\/San-Sebastian-de-los-Reyes-ayuda-a-los-afectados-por-las-clausulas-suelo.html\" target=\"_blank\" rel=\"noopener\">Ecodiario<\/a><\/p>\n<p><a href=\"http:\/\/www.gentedigital.es\/san-sebastian-de-los-reyes\/noticia\/2136175\/los-afectados-por-clausulas-suelo-tendran-asesoramiento\/\" target=\"_blank\" rel=\"noopener\">Gente Digital<\/a><\/p>\n<p>&nbsp;<\/p>\n","protected":false},"excerpt":{"rendered":"<p>>>ASUFIN firma un Convenio de Colaboraci\u00f3n con el Ayuntamiento de San Sebasti\u00e1n de los Reyes para prestar asesoramiento a los vecinos afectados por cl\u00e1usula suelo y otras cl\u00e1usulas bancarias abusivas<\/p>\n","protected":false},"author":2,"featured_media":28995,"comment_status":"open","ping_status":"closed","sticky":false,"template":"page-asufin-noticia.php","format":"standard","meta":{"_acf_changed":false,"_jetpack_newsletter_access":"","_jetpack_dont_email_post_to_subs":false,"_jetpack_newsletter_tier_id":0,"_jetpack_memberships_contains_paywalled_content":false,"_jetpack_memberships_contains_paid_content":false,"footnotes":""},"categories":[43,191,2809,44],"tags":[738,2896,2843,2823,2897],"class_list":["post-28987","post","type-post","status-publish","format-standard","has-post-thumbnail","hentry","category-asufin-destacado","category-eventos","category-omic","category-wonder-woman","tag-carlos-hernandez","tag-jussara-malvar","tag-narciso-romero","tag-san-sebastian-de-los-reyes","tag-sanse"],"acf":[],"jetpack_featured_media_url":"https:\/\/i0.wp.com\/staging.asufin.com\/staging\/wp-content\/uploads\/2017\/04\/IMG_2206-1-2.png?fit=2500%2C1452&ssl=1","jetpack_shortlink":"https:\/\/wp.me\/peayLa-7xx","jetpack_likes_enabled":false,"jetpack_sharing_enabled":true,"_links":{"self":[{"href":"https:\/\/staging.asufin.com\/staging\/wp-json\/wp\/v2\/posts\/28987","targetHints":{"allow":["GET"]}}],"collection":[{"href":"https:\/\/staging.asufin.com\/staging\/wp-json\/wp\/v2\/posts"}],"about":[{"href":"https:\/\/staging.asufin.com\/staging\/wp-json\/wp\/v2\/types\/post"}],"author":[{"embeddable":true,"href":"https:\/\/staging.asufin.com\/staging\/wp-json\/wp\/v2\/users\/2"}],"replies":[{"embeddable":true,"href":"https:\/\/staging.asufin.com\/staging\/wp-json\/wp\/v2\/comments?post=28987"}],"version-history":[{"count":0,"href":"https:\/\/staging.asufin.com\/staging\/wp-json\/wp\/v2\/posts\/28987\/revisions"}],"wp:featuredmedia":[{"embeddable":true,"href":"https:\/\/staging.asufin.com\/staging\/wp-json\/wp\/v2\/media\/28995"}],"wp:attachment":[{"href":"https:\/\/staging.asufin.com\/staging\/wp-json\/wp\/v2\/media?parent=28987"}],"wp:term":[{"taxonomy":"category","embeddable":true,"href":"https:\/\/staging.asufin.com\/staging\/wp-json\/wp\/v2\/categories?post=28987"},{"taxonomy":"post_tag","embeddable":true,"href":"https:\/\/staging.asufin.com\/staging\/wp-json\/wp\/v2\/tags?post=28987"}],"curies":[{"name":"wp","href":"https:\/\/api.w.org\/{rel}","templated":true}]}}